{"id":7553,"date":"2024-12-23T03:09:30","date_gmt":"2024-12-23T07:09:30","guid":{"rendered":"https:\/\/noticiasveraces.com\/?p=7553"},"modified":"2024-12-23T03:09:30","modified_gmt":"2024-12-23T07:09:30","slug":"nissan-y-honda-negocian-su-fusion-segun-gobierno-japones-dw-23-12-2024","status":"publish","type":"post","link":"https:\/\/noticiasveraces.com\/?p=7553","title":{"rendered":"Nissan y Honda negocian su fusi\u00f3n, seg\u00fan Gobierno japon\u00e9s \u2013 DW \u2013 23\/12\/2024"},"content":{"rendered":"<p> \n<\/p>\n<div>\n<p>Las compa\u00f1\u00edas automovil\u00edsticas japonesas Nissan Motor y Honda Motor comenzaron este lunes (23.12.2024) negociaciones para su fusi\u00f3n, seg\u00fan adelant\u00f3 la agencia Kyodo citando a un funcionario del Gobierno japon\u00e9s, que agreg\u00f3 que el Ejecutivo ya ha sido informado sobre el inicio de las mismas .<\/p>\n<p>Este lunes, ambas compa\u00f1\u00edas, dos de las principales del pa\u00eds asi\u00e1tico, celebrar\u00e1n una rueda de prensa donde se espera que anuncien tambi\u00e9n el inicio de las conversaciones, que dar\u00edan lugar al tercer mayor fabricante mundial del autom\u00f3vil por volumen de ventas, por detr\u00e1s de la tambi\u00e9n la nipona Toyota Motor y la alemana Volkswagen AG.<\/p>\n<p>Las dos empresas planean concluir sus negociaciones de fusi\u00f3n en junio, tras iniciarlas esta semana, seg\u00fan adelant\u00f3 tambi\u00e9n Kyodo, citando fuentes cercanas, mientras que la cadena p\u00fablica japonesa NHK apunt\u00f3 a que el &#8216;holding&#8217; quedar\u00eda listo para el verano de 2026.<\/p>\n<p>Se esperaba que responsables de ambas compa\u00f1\u00edas visitaran este lunes la sede del Ministerio de Econom\u00eda, Comercio e Industria y del Ministerio de Tierra, Infraestructura, Transporte y Turismo para informar sobre el inicio de las negociaciones.<\/p>\n<p>Tambi\u00e9n hoy, Honda y Nissan celebrar\u00e1n una reuni\u00f3n de su directiva y firmar\u00e1n un memorando de entendimiento. <\/p>\n<p>Tras saltar las primeras informaciones sobre la eventual fusi\u00f3n la semana pasada, ambas admitieron en comunicados independientes \u00abestar explorando varias v\u00edas de colaboraci\u00f3n futura, aprovechando las fortalezas de cada una\u00bb, pero descartaron que lo adelantado por medios fuera \u00abalgo anunciado por ninguna de las compa\u00f1\u00edas\u00bb.<\/p>\n<p><span data-slot-id=\"Article_InContent-1\" class=\"rich-text-ad\"\/><\/p>\n<h2>Industria automovil\u00edstica nipona dividida<\/h2>\n<p>En marzo, Nissan desvel\u00f3 que estaba en conversaciones con Honda para la posible creaci\u00f3n de una alianza en materia de producci\u00f3n de componentes y &#8216;software&#8217; para veh\u00edculos el\u00e9ctricos, con vistas a reducir costes y potenciar su competitividad en plena expansi\u00f3n de este mercado.<\/p>\n<p>En agosto, Mitsubishi Motors, de la que Nissan posee el 34 %, se uni\u00f3 a las negociaciones para formar parte de la hipot\u00e9tica alianza.<\/p>\n<p>La informaci\u00f3n sobre la posible fusi\u00f3n que dejar\u00eda la industria automovil\u00edstica nipona dividida en dos grandes grupos -la nueva empresa conjunta y el configurada por Toyota- llega despu\u00e9s de que el gigante taiwan\u00e9s de la electr\u00f3nica Hon Hai Precision Industry expresara supuestamente su inter\u00e9s en adquirir parte de Nissan.<\/p>\n<p>La firma con sede en Yokohama habr\u00eda acelerado sus contactos con Honda con vistas a evitar la oferta de compra de la empresa taiwanesa tambi\u00e9n conocida como Foxconn, interesada en sus capacidades de desarrollo de veh\u00edculos el\u00e9ctricos, as\u00ed como en su tecnolog\u00eda de fabricaci\u00f3n, seg\u00fan Nikkei.<\/p>\n<p>Este lunes, Nissan, tras el descanso de la sesi\u00f3n de medios en la Bolsa de Tokio, bajaba cerca de un 1 %, mientras que Honda sub\u00eda cerca de un 1,5 %.<\/p>\n<p>mg (efe, Reuters)<\/p>\n<div class=\"vjs-wrapper embed big\">\n<h2 aria-label=\"Video integrado \u2014 Jap\u00f3n: un caf\u00e9 para enfermos de demencia\" class=\"headline\"><svg xmlns=\"http:\/\/www.w3.org\/2000\/svg\" viewbox=\"0 0 20 20\"><g fill-rule=\"evenodd\"><path d=\"M14.114 7.599H13.5l.002 4.706h.601l4.582 3.25-.005-11.11zM11.084 4.444l-9.007.002-1.336.797.002 9.514 1.334.793 9.007.006 1.509-.799-.004-9.516z\"\/><\/g><\/svg>Jap\u00f3n: un caf\u00e9 para enfermos de demencia<\/h2>\n<p><video id=\"video-70736647\" controls=\"\" playsinline=\"\" preload=\"none\" poster=\"data:image\/png;base64,iVBORw0KGgoAAAANSUhEUgAAAAEAAAABCAQAAAC1HAwCAAAAC0lEQVR42mNkYAAAAAYAAjCB0C8AAAAASUVORK5CYII=\" data-id=\"70736647\" data-posterurl=\"https:\/\/static.dw.com\/image\/70737634_605.webp\" data-duration=\"05:02\"><source src=\"https:\/\/hlsvod.dw.com\/i\/dwtv_video\/flv\/gls\/gls20241111_JapanDemenz_,AVC_480x270,AVC_512x288,AVC_640x360,AVC_960x540,AVC_1280x720,AVC_1920x1080,.mp4.csmil\/master.m3u8\" type=\"application\/x-mpegURL\"><source src=\"https:\/\/tvdownloaddw-a.akamaihd.net\/dwtv_video\/flv\/gls\/gls20241111_JapanDemenz_AVC_1920x1080.mp4\" type=\"video\/mp4\"><track src=\"https:\/\/www.dw.com\/media\/subtitles\/70854747\" srclang=\"es\" label=\"SPANISH\" default=\"\"><p class=\"vjs-no-js\">Para ver este video, habilite JavaScript y considere actualizar a un navegador web que admita videos HTML5.<\/p>\n<\/track><\/source><\/source><\/video><\/div>\n<\/div>\n\n","protected":false},"excerpt":{"rendered":"<p>Las compa\u00f1\u00edas automovil\u00edsticas japonesas Nissan Motor y Honda Motor comenzaron este lunes (23.12.2024) negociaciones para su fusi\u00f3n, seg\u00fan adelant\u00f3 la agencia Kyodo citando a un funcionario del Gobierno japon\u00e9s, que agreg\u00f3 que el Ejecutivo ya ha sido informado sobre el inicio de las mismas . Este lunes, ambas compa\u00f1\u00edas, dos de las principales del pa\u00eds &hellip;<\/p>\n","protected":false},"author":1,"featured_media":7554,"comment_status":"open","ping_status":"open","sticky":false,"template":"","format":"standard","meta":{"fifu_image_url":"https:\/\/static.dw.com\/image\/71089626_6.jpg","fifu_image_alt":"","footnotes":""},"categories":[13],"tags":[],"class_list":["post-7553","post","type-post","status-publish","format-standard","has-post-thumbnail","","category-mundo"],"_links":{"self":[{"href":"https:\/\/noticiasveraces.com\/index.php?rest_route=\/wp\/v2\/posts\/7553","targetHints":{"allow":["GET"]}}],"collection":[{"href":"https:\/\/noticiasveraces.com\/index.php?rest_route=\/wp\/v2\/posts"}],"about":[{"href":"https:\/\/noticiasveraces.com\/index.php?rest_route=\/wp\/v2\/types\/post"}],"author":[{"embeddable":true,"href":"https:\/\/noticiasveraces.com\/index.php?rest_route=\/wp\/v2\/users\/1"}],"replies":[{"embeddable":true,"href":"https:\/\/noticiasveraces.com\/index.php?rest_route=%2Fwp%2Fv2%2Fcomments&post=7553"}],"version-history":[{"count":0,"href":"https:\/\/noticiasveraces.com\/index.php?rest_route=\/wp\/v2\/posts\/7553\/revisions"}],"wp:featuredmedia":[{"embeddable":true,"href":"https:\/\/noticiasveraces.com\/index.php?rest_route=\/wp\/v2\/media\/7554"}],"wp:attachment":[{"href":"https:\/\/noticiasveraces.com\/index.php?rest_route=%2Fwp%2Fv2%2Fmedia&parent=7553"}],"wp:term":[{"taxonomy":"category","embeddable":true,"href":"https:\/\/noticiasveraces.com\/index.php?rest_route=%2Fwp%2Fv2%2Fcategories&post=7553"},{"taxonomy":"post_tag","embeddable":true,"href":"https:\/\/noticiasveraces.com\/index.php?rest_route=%2Fwp%2Fv2%2Ftags&post=7553"}],"curies":[{"name":"wp","href":"https:\/\/api.w.org\/{rel}","templated":true}]}}