{"id":7550,"date":"2024-12-23T03:04:12","date_gmt":"2024-12-23T07:04:12","guid":{"rendered":"https:\/\/noticiasveraces.com\/?p=7550"},"modified":"2024-12-23T03:04:12","modified_gmt":"2024-12-23T07:04:12","slug":"lufthansa-multada-con-4-millones-de-dolares-por-discriminar-a-pasajeros-judios","status":"publish","type":"post","link":"https:\/\/noticiasveraces.com\/?p=7550","title":{"rendered":"Lufthansa multada con 4 millones de d\u00f3lares por discriminar a pasajeros jud\u00edos"},"content":{"rendered":"<p> \n<\/p>\n<div>\n<p class=\"\">La aerol\u00ednea insignia de Alemania ha sido multada con 4 millones de d\u00f3lares por el Departamento de Transporte de Estados Unidos por acusaciones de discriminaci\u00f3n contra un grupo de pasajeros jud\u00edos.<\/p>\n<p class=\"\">El regulador dijo el martes que Lufthansa hab\u00eda prohibido a 128 personas vestidas con ropa tradicional jud\u00eda ortodoxa abordar un vuelo de conexi\u00f3n en Alemania mientras se dirig\u00edan de la ciudad de Nueva York a Budapest, Hungr\u00eda, en mayo de 2022.<\/p>\n<p class=\"\">\u00abBasado en la supuesta mala conducta de algunos pasajeros\u00bb, dijo el DOT, el personal de Lufthansa \u00ablos trat\u00f3 a todos como si fueran un solo grupo y les neg\u00f3 el embarque\u00bb, a pesar de que muchos de los pasajeros no se conoc\u00edan ni viajaban juntos.<\/p>\n<p class=\"\">Algunos individuos del grupo supuestamente violaron la pol\u00edtica de m\u00e1scaras de la aerol\u00ednea. El video del incidente en ese momento mostr\u00f3 al personal de Lufthansa dici\u00e9ndoles a los pasajeros que \u201ctodos tienen que pagar\u201d por los errores de unos pocos, y luego definiendo a \u201ctodos\u201d como \u201cjud\u00edos provenientes de JFK\u201d. En ese momento, los medios alemanes informaron que el personal neg\u00f3 el embarque a personas que determinaron que eran jud\u00edas porque llevaban una kip\u00e1 (un gorro jud\u00edo) o ten\u00edan cerraduras laterales (conocidas como payot en hebreo).<\/p>\n<p class=\"\">La multa es la mayor jam\u00e1s impuesta por el DOT contra una aerol\u00ednea por una violaci\u00f3n de los derechos civiles.<\/p>\n<p class=\"\">\u00abNadie deber\u00eda sufrir discriminaci\u00f3n cuando viaja, y la acci\u00f3n de hoy env\u00eda un mensaje claro a la industria a\u00e9rea de que estamos preparados para investigar y tomar medidas siempre que se violen los derechos civiles de los pasajeros\u00bb, dijo el secretario de Transporte de Estados Unidos, Pete Buttigieg, en un comunicado.<\/p>\n<figure class=\"styles_inlineImage__yAWZ0 styles_medium__OMa6x\"><picture class=\"styles_image__1qciH\" data-testid=\"picture\"><source media=\"(min-width: 1000px)\" srcset=\"https:\/\/media-cldnry.s-nbcnews.com\/image\/upload\/t_fit-560w,f_avif,q_auto:eco,dpr_2\/rockcms\/2024-10\/241015-Lufthansa-al-1001-eaa467.jpg 2x, https:\/\/media-cldnry.s-nbcnews.com\/image\/upload\/t_fit-560w,f_auto,q_auto:best\/rockcms\/2024-10\/241015-Lufthansa-al-1001-eaa467.jpg 1x\"\/><source media=\"(min-width: 320px)\" srcset=\"https:\/\/media-cldnry.s-nbcnews.com\/image\/upload\/t_fit-760w,f_avif,q_auto:eco,dpr_2\/rockcms\/2024-10\/241015-Lufthansa-al-1001-eaa467.jpg 2x, https:\/\/media-cldnry.s-nbcnews.com\/image\/upload\/t_fit-760w,f_auto,q_auto:best\/rockcms\/2024-10\/241015-Lufthansa-al-1001-eaa467.jpg 1x\"\/><img decoding=\"async\" loading=\"lazy\" src=\"https:\/\/media-cldnry.s-nbcnews.com\/image\/upload\/t_fit-760w,f_auto,q_auto:best\/rockcms\/2024-10\/241015-Lufthansa-al-1001-eaa467.jpg\" alt=\"Lufthansa \" height=\"1667\" width=\"2500\"\/><\/picture><figcaption class=\"caption styles_caption__Pe5JC\" data-testid=\"caption\"><span class=\"caption__container\" data-testid=\"caption__container\">Aviones de Lufthansa en el aeropuerto de Frankfurt en Frankfurt, Alemania, el 17 de febrero de 2023.<\/span><span class=\"caption__source\" data-testid=\"caption__source\">Andre Pain \/ AFP v\u00eda archivo Getty Images <\/span><\/figcaption><\/figure>\n<p class=\"\">La embajadora Deborah Lipstadt, enviada especial de la administraci\u00f3n Biden contra el antisemitismo, dijo a NBC News en 2022 que los detalles de c\u00f3mo la aerol\u00ednea hab\u00eda tratado a los pasajeros eran \u201cincre\u00edbles\u201d.<\/p>\n<p class=\"\">\u201c[When] La primera vez que lo escuch\u00e9 dije: &#8216;Oh, esto debe estar mal&#8217;. Alguien debe estar informando mal de esto. Y luego, por supuesto, result\u00f3 ser exactamente correcto, y peor de lo que pens\u00e1bamos\u201d, dijo.<\/p>\n<p class=\"\">En un comunicado el martes, la aerol\u00ednea dijo que hab\u00eda cooperado plenamente con el DOT mientras llevaba a cabo su investigaci\u00f3n y que se hab\u00eda asociado con el Comit\u00e9 Jud\u00edo Estadounidense a ra\u00edz del incidente. <\/p>\n<p class=\"\">\u00abA trav\u00e9s de nuestra colaboraci\u00f3n continua, hemos creado un programa de capacitaci\u00f3n, el primero de su tipo en la industria a\u00e9rea, para que nuestros gerentes y empleados aborden el antisemitismo y la discriminaci\u00f3n\u00bb, dijo. \u00abLufthansa se dedica a ser embajadora de buena voluntad, tolerancia, diversidad y aceptaci\u00f3n\u00bb.<\/p>\n<p class=\"\">En ese momento, la aerol\u00ednea se disculp\u00f3 por el incidente y dijo que ten\u00eda \u201ctolerancia cero hacia el racismo, el antisemitismo y la discriminaci\u00f3n de cualquier tipo\u201d.<\/p>\n<p class=\"endmark\">Lipstadt dijo en 2022: \u201cSi alguna aerol\u00ednea lo hubiera hecho, habr\u00eda sido escandaloso. Pero la terrible y espantosa iron\u00eda de que viniera de la aerol\u00ednea nacional alemana fue escandalosa\u201d.<\/p>\n<\/div>\n<div>\n<div class=\"expanded-byline-contributors articleBylineContainer\">\n<div class=\"expanded-byline article-expanded-byline\" data-activity-map=\"expanded-byline-article-bottom\">\n<div class=\"byline-thumbnail byline-thumbnail--has-image expanded-byline__thumbnail\" data-testid=\"byline-thumbnail\"><picture data-testid=\"picture\"><source media=\"(min-width: 320px)\" srcset=\"https:\/\/media-cldnry.s-nbcnews.com\/image\/upload\/t_focal-60x60,f_avif,q_auto:eco,dpr_2\/newscms\/2022_13\/3544534\/xyndgjrf_400x400.jpeg 2x, https:\/\/media-cldnry.s-nbcnews.com\/image\/upload\/t_focal-60x60,f_auto,q_auto:best\/newscms\/2022_13\/3544534\/xyndgjrf_400x400.jpeg 1x\"\/><img decoding=\"async\" loading=\"lazy\" src=\"https:\/\/media-cldnry.s-nbcnews.com\/image\/upload\/t_focal-60x60,f_auto,q_auto:best\/newscms\/2022_13\/3544534\/xyndgjrf_400x400.jpeg\" alt=\"\" height=\"48\" width=\"48\"\/><\/picture><\/div>\n<p><span class=\"byline-name expanded-byline__name\" data-testid=\"byline-name\">Rob Wile<\/span><span class=\"byline-social expanded-byline__social\"><span class=\"icon icon-twitter\"\/><span class=\"icon icon-email\"\/><\/span><\/p>\n<div class=\"expanded-byline__bio-wrapper\">\n<p class=\"byline-bio expanded-byline__bio\">Rob Wile es un periodista ganador del premio Pulitzer que cubre noticias empresariales de \u00faltima hora para NBCNews.com.<\/p>\n<\/div>\n<\/div>\n<p>Jose Lederman<!-- --> y <!-- -->Olimpia Sonnier<!-- --> <!-- -->contribuido<!-- -->.<\/p>\n<\/div>\n<\/div>\n\n","protected":false},"excerpt":{"rendered":"<p>La aerol\u00ednea insignia de Alemania ha sido multada con 4 millones de d\u00f3lares por el Departamento de Transporte de Estados Unidos por acusaciones de discriminaci\u00f3n contra un grupo de pasajeros jud\u00edos. El regulador dijo el martes que Lufthansa hab\u00eda prohibido a 128 personas vestidas con ropa tradicional jud\u00eda ortodoxa abordar un vuelo de conexi\u00f3n en &hellip;<\/p>\n","protected":false},"author":1,"featured_media":7552,"comment_status":"open","ping_status":"open","sticky":false,"template":"","format":"standard","meta":{"fifu_image_url":"https:\/\/media-cldnry.s-nbcnews.com\/image\/upload\/t_nbcnews-fp-1200-630,f_auto,q_auto:best\/rockcms\/2024-10\/241015-Lufthansa-al-1001-eaa467.jpg","fifu_image_alt":"","footnotes":""},"categories":[11],"tags":[],"class_list":["post-7550","post","type-post","status-publish","format-standard","has-post-thumbnail","","category-viaje"],"_links":{"self":[{"href":"https:\/\/noticiasveraces.com\/index.php?rest_route=\/wp\/v2\/posts\/7550","targetHints":{"allow":["GET"]}}],"collection":[{"href":"https:\/\/noticiasveraces.com\/index.php?rest_route=\/wp\/v2\/posts"}],"about":[{"href":"https:\/\/noticiasveraces.com\/index.php?rest_route=\/wp\/v2\/types\/post"}],"author":[{"embeddable":true,"href":"https:\/\/noticiasveraces.com\/index.php?rest_route=\/wp\/v2\/users\/1"}],"replies":[{"embeddable":true,"href":"https:\/\/noticiasveraces.com\/index.php?rest_route=%2Fwp%2Fv2%2Fcomments&post=7550"}],"version-history":[{"count":0,"href":"https:\/\/noticiasveraces.com\/index.php?rest_route=\/wp\/v2\/posts\/7550\/revisions"}],"wp:featuredmedia":[{"embeddable":true,"href":"https:\/\/noticiasveraces.com\/index.php?rest_route=\/wp\/v2\/media\/7552"}],"wp:attachment":[{"href":"https:\/\/noticiasveraces.com\/index.php?rest_route=%2Fwp%2Fv2%2Fmedia&parent=7550"}],"wp:term":[{"taxonomy":"category","embeddable":true,"href":"https:\/\/noticiasveraces.com\/index.php?rest_route=%2Fwp%2Fv2%2Fcategories&post=7550"},{"taxonomy":"post_tag","embeddable":true,"href":"https:\/\/noticiasveraces.com\/index.php?rest_route=%2Fwp%2Fv2%2Ftags&post=7550"}],"curies":[{"name":"wp","href":"https:\/\/api.w.org\/{rel}","templated":true}]}}