{"id":7527,"date":"2024-12-22T22:50:47","date_gmt":"2024-12-23T02:50:47","guid":{"rendered":"https:\/\/noticiasveraces.com\/?p=7527"},"modified":"2024-12-22T22:50:47","modified_gmt":"2024-12-23T02:50:47","slug":"trump-nombra-a-claver-carone-encargado-para-latinoamerica-dw-23-12-2024","status":"publish","type":"post","link":"https:\/\/noticiasveraces.com\/?p=7527","title":{"rendered":"Trump nombra a Claver-Carone encargado para Latinoam\u00e9rica \u2013 DW \u2013 23\/12\/2024"},"content":{"rendered":"<p> \n<\/p>\n<div>\n<p>El presidente electo de EE.UU., Donald Trump, anunci\u00f3 este domingo el nombramiento de Mauricio Claver-Carone, expresidente del Banco Interamericano de Desarrollo (BID), como el encargado del Departamento de Estado para Am\u00e9rica Latina.<\/p>\n<p>El estadounidense de origen cubano Claver-Carone gan\u00f3 el BID en octubre de 2020, nominado por Trump en su primer mandato (2017-2021), y fue destituido de la instituci\u00f3n tras una investigaci\u00f3n \u00e9tica por tener un romance con una subordinada y darle un aumento. de sueldo.<\/p>\n<p>El expresidente Trump, que asumir\u00e1 el pr\u00f3ximo 20 de enero, record\u00f3 este domingo que Claver-Carone fue director principal para Latinoam\u00e9rica de la Casa Blanca durante su primer mandato.<\/p>\n<p>\u00abMauricio conoce la regi\u00f3n y sabe c\u00f3mo poner los intereses de Estados Unidos en primer lugar. Tambi\u00e9n conoce las terribles amenazas que enfrentamos por la migraci\u00f3n masiva ilegal y el fentanilo\u00bb, expres\u00f3 Trump en la red social Truth Social. <\/p>\n<p>Claver-Carone, de 49 a\u00f1os, fue elegido en septiembre de 2020 como presidente del BID y se convirti\u00f3 en el primer no latinoamericano en ocupar el cargo.<\/p>\n<p>Lo hizo en medio de la pol\u00e9mica ya que el entonces presidente Trump, lo nomin\u00f3 poco antes de acabar su primer mandato. Los pa\u00edses latinoamericanos no fueron capaces de definir un candidato conjunto, con Colombia, Brasil, Bolivia o Uruguay apoyando a EE.UU. y Argentina retirando a su candidato en el \u00faltimo momento, al no tener los apoyos suficientes.<\/p>\n<p>Estas naciones s\u00ed estuvieron de acuerdo en destituirlo en septiembre de 2021, despu\u00e9s de que una investigaci\u00f3n externa, alentada por algunos miembros del propio BID, demostrara que hab\u00eda mantenido una relaci\u00f3n amorosa con una subordinada a quien subi\u00f3 el sueldo en varias ocasiones.<\/p>\n<p>mg (efe, Reuters)<\/p>\n<div class=\"vjs-wrapper embed big\">\n<h2 aria-label=\"Video integrado \u2014 Migrantes que atraviesan M\u00e9xico temen a Trump\" class=\"headline\"><svg xmlns=\"http:\/\/www.w3.org\/2000\/svg\" viewbox=\"0 0 20 20\"><g fill-rule=\"evenodd\"><path d=\"M14.114 7.599H13.5l.002 4.706h.601l4.582 3.25-.005-11.11zM11.084 4.444l-9.007.002-1.336.797.002 9.514 1.334.793 9.007.006 1.509-.799-.004-9.516z\"\/><\/g><\/svg>Migrantes que atraviesan M\u00e9xico temen a Trump<\/h2>\n<p><video id=\"video-71029033\" controls=\"\" playsinline=\"\" preload=\"none\" poster=\"data:image\/png;base64,iVBORw0KGgoAAAANSUhEUgAAAAEAAAABCAQAAAC1HAwCAAAAC0lEQVR42mNkYAAAAAYAAjCB0C8AAAAASUVORK5CYII=\" data-id=\"71029033\" data-posterurl=\"https:\/\/tvdownloaddw-a.akamaihd.net\/stills\/images\/js\/js20241211_Dreams19C_image_512x288_3.jpg\" data-duration=\"01:57\"><source src=\"https:\/\/hlsvod.dw.com\/i\/dwtv_video\/flv\/js\/js20241211_Dreams19C_,AVC_480x270,AVC_512x288,AVC_640x360,AVC_960x540,AVC_1280x720,AVC_1920x1080,.mp4.csmil\/master.m3u8\" type=\"application\/x-mpegURL\"><source src=\"https:\/\/tvdownloaddw-a.akamaihd.net\/dwtv_video\/flv\/js\/js20241211_Dreams19C_AVC_1920x1080.mp4\" type=\"video\/mp4\"><track src=\"https:\/\/www.dw.com\/media\/subtitles\/71115613\" srclang=\"es\" label=\"SPANISH\" default=\"\"><p class=\"vjs-no-js\">Para ver este video, habilite JavaScript y considere actualizar a un navegador web que admita videos HTML5.<\/p>\n<\/track><\/source><\/source><\/video><\/div>\n<\/div>\n\n","protected":false},"excerpt":{"rendered":"<p>El presidente electo de EE.UU., Donald Trump, anunci\u00f3 este domingo el nombramiento de Mauricio Claver-Carone, expresidente del Banco Interamericano de Desarrollo (BID), como el encargado del Departamento de Estado para Am\u00e9rica Latina. El estadounidense de origen cubano Claver-Carone gan\u00f3 el BID en octubre de 2020, nominado por Trump en su primer mandato (2017-2021), y fue &hellip;<\/p>\n","protected":false},"author":1,"featured_media":7528,"comment_status":"open","ping_status":"open","sticky":false,"template":"","format":"standard","meta":{"fifu_image_url":"https:\/\/static.dw.com\/image\/54917455_6.jpg","fifu_image_alt":"","footnotes":""},"categories":[13],"tags":[],"class_list":["post-7527","post","type-post","status-publish","format-standard","has-post-thumbnail","","category-mundo"],"_links":{"self":[{"href":"https:\/\/noticiasveraces.com\/index.php?rest_route=\/wp\/v2\/posts\/7527","targetHints":{"allow":["GET"]}}],"collection":[{"href":"https:\/\/noticiasveraces.com\/index.php?rest_route=\/wp\/v2\/posts"}],"about":[{"href":"https:\/\/noticiasveraces.com\/index.php?rest_route=\/wp\/v2\/types\/post"}],"author":[{"embeddable":true,"href":"https:\/\/noticiasveraces.com\/index.php?rest_route=\/wp\/v2\/users\/1"}],"replies":[{"embeddable":true,"href":"https:\/\/noticiasveraces.com\/index.php?rest_route=%2Fwp%2Fv2%2Fcomments&post=7527"}],"version-history":[{"count":0,"href":"https:\/\/noticiasveraces.com\/index.php?rest_route=\/wp\/v2\/posts\/7527\/revisions"}],"wp:featuredmedia":[{"embeddable":true,"href":"https:\/\/noticiasveraces.com\/index.php?rest_route=\/wp\/v2\/media\/7528"}],"wp:attachment":[{"href":"https:\/\/noticiasveraces.com\/index.php?rest_route=%2Fwp%2Fv2%2Fmedia&parent=7527"}],"wp:term":[{"taxonomy":"category","embeddable":true,"href":"https:\/\/noticiasveraces.com\/index.php?rest_route=%2Fwp%2Fv2%2Fcategories&post=7527"},{"taxonomy":"post_tag","embeddable":true,"href":"https:\/\/noticiasveraces.com\/index.php?rest_route=%2Fwp%2Fv2%2Ftags&post=7527"}],"curies":[{"name":"wp","href":"https:\/\/api.w.org\/{rel}","templated":true}]}}