{"id":7503,"date":"2024-12-22T19:39:32","date_gmt":"2024-12-22T23:39:32","guid":{"rendered":"https:\/\/noticiasveraces.com\/?p=7503"},"modified":"2024-12-22T19:39:32","modified_gmt":"2024-12-22T23:39:32","slug":"la-tierna-imagen-de-rafa-nadal-ensenando-a-un-nino-a-jugar-al-tenis-lo-intentamos-otra-vez","status":"publish","type":"post","link":"https:\/\/noticiasveraces.com\/?p=7503","title":{"rendered":"La tierna imagen de Rafa Nadal ense\u00f1ando a un ni\u00f1o a jugar al tenis: \u00abLo intentamos otra vez\u00bb"},"content":{"rendered":"<p> \n<\/p>\n<div id=\"intext\">\n<p>Rafa Nadal ya est\u00e1 inmerso en su papel como embajador de la Federaci\u00f3n Saud\u00ed de Tenis, una decisi\u00f3n que <b>tomado en enero de 2024<\/b> y que provoc\u00f3 revuelo y <b>pol\u00e9mica <\/b>entre muchas personas. No obstante, m\u00e1s de un mes despu\u00e9s de retirarse del tenis en la <b>Copa Davis de M\u00e1laga<\/b>el balear ya se ha puesto manos a la obra en su nuevo &#8216;trabajo&#8217; en Arabia Saud\u00ed.<\/p>\n<h2 class=\"title-h2\">Nadal se pone el mono de profesor<\/h2>\n<p>En un v\u00eddeo publicado por la propia Federaci\u00f3n, y compartido por la cuenta oficial de la ATP, se muestra a la leyenda del tenis. <b>ense\u00f1ando a un ni\u00f1o peque\u00f1o <\/b>como se coge la raqueta. El peque\u00f1o, que tendr\u00eda unos 5 a\u00f1os, qued\u00f3 completamente ensimismado cuando vio aparecer a Nadal para darle unos consejos elementales de c\u00f3mo pegar la derecha.<\/p>\n<p>\u00abDame la mano, coge la raqueta as\u00ed, desde aqu\u00ed hasta aqu\u00ed,<b> vamos a intentarlo<\/b>\u00ab, le dec\u00eda el ganador de 22 Grand Slams al chaval, que fall\u00f3 la primera pero que meti\u00f3 el resto en la otra pista. Normal, teniendo como profesor a Rafa&#8230; Ambos terminaron muy contentos, especialmente el ni\u00f1o, al que solo hab\u00eda que verle la cara cuando el tenista le ense\u00f1aba a coger la raqueta ya hacer el gesto una cara que lo dec\u00eda todo.<\/p>\n<h2 class=\"title-h2\">Dio una charla a las nuevas promesas del tenis.<\/h2>\n<p>En los \u00faltimos d\u00edas Nadal ha estado compartiendo contenido en sus redes sociales acerca de eventos, visitas y actos relacionados con el tenis en Arabia. Adem\u00e1s, tambi\u00e9n aprovech\u00f3 para conocer y aconsejar a varios participantes de las Next Gen ATP Finals, <b>concretamente a Mensik, Michelsen y Fonseca<\/b>este \u00faltimo, brasile\u00f1o de 18 a\u00f1os, <b>se ha llevado el t\u00edtulo<\/b>.<\/p>\n<p>\u00abcomo parte de un compromiso a largo plazo para ayudar al crecimiento de este deporte e inspirar a una nueva generaci\u00f3n de atletas en Arabia Saud\u00ed\u00bb.<\/p>\n<h2 class=\"title-h2\">\u00bfPor qu\u00e9 actuar\u00e1 de embajador en Arabia? As\u00ed lo explic\u00f3 Rafa<\/h2>\n<p>El anuncio se hizo oficial hace casi un a\u00f1o: \u00ab<b>Pasar\u00e1 una temporada al a\u00f1o en Arabia Saud\u00ed <\/b>para ayudar a fomentar y planificar el desarrollo de ni\u00f1os y ni\u00f1as en este deporte, as\u00ed como para aumentar el inter\u00e9s por el tenis entre la poblaci\u00f3n joven del pa\u00eds\u201d, explic\u00f3 la STF.<\/p>\n<p>\u00abMires donde mires en Arabia Saud\u00ed, <b>puedes ver crecimiento y progreso<\/b>y me emociona formar parte de ello. Sigo jugando al tenis porque me encanta. Pero m\u00e1s all\u00e1 de jugar, quiero ayudar a que este deporte crezca en todo el mundo, y en Arabia Saud\u00ed hay un gran potencial&#8230; Los chicos que est\u00e1n hoy aqu\u00ed miran al futuro y sienten verdadera pasi\u00f3n por todos los deportes. Si puedo ayudarte a coger una raqueta o<b> simplemente ponerse en forma<\/b> y disfrutar de los beneficios de una vida sana, me alegrar\u00e9 de haber marcado la diferencia\u00bb, explic\u00f3 entonces el rey de la tierra batida.<\/p>\n<p><i>S\u00edguenos en nuestro canal de WhatsApp y no te pierdas la \u00faltima hora y toda la actualidad de antena3noticias.com<\/i><\/p>\n<div class=\"recirculation-video\" data-mod=\"a3mod_recirculation_video\">\n<div class=\"recirculation-video-wrapper\">\n<div>\n<div class=\"video-wrapper\">\n  <picture class=\"video-main-picture\"><source media=\"(min-width: 481px)\" srcset=\"https:\/\/fotografias.antena3.com\/clipping\/cmsimages01\/2024\/12\/20\/483FB459-95DF-4B84-A96B-0358D8DB4EFC\/antena-3-deportes-20-12-24-hansi-flick-atletico-madrid-final-sera-partidazo-duro-estamos-preparados_94.jpg?crop=1920,1080,x0,y0&amp;width=800&amp;height=450&amp;optimize=medium&amp;format=webply\" width=\"800\" height=\"450\"><source media=\"(min-width: 391px) and (max-width: 480px)\" srcset=\"https:\/\/fotografias.antena3.com\/clipping\/cmsimages01\/2024\/12\/20\/483FB459-95DF-4B84-A96B-0358D8DB4EFC\/antena-3-deportes-20-12-24-hansi-flick-atletico-madrid-final-sera-partidazo-duro-estamos-preparados_70.jpg?crop=1920,1080,x0,y0&amp;width=480&amp;height=270&amp;optimize=high&amp;format=webply\" width=\"480\" height=\"270\"><source media=\"(min-width: 321px) and (max-width: 390px)\" srcset=\"https:\/\/fotografias.antena3.com\/clipping\/cmsimages01\/2024\/12\/20\/483FB459-95DF-4B84-A96B-0358D8DB4EFC\/antena-3-deportes-20-12-24-hansi-flick-atletico-madrid-final-sera-partidazo-duro-estamos-preparados_92.jpg?crop=1920,1078,x0,y0&amp;width=390&amp;height=219&amp;optimize=high&amp;format=webply\" width=\"390\" height=\"219\"><source media=\"(max-width: 320px)\" srcset=\"https:\/\/fotografias.antena3.com\/clipping\/cmsimages01\/2024\/12\/20\/483FB459-95DF-4B84-A96B-0358D8DB4EFC\/antena-3-deportes-20-12-24-hansi-flick-atletico-madrid-final-sera-partidazo-duro-estamos-preparados_52.jpg?crop=1920,1080,x0,y0&amp;width=320&amp;height=180&amp;optimize=high&amp;format=webply\" width=\"320\" height=\"180\"><img decoding=\"async\" title=\"Antena 3 Deportes (20-12-24) Hansi Flick, sobre el Atl\u00e9tico de Madrid: &quot;No es una final. Ser\u00e1 un partidazo duro, estamos preparados.&quot;\" alt=\"Antena 3 Deportes (20-12-24) Hansi Flick, sobre el Atl\u00e9tico de Madrid: &quot;No es una final. Ser\u00e1 un partidazo duro, estamos preparados.&quot;\" width=\"480\" height=\"270\" src=\"https:\/\/fotografias.antena3.com\/clipping\/cmsimages01\/2024\/12\/20\/483FB459-95DF-4B84-A96B-0358D8DB4EFC\/antena-3-deportes-20-12-24-hansi-flick-atletico-madrid-final-sera-partidazo-duro-estamos-preparados_70.jpg?crop=1920,1080,x0,y0&amp;width=480&amp;height=270&amp;optimize=high&amp;format=webply\" loading=\"lazy\" class=\"lazy\"\/><br \/>\n  <\/source><\/source><\/source><\/source><\/picture>\n <\/div>\n<\/div><\/div>\n<\/p><\/div>\n<\/div>\n\n","protected":false},"excerpt":{"rendered":"<p>Rafa Nadal ya est\u00e1 inmerso en su papel como embajador de la Federaci\u00f3n Saud\u00ed de Tenis, una decisi\u00f3n que tomado en enero de 2024 y que provoc\u00f3 revuelo y pol\u00e9mica entre muchas personas. No obstante, m\u00e1s de un mes despu\u00e9s de retirarse del tenis en la Copa Davis de M\u00e1lagael balear ya se ha puesto &hellip;<\/p>\n","protected":false},"author":1,"featured_media":7505,"comment_status":"open","ping_status":"open","sticky":false,"template":"","format":"standard","meta":{"fifu_image_url":"https:\/\/fotografias.antena3.com\/clipping\/cmsimages01\/2024\/12\/22\/98E0D4E3-079D-484A-A69B-CE6C6B823100\/rafa-nadal-ensena-jugar-tenis-nino_69.jpg?crop=1358,764,x62,y0&width=1280&height=720&optimize=low&format=jpg","fifu_image_alt":"","footnotes":""},"categories":[6],"tags":[],"class_list":["post-7503","post","type-post","status-publish","format-standard","has-post-thumbnail","","category-deportes"],"_links":{"self":[{"href":"https:\/\/noticiasveraces.com\/index.php?rest_route=\/wp\/v2\/posts\/7503","targetHints":{"allow":["GET"]}}],"collection":[{"href":"https:\/\/noticiasveraces.com\/index.php?rest_route=\/wp\/v2\/posts"}],"about":[{"href":"https:\/\/noticiasveraces.com\/index.php?rest_route=\/wp\/v2\/types\/post"}],"author":[{"embeddable":true,"href":"https:\/\/noticiasveraces.com\/index.php?rest_route=\/wp\/v2\/users\/1"}],"replies":[{"embeddable":true,"href":"https:\/\/noticiasveraces.com\/index.php?rest_route=%2Fwp%2Fv2%2Fcomments&post=7503"}],"version-history":[{"count":0,"href":"https:\/\/noticiasveraces.com\/index.php?rest_route=\/wp\/v2\/posts\/7503\/revisions"}],"wp:featuredmedia":[{"embeddable":true,"href":"https:\/\/noticiasveraces.com\/index.php?rest_route=\/wp\/v2\/media\/7505"}],"wp:attachment":[{"href":"https:\/\/noticiasveraces.com\/index.php?rest_route=%2Fwp%2Fv2%2Fmedia&parent=7503"}],"wp:term":[{"taxonomy":"category","embeddable":true,"href":"https:\/\/noticiasveraces.com\/index.php?rest_route=%2Fwp%2Fv2%2Fcategories&post=7503"},{"taxonomy":"post_tag","embeddable":true,"href":"https:\/\/noticiasveraces.com\/index.php?rest_route=%2Fwp%2Fv2%2Ftags&post=7503"}],"curies":[{"name":"wp","href":"https:\/\/api.w.org\/{rel}","templated":true}]}}