{"id":7496,"date":"2024-12-22T17:40:16","date_gmt":"2024-12-22T21:40:16","guid":{"rendered":"https:\/\/noticiasveraces.com\/?p=7496"},"modified":"2024-12-22T17:40:16","modified_gmt":"2024-12-22T21:40:16","slug":"multitudinaria-marcha-contra-el-gobierno-de-serbia-dw-22-12-2024","status":"publish","type":"post","link":"https:\/\/noticiasveraces.com\/?p=7496","title":{"rendered":"Multitudinaria marcha contra el Gobierno de Serbia \u2013 DW \u2013 22\/12\/2024"},"content":{"rendered":"<p> \n<\/p>\n<div>\n<p>Decenas de millas de personas han protestado este domingo (22.12.2024) en Belgrado contra el Gobierno del presidente Aleksandar Vucic, exigiendo responsabilidades por el colapso de la estaci\u00f3n de tren en Novi Sad el 1 de noviembre pasado, que dej\u00f3 15 muertos. La manifestaci\u00f3n, una de las m\u00e1s grandes de los \u00faltimos a\u00f1os en Serbia, fue convocada por estudiantes y sindicatos de agricultores. \u00abEstamos todos bajo esa marquesina\u00bb, dec\u00eda una de las pancartas desplegadas en la plaza principal de Belgrado.<\/p>\n<p>Reunidos en la c\u00e9ntrica plaza Slavija, estudiantes y ciudadanos ped\u00edan a gritos la dimisi\u00f3n del Ejecutivo y la publicaci\u00f3n de toda la documentaci\u00f3n sobre las obras de renovaci\u00f3n en la estaci\u00f3n de tren derrumbada. En las pancartas se pod\u00edan ver lemas como: \u00abVuestras manos est\u00e1n manchadas de sangre\u00bb, \u00abC\u00e1rcel, no dimisiones\u00bb, \u00abNosotros no somos vuestros hijos\u00bb o \u00abLos estudiantes no callan, los matem\u00e1ticos han calculado: el n\u00famero de demandas cumplidas es 0\u00bb.<\/p>\n<p>\u00abLo primero que queremos es que el Gobierno deje de mentir y que termine la corrupci\u00f3n, que es sin\u00f3nimo de este Gobierno\u00bb, afirmaba Visnja, una estudiante, a la agencia Efe. Aunque el Ejecutivo ha aseverado en varias ocasiones que ha cumplido con todas las demandas de los manifestantes y ha pedido a los estudiantes que regresen a sus actividades y pongan fin a las cerraduras, los estudiantes contin\u00faan organizando protestas.<\/p>\n<p>M\u00e1s de 50 facultades en Belgrado, Novi Sad, Ni\u0161 y Kragujevac est\u00e1n bloqueadas por protestas estudiantiles que exigen responsabilidades por el accidente en la estaci\u00f3n de Novi Sad, una ciudad a 70 kil\u00f3metros al noreste de la capital. Los actores de cine y teatro m\u00e1s populares de Serbia se unieron a la protesta, y el actor Bane Trifunovic describi\u00f3 la manifestaci\u00f3n del domingo como \u00abun festival de la libertad\u00bb.<\/p>\n<p>En una muestra de confianza, el presidente serbio inaugur\u00f3 el domingo un tramo de una autopista reci\u00e9n construida en el centro de Serbia. Vucic dijo que no ceder\u00eda ante las demandas de la oposici\u00f3n de formar un gobierno de transici\u00f3n y acus\u00f3 a sus oponentes de utilizar a los estudiantes para intentar hacerse con el poder. \u00abLos venceremos de nuevo\u00bb, dijo Vucic. \u00abEllos (la oposici\u00f3n) no saben qu\u00e9 hacer, salvo utilizar a los hijos de los dem\u00e1s\u00bb.<\/p>\n<p>Los fiscales han arrestado a 13 personas por la tragedia de Novi Sad, incluido un ministro del gobierno cuya liberaci\u00f3n m\u00e1s tarde aliment\u00f3 el escepticismo p\u00fablico sobre la honestidad de la investigaci\u00f3n.<\/p>\n<p>lgc (efe, ap)<\/p>\n<figure class=\"placeholder-image master_landscape big\"><img data-format=\"MASTER_LANDSCAPE\" data-id=\"71138618\" data-url=\"https:\/\/static.dw.com\/image\/71138618_${formatId}.jpg\" data-aspect-ratio=\"16\/9\" alt=\"Una gran avenida de Belgrado abierta de manifestantes.\" style=\"padding-bottom: 56.25%; height: 0; max-height: 0;\"\/><figcaption class=\"img-caption\">La agencia serbia Beta ha calificado la manifestaci\u00f3n como una de las m\u00e1s grandes de los \u00faltimos a\u00f1os en el pa\u00eds.<small class=\"copyright\">Imagen: Branko Filipovic\/REUTERS<\/small><\/figcaption><\/figure>\n<\/div>\n\n","protected":false},"excerpt":{"rendered":"<p>Decenas de millas de personas han protestado este domingo (22.12.2024) en Belgrado contra el Gobierno del presidente Aleksandar Vucic, exigiendo responsabilidades por el colapso de la estaci\u00f3n de tren en Novi Sad el 1 de noviembre pasado, que dej\u00f3 15 muertos. La manifestaci\u00f3n, una de las m\u00e1s grandes de los \u00faltimos a\u00f1os en Serbia, fue &hellip;<\/p>\n","protected":false},"author":1,"featured_media":7497,"comment_status":"open","ping_status":"open","sticky":false,"template":"","format":"standard","meta":{"fifu_image_url":"https:\/\/static.dw.com\/image\/71138686_6.jpg","fifu_image_alt":"","footnotes":""},"categories":[13],"tags":[],"class_list":["post-7496","post","type-post","status-publish","format-standard","has-post-thumbnail","","category-mundo"],"_links":{"self":[{"href":"https:\/\/noticiasveraces.com\/index.php?rest_route=\/wp\/v2\/posts\/7496","targetHints":{"allow":["GET"]}}],"collection":[{"href":"https:\/\/noticiasveraces.com\/index.php?rest_route=\/wp\/v2\/posts"}],"about":[{"href":"https:\/\/noticiasveraces.com\/index.php?rest_route=\/wp\/v2\/types\/post"}],"author":[{"embeddable":true,"href":"https:\/\/noticiasveraces.com\/index.php?rest_route=\/wp\/v2\/users\/1"}],"replies":[{"embeddable":true,"href":"https:\/\/noticiasveraces.com\/index.php?rest_route=%2Fwp%2Fv2%2Fcomments&post=7496"}],"version-history":[{"count":0,"href":"https:\/\/noticiasveraces.com\/index.php?rest_route=\/wp\/v2\/posts\/7496\/revisions"}],"wp:featuredmedia":[{"embeddable":true,"href":"https:\/\/noticiasveraces.com\/index.php?rest_route=\/wp\/v2\/media\/7497"}],"wp:attachment":[{"href":"https:\/\/noticiasveraces.com\/index.php?rest_route=%2Fwp%2Fv2%2Fmedia&parent=7496"}],"wp:term":[{"taxonomy":"category","embeddable":true,"href":"https:\/\/noticiasveraces.com\/index.php?rest_route=%2Fwp%2Fv2%2Fcategories&post=7496"},{"taxonomy":"post_tag","embeddable":true,"href":"https:\/\/noticiasveraces.com\/index.php?rest_route=%2Fwp%2Fv2%2Ftags&post=7496"}],"curies":[{"name":"wp","href":"https:\/\/api.w.org\/{rel}","templated":true}]}}