{"id":7490,"date":"2024-12-22T16:25:11","date_gmt":"2024-12-22T20:25:11","guid":{"rendered":"https:\/\/noticiasveraces.com\/?p=7490"},"modified":"2024-12-22T16:25:11","modified_gmt":"2024-12-22T20:25:11","slug":"que-es-la-tristeza-de-invierno-y-como-enfrentarla","status":"publish","type":"post","link":"https:\/\/noticiasveraces.com\/?p=7490","title":{"rendered":"\u00bfQu\u00e9 es la tristeza de invierno y c\u00f3mo enfrentarla?"},"content":{"rendered":"<p> \n<br \/><img decoding=\"async\" src=\"https:\/\/gdb.voanews.com\/932fe099-7069-4710-8a5a-5be8adf72ac6_cx0_cy5_cw0_w800_h450.jpg\" \/><\/p>\n<div>\n<span class=\"dateline\">WASHINGTON\u2014 <\/span><\/p>\n<p>La llegada del invierno en el hemisferio norte trae para muchas personas una sensaci\u00f3n de tristeza, melancol\u00eda, m\u00e1s sue\u00f1o e incluso otros trastornos que podr\u00edan afectar la vida normal con s\u00edntomas muy parecidos a <em><strong>la depresion<\/strong><\/em>.<\/p>\n<p>Es lo que los expertos se denominan como <em><strong>\u201cTrastorno afectivo estacional\u201d<\/strong><\/em>que se manifiesta durante los meses de poca luz solar.<\/p>\n<p>Las personas que padecen esta condici\u00f3n deben lidiar con mucha dificultad durante esta temporada para cumplir con sus tareas diarias. La <em><strong>Cl\u00ednica Mayo<\/strong><\/em>  considera que incluso evaluaciones minuciosas hacen dif\u00edcil el diagn\u00f3stico porque \u00abhay otros tipos de depresi\u00f3n o enfermedades mentales que pueden provocar s\u00edntomas similares\u00bb.<\/p>\n<p>El Instituto Nacional de Salud Mental de Estados Unidos (NIH) considera que el \u201cdecaimiento\u201d que experimentan muchas personas est\u00e1 estrechamente relacionado a los cambios estacionales, y que puede agudizarse para algunas personas en los hemisferios norte y sur del globo terr\u00e1queo durante la estaci\u00f3n invernal. .<\/p>\n<p>En el norte es este s\u00e1bado 21 de diciembre el d\u00eda m\u00e1s corto del a\u00f1o <em><strong>cuando empieza el invierno.<\/strong><\/em><\/p>\n<p>\u201cMuchas personas se sienten deca\u00eddas cuando los d\u00edas se acortan en el oto\u00f1o y el invierno, y se sienten mejor en la primavera cuando vuelve a haber m\u00e1s horas de luz natural. (\u2026) A veces estos cambios de humor son m\u00e1s graves y pueden afectar la forma en que una persona se siente, piensa y se comporta\u201d, seg\u00fan el HIH.<\/p>\n<h3 class=\"wsw__h3\">S\u00edntomas y diagn\u00f3stico<\/h3>\n<p>El jefe del \u00e1rea en Salud Mental de la Cl\u00ednica del Pueblo, Oscar Flores, dice a la <em><strong>Voz de America<\/strong> <\/em>En Washington que este trastorno estacional es un tipo de \u201cdepresi\u00f3n\u201d al afectar el estado de \u00e1nimo que estar\u00eda condicionado por la falta de luz solar durante esta temporada.<\/p>\n<p>Este experto en salud mental agrega que esas \u201cemociones depresivas\u201d son t\u00edpicas entre octubre y febrero, asociadas con el tiempo en el hemisferio norte cuando la Tierra est\u00e1 inclinada y alejada de cara al Sol.<\/p>\n<p>\u201cAl haber menos luz solar algunas personas sienten un baj\u00f3n de \u00e1nimo, y quiz\u00e1s si estas personas experimentan esos s\u00edntomas durante este per\u00edodo espec\u00edfico y si es recurrente cada a\u00f1o durante esta temporada, entonces ya ser\u00eda un diagn\u00f3stico de depresi\u00f3n asociado con la estaci\u00f3n\u201d, dice el experto.<\/p>\n<p>Estudios del NIH consideran que las mujeres son m\u00e1s vulnerables a este trastorno que afecta a millones de estadounidenses cada a\u00f1o \u201caunque es posible que muchas de estas personas no sepan\u201d que lo padecen. Seg\u00fan las investigaciones, comienza a manifestarse en la edad adulta temprana.<\/p>\n<p>\u201cOcurre con mucha m\u00e1s frecuencia en las mujeres que en los hombres\u201d, seg\u00fan el NIH, y los datos de la instituci\u00f3n indican que las personas que viven m\u00e1s al norte son m\u00e1s propensas a padecerlo que los que viven m\u00e1s al sur.<\/p>\n<p>\u201cPor ejemplo, las personas que viven en Alaska o en Nueva Inglaterra tienen una mayor probabilidad de tener trastorno afectivo estacional que las personas que residen en Texas o en Florida\u201d.<\/p>\n<h3 class=\"wsw__h3\">Cerebro, luz y energ\u00eda.<\/h3>\n<p>La investigadora Mar\u00eda de Jes\u00fas Vitoria, de la Universidad Aut\u00f3noma de Ciudad Ju\u00e1rez, M\u00e9xico, trabaja el \u00e1rea de interconexiones cerebrales, y se\u00f1ala que existe un v\u00ednculo entre la luz solar y la producci\u00f3n de una mol\u00e9cula asociada a la energ\u00eda y el bienestar general conocida como serotonina.<\/p>\n<p>Sus hallazgos abonan que estudios previos han concluido que la falta de <em><strong>serotonina<\/strong><\/em>  est\u00e1 en la base de los cuadros depresivos, por una menor producci\u00f3n en nuestros sistemas circulatorio, nervioso, digestivo y en la piel. Se pueden detectar los niveles con <em><strong>pruebas de sangre.<\/strong><\/em><\/p>\n<p>\u201cHoy sabemos que la exposici\u00f3n a la luz solar activa la fabricaci\u00f3n de serotonina. En algunas investigaciones se ha podido establecer una relaci\u00f3n entre los niveles de serotonina y la cantidad de luz solar disponible; pareciera que nuestro pico de producci\u00f3n de serotonina se da en verano, con un descenso en invierno\u201d, escribi\u00f3 la experta en un <em><strong>art\u00edculo especializado.<\/strong><\/em><\/p>\n<p>Los investigadores consideran que, a trav\u00e9s de los ojos se activan en el cerebro los primeros receptores para producir la serotonina, pero las investigaciones demuestran que la piel tambi\u00e9n posee recept\u00e1culos para producir esta mol\u00e9cula vital para el \u00e1nimo.<\/p>\n<p>\u201cLas personas que padecen depresi\u00f3n o ansiedad, manifiestan un incremento de sus s\u00edntomas durante el invierno. (\u2026) Los estudios demuestran que, a mayor exposici\u00f3n solar, menores s\u00edntomas depresivos\u201d, apunta la investigadora mexicana.<\/p>\n<p>El Grupo de Trabajo de Endocrinolog\u00eda y Nutrici\u00f3n de la Sociedad Espa\u00f1ola de M\u00e9dicos Generales y Familia (SEMG) considera que la falta de luz natural durante esta temporada del a\u00f1o afecta en algunas personas el ritmo circadiano, el reloj interno que tenemos los seres humanos para regular el sue\u00f1o y la disponibilidad de energ\u00eda.<\/p>\n<p>Como efecto contrario a la producci\u00f3n de serotonina, en algunas personas el cuerpo empieza a producir m\u00e1s <em><strong>melatonina<\/strong><\/em>la hormona que regula el sue\u00f1o, con lo que las personas afectadas tienen un desequilibrio de estas mol\u00e9culas y experimentan mayor somnolencia y una sensaci\u00f3n de agotamiento durante las horas diurnas.<\/p>\n<p>Como buena noticia los expertos han descubierto que ante el desequilibrio, el cuerpo mismo comienza a activar sus receptores naturales para ajustar las funciones del organismo, cuando no es severo, para devolverle al cuerpo la normalidad funcional.<\/p>\n<h3 class=\"wsw__h3\">Como lidiar con el baj\u00f3n<\/h3>\n<p>El terapeuta Oscar Flores, de la Cl\u00ednica del Pueblo, dice a la <em><strong>VOA<\/strong><\/em>  que cada persona deber\u00eda estar atenta a los s\u00edntomas que consideran \u201canormales\u201d, y saber diferenciar cuando algo rompe la normalidad, \u201ces normal sentir cierta tristeza un d\u00eda\u201d, pero se deben encender las alarmas si el sentimiento se intensifica sin una causa aparente.<\/p>\n<p>\u201cNosotros somos los primeros doctores\u201d, dice al instar a la autoevaluaci\u00f3n como primer paso.<\/p>\n<p>En cl\u00ednica -enfatiza Flores, se trabaja en varias l\u00edneas para ayudar al paciente a bregar con un cuadro como este trastorno estacional.<\/p>\n<p>\u201cSiempre recomendamos que las personas establezcan rutinas, porque eso nos da un sentido de predictibilidad y prop\u00f3sito para enfocarnos\u201d, con un sentido de la vida, apunta.<\/p>\n<p>Tambi\u00e9n recomienda que las rutinas abarquen m\u00e1s all\u00e1 de hacer ejercicio, \u201csino tambi\u00e9n en nuestros h\u00e1bitos\u201d como establecer horarios regulares para dormir.<\/p>\n<p>\u201cOtra cosa que recomiendo es activarse b\u00e1sicamente, salir, tomar los rayos de sol\u201d y aprovechar cuanto se pueda al aire libre en este tiempo de d\u00edas cortos, ya que la exposici\u00f3n solar adem\u00e1s est\u00e1 asociada a la absorci\u00f3n de vitamina D, clave para la energia el bienestar general.<\/p>\n<p>Otro aspecto clave seg\u00fan este experto es \u201cconectarnos socialmente, porque los seres humanos sociales por naturaleza\u201d y en casos de s\u00edntomas depresivos es \u201cnadar en contracorriente\u201d, porque la persona que lo sufre lo que menos quiere es salir y tiende a aislarse.<\/p>\n<p>Los estudios indican que hasta un 10% de la poblaci\u00f3n en el hemisferio norte padece esta afectaci\u00f3n causada por los d\u00edas cortos, grises y hasta nevados del invierno.<\/p>\n<p><em><strong>\u00a1Con\u00e9ctate con la Voz de Am\u00e9rica! Suscr\u00edbete a nuestros canales de<\/strong><strong>  YouTube<\/strong><strong>, <\/strong><strong>WhatsApp<\/strong><strong>  y al <\/strong><strong>hoja informativa<\/strong><strong>. Activa las notificaciones y s\u00edguenos en <\/strong><strong>Facebook<\/strong><strong>, <\/strong><a class=\"wsw__a\" href=\"https:\/\/nam10.safelinks.protection.outlook.com\/?url=https%3A%2F%2Ftwitter.com%2FVozdeAmerica&amp;data=05%7C02%7Cwserrano%40voanews.com%7C0b9cfda59f52447b0ed708dc07d64451%7Cba99e87c673541c2b1c1354eee3a8659%7C0%7C0%7C638393864063639904%7CUnknown%7CTWFpbGZsb3d8eyJWIjoiMC4wLjAwMDAiLCJQIjoiV2luMzIiLCJBTiI6Ik1haWwiLCJXVCI6Mn0%3D%7C3000%7C%7C%7C&amp;sdata=unLJDFixL8cjTiSip1dC8ViP8otjrQyzq1ziP2g1PMo%3D&amp;reserved=0\" target=\"_blank\"><strong>inc\u00f3gnita<\/strong><\/a><strong>  mi <\/strong><strong>Instagram<\/strong><strong>.<\/strong><\/em><\/p>\n<\/div>\n<p><script async src=\"https:\/\/platform.twitter.com\/widgets.js\" charset=\"utf-8\"><\/script><script async src=\"\/\/www.instagram.com\/embed.js\"><\/script><br \/>\n<br \/>\n","protected":false},"excerpt":{"rendered":"<p>WASHINGTON\u2014 La llegada del invierno en el hemisferio norte trae para muchas personas una sensaci\u00f3n de tristeza, melancol\u00eda, m\u00e1s sue\u00f1o e incluso otros trastornos que podr\u00edan afectar la vida normal con s\u00edntomas muy parecidos a la depresion. Es lo que los expertos se denominan como \u201cTrastorno afectivo estacional\u201dque se manifiesta durante los meses de poca &hellip;<\/p>\n","protected":false},"author":1,"featured_media":7492,"comment_status":"open","ping_status":"open","sticky":false,"template":"","format":"standard","meta":{"fifu_image_url":"https:\/\/gdb.voanews.com\/932fe099-7069-4710-8a5a-5be8adf72ac6_cx0_cy5_cw0_w800_h450.jpg","fifu_image_alt":"","footnotes":""},"categories":[8],"tags":[],"class_list":["post-7490","post","type-post","status-publish","format-standard","has-post-thumbnail","","category-salud"],"_links":{"self":[{"href":"https:\/\/noticiasveraces.com\/index.php?rest_route=\/wp\/v2\/posts\/7490","targetHints":{"allow":["GET"]}}],"collection":[{"href":"https:\/\/noticiasveraces.com\/index.php?rest_route=\/wp\/v2\/posts"}],"about":[{"href":"https:\/\/noticiasveraces.com\/index.php?rest_route=\/wp\/v2\/types\/post"}],"author":[{"embeddable":true,"href":"https:\/\/noticiasveraces.com\/index.php?rest_route=\/wp\/v2\/users\/1"}],"replies":[{"embeddable":true,"href":"https:\/\/noticiasveraces.com\/index.php?rest_route=%2Fwp%2Fv2%2Fcomments&post=7490"}],"version-history":[{"count":0,"href":"https:\/\/noticiasveraces.com\/index.php?rest_route=\/wp\/v2\/posts\/7490\/revisions"}],"wp:featuredmedia":[{"embeddable":true,"href":"https:\/\/noticiasveraces.com\/index.php?rest_route=\/wp\/v2\/media\/7492"}],"wp:attachment":[{"href":"https:\/\/noticiasveraces.com\/index.php?rest_route=%2Fwp%2Fv2%2Fmedia&parent=7490"}],"wp:term":[{"taxonomy":"category","embeddable":true,"href":"https:\/\/noticiasveraces.com\/index.php?rest_route=%2Fwp%2Fv2%2Fcategories&post=7490"},{"taxonomy":"post_tag","embeddable":true,"href":"https:\/\/noticiasveraces.com\/index.php?rest_route=%2Fwp%2Fv2%2Ftags&post=7490"}],"curies":[{"name":"wp","href":"https:\/\/api.w.org\/{rel}","templated":true}]}}