{"id":7466,"date":"2024-12-22T12:15:20","date_gmt":"2024-12-22T16:15:20","guid":{"rendered":"https:\/\/noticiasveraces.com\/?p=7466"},"modified":"2024-12-22T12:15:20","modified_gmt":"2024-12-22T16:15:20","slug":"una-ciudad-de-luto-dw-22-12-2024","status":"publish","type":"post","link":"https:\/\/noticiasveraces.com\/?p=7466","title":{"rendered":"una ciudad de luto \u2013 DW \u2013 22\/12\/2024"},"content":{"rendered":"<p> \n<\/p>\n<div>\n<p>En las dif\u00edciles horas que han pasado desde el ataque en el mercado navide\u00f1o de Magdeburgo que dej\u00f3 cinco muertos y unos 200 heridos, una iglesia se ha convertido en el punto de encuentro de los ciudadanos. La de San Juan es la iglesia parroquial m\u00e1s antigua de la ciudad, y all\u00ed predic\u00f3 Mart\u00edn Lutero hace 500 a\u00f1os. Aunque en ella ya no se ofrecen servicios religiosos, en su frente se re\u00fanen los que quieren recordar o tratar de entender qu\u00e9 sucedi\u00f3. Otros simplemente buscan consuelo. Flores y velas, un mar de ellas, han sido puestas en el lugar por cientos de manos an\u00f3nimas.<\/p>\n<h2>El terror, m\u00e1s \u00abdenso y palpable\u00bb<\/h2>\n<p>\u00abNo tengo palabras. El terror siempre ha estado ah\u00ed, pero de forma abstracta. Ahora es algo denso y palpable. Simplemente siento tristeza e impotencia\u00bb, dice a DW una mujer que se identifica como Jutta. Dice que tiene muchos amigos m\u00e9dicos, como el atacante. A diferencia de \u00e9ste, empero, sus amigos intentaron ayudar a los heridos.<\/p>\n<figure class=\"placeholder-image master_landscape big\"><img data-format=\"MASTER_LANDSCAPE\" data-id=\"71132499\" data-url=\"https:\/\/static.dw.com\/image\/71132499_${formatId}.jpeg\" data-aspect-ratio=\"16\/9\" alt=\"Jutta siente que el terror ahora es &quot;denso y palpable&quot; en Magdeburgo, tras el ataque.\" style=\"padding-bottom: 56.25%; height: 0; max-height: 0;\"\/><figcaption class=\"img-caption\">Jutta siente que el terror ahora es \u00abdenso y palpable\u00bb en Magdeburgo, tras el ataque.<small class=\"copyright\">Imagen: Marc Erath\/DW<\/small><\/figcaption><\/figure>\n<p>La iglesia se encuentra a pocos metros del mercado navide\u00f1o donde la noche del viernes ocurri\u00f3 la tragedia. Un hombre atropell\u00f3 con un coche reci\u00e9n alquilado a la gente que estaba pac\u00edficamente reunida en el centro de la capital de Sajonia-Anhalt. En cuesti\u00f3n de segundos, todo cambi\u00f3 para cientos de personas que experimentaron terror y odio. Ni hablar de las v\u00edctimas, m\u00e9dicos, amigos y conocidos. En realidad todo Magdeburgo cambi\u00f3 de golpe.<\/p>\n<p>La ma\u00f1ana del s\u00e1bado, a diferencia de lo que deb\u00eda ocurrir en un d\u00eda normal, el mercado navide\u00f1o est\u00e1 cerrado. Y as\u00ed seguir\u00e1. A\u00fan hay patrullas policiales desplegadas por esta ciudad de 240.000 habitantes. Al frente, en cambio, hay un centro comercial que ya abri\u00f3 sus puertas. All\u00ed muchos lesionados y personas traumatizadas encontraron refugio tras el ataque.<\/p>\n<p>La ciudad luce extra\u00f1amente tranquila, quiz\u00e1s paralizada por el estado de shock. En el centro hay periodistas de distintos pa\u00edses, porque est\u00e1 anunciada la visita del canciller Olaf Scholz. Poco antes del mediod\u00eda el dirigente camina por el callej\u00f3n que el atacante se convirti\u00f3 en escena del crimen. Lo acompa\u00f1an el ministro presidente de Sajonia-Anhalt, Reiner Haseloff (Uni\u00f3n Cristianodem\u00f3crata, CDU), la ministra federal del Interior, Nancy Faeser (SPD) y el jefe de la CDU, Friedrich Merz. Todos visten de negro y lucen rostros adultos. Dejan rosas frente a las puertas de la iglesia y permanecen en silencio unos instantes.<\/p>\n<p>Luego se re\u00fanen a puertas cerradas con los m\u00e9dicos, param\u00e9dicos y algunos afectados. No a todos les parece bien que lleguen los pol\u00edticos y algunos critican la puesta en escena como parte de la campa\u00f1a electoral. Unos cuantos lo dejan en claro grit\u00e1ndolo a viva voz. Haseloff es el primero que se enfrenta a los medios. Se ve muy afectado. Hoy es jornada de luto, advierte, \u00abm\u00e1s adelante hablaremos de seguridad\u00bb.<\/p>\n<p><span data-slot-id=\"Article_InContent-1\" class=\"rich-text-ad\"\/><\/p>\n<h2>\u00abMagdeburgo est\u00e1 unido\u00bb<\/h2>\n<p>El canciller habla de un acto \u00abterrible y demencial\u00bb, y pide al pa\u00eds permanecer unido. Scholz, que no se caracteriza precisamente por ser muy emocional, ayud\u00f3 a quienes trabajan tras la tragedia, diciendo que no se quedar\u00e1n solos. Pidi\u00f3 que no sea el \u00abodio\u00bb lo que se impregna ahora en la sociedad, sino la \u00abunidad\u00bb.<\/p>\n<p>Para Mandy Bode el impacto a\u00fan es profundo. Apenas unos minutos antes del ataque hab\u00eda salido del mercado navide\u00f1o. Cuando habla con DW rompe en llanto. El s\u00e1bado lleg\u00f3 frente a la iglesia de San Juan para \u00abmostrar a todos que Magdeburgo est\u00e1 unido\u00bb. No le importa que tambi\u00e9n hayan llegado pol\u00edticos, pero los consideran responsables de lo sucedido. \u00abQue esas personas hayan muerto tambi\u00e9n pesa sobre los hombros de esos pol\u00edticos\u00bb, apunta.<\/p>\n<p>Frente a la iglesia tambi\u00e9n se congregan ultraderechistas que exigen a voz de cuello que los extranjeros sean deportados. Uno de ellos lleva una pulsera con la bandera del Reich alem\u00e1n. Pero personas como Jutta y Mandy no quieren que la jornada se vea empa\u00f1ada y ocupada por extremistas, y los expulsan del lugar resueltamente. El d\u00eda es en memoria de quienes partieron, y para nada m\u00e1s.<\/p>\n<p>(dzc\/lgc)<\/p>\n<\/div>\n\n","protected":false},"excerpt":{"rendered":"<p>En las dif\u00edciles horas que han pasado desde el ataque en el mercado navide\u00f1o de Magdeburgo que dej\u00f3 cinco muertos y unos 200 heridos, una iglesia se ha convertido en el punto de encuentro de los ciudadanos. La de San Juan es la iglesia parroquial m\u00e1s antigua de la ciudad, y all\u00ed predic\u00f3 Mart\u00edn Lutero &hellip;<\/p>\n","protected":false},"author":1,"featured_media":7467,"comment_status":"open","ping_status":"open","sticky":false,"template":"","format":"standard","meta":{"fifu_image_url":"https:\/\/static.dw.com\/image\/71131317_6.jpg","fifu_image_alt":"","footnotes":""},"categories":[13],"tags":[],"class_list":["post-7466","post","type-post","status-publish","format-standard","has-post-thumbnail","","category-mundo"],"_links":{"self":[{"href":"https:\/\/noticiasveraces.com\/index.php?rest_route=\/wp\/v2\/posts\/7466","targetHints":{"allow":["GET"]}}],"collection":[{"href":"https:\/\/noticiasveraces.com\/index.php?rest_route=\/wp\/v2\/posts"}],"about":[{"href":"https:\/\/noticiasveraces.com\/index.php?rest_route=\/wp\/v2\/types\/post"}],"author":[{"embeddable":true,"href":"https:\/\/noticiasveraces.com\/index.php?rest_route=\/wp\/v2\/users\/1"}],"replies":[{"embeddable":true,"href":"https:\/\/noticiasveraces.com\/index.php?rest_route=%2Fwp%2Fv2%2Fcomments&post=7466"}],"version-history":[{"count":0,"href":"https:\/\/noticiasveraces.com\/index.php?rest_route=\/wp\/v2\/posts\/7466\/revisions"}],"wp:featuredmedia":[{"embeddable":true,"href":"https:\/\/noticiasveraces.com\/index.php?rest_route=\/wp\/v2\/media\/7467"}],"wp:attachment":[{"href":"https:\/\/noticiasveraces.com\/index.php?rest_route=%2Fwp%2Fv2%2Fmedia&parent=7466"}],"wp:term":[{"taxonomy":"category","embeddable":true,"href":"https:\/\/noticiasveraces.com\/index.php?rest_route=%2Fwp%2Fv2%2Fcategories&post=7466"},{"taxonomy":"post_tag","embeddable":true,"href":"https:\/\/noticiasveraces.com\/index.php?rest_route=%2Fwp%2Fv2%2Ftags&post=7466"}],"curies":[{"name":"wp","href":"https:\/\/api.w.org\/{rel}","templated":true}]}}