{"id":7456,"date":"2024-12-22T11:11:32","date_gmt":"2024-12-22T15:11:32","guid":{"rendered":"https:\/\/noticiasveraces.com\/?p=7456"},"modified":"2024-12-22T11:11:32","modified_gmt":"2024-12-22T15:11:32","slug":"ministro-de-exteriores-turco-se-reune-con-nuevo-lider-sirio-dw-22-12-2024","status":"publish","type":"post","link":"https:\/\/noticiasveraces.com\/?p=7456","title":{"rendered":"Ministro de Exteriores turco se re\u00fane con nuevo l\u00edder sirio \u2013 DW \u2013 22\/12\/2024"},"content":{"rendered":"<p> \n<\/p>\n<div>\n<p>El ministro de Exteriores de Turqu\u00eda, Hakan Fidan, se reuni\u00f3 este domingo (22.12.2024) en Damasco con el l\u00edder de facto de Siria, Ahmed al Sharaa, antes conocido como Abu Mohamed al Jolani y dirigente del grupo ultraislamista Hayat Tahrir al Sham ( HTS), que derroc\u00f3 el r\u00e9gimen de Bashar al Asad, seg\u00fan informaci\u00f3n proporcionada por el Ministerio de Asuntos Exteriores de Turqu\u00eda.<\/p>\n<p>Fidan se reuni\u00f3 con Al Sharaa y con el ministro de Exteriores del Gobierno transicional sirio, Asaad Hasan al Shaibani, acompa\u00f1ado del viceministro de Exteriores turco, Nuh Yilmaz, y el encargado de negocios de la embajada turca en Damasco, Burhan K\u00f6roglu, inform\u00f3 la agencia turca Anadolu, citando \u00abfuentes diplom\u00e1ticas\u00bb. En un v\u00eddeo difundido por Ankara se ve a Fidan y Al Sharaa salud\u00e1ndose y abraz\u00e1ndose.<\/p>\n<p>El encuentro tuvo lugar en un punto no preciso de la capital siria. Fidan hab\u00eda anunciado el viernes que planeaba viajar a Damasco y reunirse con la nueva administraci\u00f3n Siria. Ya el 12 de diciembre pasado el jefe de los servicios secretos turcos, Ibrahim Kalin, viaj\u00f3 a Damasco y dos d\u00edas m\u00e1s tarde, Turqu\u00eda reabri\u00f3 su embajada en la capital siria.<\/p>\n<h2>El rol de Ankara<\/h2>\n<p>K\u00f6roglu dijo la noche del s\u00e1bado a la emisora \u200b\u200bturca TVNet que despu\u00e9s de la visita de Fidan, tambi\u00e9n el presidente turco, Recep Tayyip Erdogan, tiene previsto viajar a Damasco, aunque no precis\u00f3 fechas. Desde el inicio del levantamiento contra Al Asad en 2011, Turqu\u00eda es considerada un apoyo clave para la oposici\u00f3n a su r\u00e9gimen, y ha acogido a opositores y millones de refugiados, adem\u00e1s de respaldar a grupos armados rebeldes.<\/p>\n<p>Sin embargo, Turqu\u00eda rechaz\u00f3 los comentarios del presidente electo de Estados Unidos, Donald Trump, quien calific\u00f3 la victoria de los rebeldes en Siria como una \u00abtoma de poder hostil\u00bb por parte de Ankara. La ofensiva de Hayat Tahrir al Sham, que derroc\u00f3 el r\u00e9gimen de Al Asad en la primera semana de diciembre, parti\u00f3 de las zonas del norte de Siria, bajo control militar turco, aunque Ankara ha negado haber estado implicada en los combates.<\/p>\n<p>DZC (AFP, EFE)<\/p>\n<\/div>\n\n","protected":false},"excerpt":{"rendered":"<p>El ministro de Exteriores de Turqu\u00eda, Hakan Fidan, se reuni\u00f3 este domingo (22.12.2024) en Damasco con el l\u00edder de facto de Siria, Ahmed al Sharaa, antes conocido como Abu Mohamed al Jolani y dirigente del grupo ultraislamista Hayat Tahrir al Sham ( HTS), que derroc\u00f3 el r\u00e9gimen de Bashar al Asad, seg\u00fan informaci\u00f3n proporcionada por &hellip;<\/p>\n","protected":false},"author":1,"featured_media":7457,"comment_status":"open","ping_status":"open","sticky":false,"template":"","format":"standard","meta":{"fifu_image_url":"https:\/\/static.dw.com\/image\/71137080_6.jpg","fifu_image_alt":"","footnotes":""},"categories":[13],"tags":[],"class_list":["post-7456","post","type-post","status-publish","format-standard","has-post-thumbnail","","category-mundo"],"_links":{"self":[{"href":"https:\/\/noticiasveraces.com\/index.php?rest_route=\/wp\/v2\/posts\/7456","targetHints":{"allow":["GET"]}}],"collection":[{"href":"https:\/\/noticiasveraces.com\/index.php?rest_route=\/wp\/v2\/posts"}],"about":[{"href":"https:\/\/noticiasveraces.com\/index.php?rest_route=\/wp\/v2\/types\/post"}],"author":[{"embeddable":true,"href":"https:\/\/noticiasveraces.com\/index.php?rest_route=\/wp\/v2\/users\/1"}],"replies":[{"embeddable":true,"href":"https:\/\/noticiasveraces.com\/index.php?rest_route=%2Fwp%2Fv2%2Fcomments&post=7456"}],"version-history":[{"count":0,"href":"https:\/\/noticiasveraces.com\/index.php?rest_route=\/wp\/v2\/posts\/7456\/revisions"}],"wp:featuredmedia":[{"embeddable":true,"href":"https:\/\/noticiasveraces.com\/index.php?rest_route=\/wp\/v2\/media\/7457"}],"wp:attachment":[{"href":"https:\/\/noticiasveraces.com\/index.php?rest_route=%2Fwp%2Fv2%2Fmedia&parent=7456"}],"wp:term":[{"taxonomy":"category","embeddable":true,"href":"https:\/\/noticiasveraces.com\/index.php?rest_route=%2Fwp%2Fv2%2Fcategories&post=7456"},{"taxonomy":"post_tag","embeddable":true,"href":"https:\/\/noticiasveraces.com\/index.php?rest_route=%2Fwp%2Fv2%2Ftags&post=7456"}],"curies":[{"name":"wp","href":"https:\/\/api.w.org\/{rel}","templated":true}]}}