{"id":7452,"date":"2024-12-22T09:05:13","date_gmt":"2024-12-22T13:05:13","guid":{"rendered":"https:\/\/noticiasveraces.com\/?p=7452"},"modified":"2024-12-22T09:05:13","modified_gmt":"2024-12-22T13:05:13","slug":"francisco-vuelve-a-criticar-la-crueldad-de-ataques-israelies-dw-22-12-2024","status":"publish","type":"post","link":"https:\/\/noticiasveraces.com\/?p=7452","title":{"rendered":"Francisco vuelve a criticar la \u201ccrueldad\u201d de ataques israel\u00edes \u2013 DW \u2013 22\/12\/2024"},"content":{"rendered":"<p> \n<\/p>\n<div>\n<p>El papa Francisco conden\u00f3 nuevamente este domingo (22.12.2024) \u00abla crueldad\u00bb de los bombardeos israel\u00edes en Gaza, tras haberlo hecho el s\u00e1bado ya a pesar de las cr\u00edticas de la diplomacia israel\u00ed, que lo acus\u00f3 de usar un \u00abdoble rasero\u00bb. Tras el rezo del \u00c1ngelus dominical, el l\u00edder religioso invoc\u00f3 la necesidad de imponer un alto el fuego navide\u00f1o en todo el mundo.<\/p>\n<p>\u00abEs con dolor que pienso en Gaza, en tanta crueldad, en los ni\u00f1os ametrallados, en los bombardeos de escuelas y hospitales. \u00a1Cu\u00e1nta crueldad!\u00bb, dijo el l\u00edder religioso argentino al final del rezo. Ya el s\u00e1bado, Francisco hab\u00eda criticado la muerte de siete ni\u00f1os de una misma familia en Gaza. \u00abayer [viernes] bombardearon a ni\u00f1os. No es la guerra, es una crueldad. Y quiero decirlo porque es algo que me conmueve\u201d, dijo entonces.<\/p>\n<p>Tras el \u00c1ngelus, Francisco tambi\u00e9n abog\u00f3 porque \u00aben Navidad pueda llegar un alto el fuego en todos los frentes de guerra\u00bb, desde la Tierra Santa y \u00abtodo\u00bb Medio Oriente y Ucrania. Tambi\u00e9n record\u00f3 este pa\u00eds, que afronta un nuevo invierno invadido por Rusia: \u00abLa martirizada Ucrania sigue siendo golpeada por ataques a las ciudades que a veces da\u00f1an escuelas, hospitales e iglesias. Que callen las armas y resuenen los cantos navide\u00f1os\u00bb, inst\u00f3.<\/p>\n<h2>\u00abBasta de se\u00f1alar al Estado jud\u00edo\u201d<\/h2>\n<p>El s\u00e1bado, las autoridades israel\u00edes hab\u00edan reaccionado con indignaci\u00f3n a las palabras de Francisco. \u00abLos comentarios del papa son particularmente decepcionantes, porque est\u00e1n desconectados del contexto real y concreto de la lucha de Israel contra el terrorismo yihadista\u201d, reaccion\u00f3 la canciller\u00eda israel\u00ed. \u00abBasta ya de dobles raseros y de se\u00f1alar al Estado jud\u00edo ya su pueblo\u201d, a\u00f1adido. \u00abLa crueldad es que los terroristas se esconden detr\u00e1s de ni\u00f1os mientras intentan asesinar a ni\u00f1os israel\u00edes\u201d, insisti\u00f3 la diplomacia israel\u00ed.<\/p>\n<p>El conflicto armado de Gaza estall\u00f3 tras el ataque sin precedentes del movimiento islamista palestino Ham\u00e1s en Israel el 7 de octubre de 2023, en el que murieron 1.208 personas, en su mayor\u00eda civiles. Desde entonces, m\u00e1s de 45.000 palestinos han muerto en la campa\u00f1a israel\u00ed de represalia en el territorio palestino, sobre todos los civiles, seg\u00fan datos del Ministerio de Salud de Gaza, considerados fiables por la ONU.<\/p>\n<p>DZC (EFE, AFP)<\/p>\n<\/div>\n\n","protected":false},"excerpt":{"rendered":"<p>El papa Francisco conden\u00f3 nuevamente este domingo (22.12.2024) \u00abla crueldad\u00bb de los bombardeos israel\u00edes en Gaza, tras haberlo hecho el s\u00e1bado ya a pesar de las cr\u00edticas de la diplomacia israel\u00ed, que lo acus\u00f3 de usar un \u00abdoble rasero\u00bb. Tras el rezo del \u00c1ngelus dominical, el l\u00edder religioso invoc\u00f3 la necesidad de imponer un alto &hellip;<\/p>\n","protected":false},"author":1,"featured_media":7453,"comment_status":"open","ping_status":"open","sticky":false,"template":"","format":"standard","meta":{"fifu_image_url":"https:\/\/static.dw.com\/image\/71134481_6.jpg","fifu_image_alt":"","footnotes":""},"categories":[13],"tags":[],"class_list":["post-7452","post","type-post","status-publish","format-standard","has-post-thumbnail","","category-mundo"],"_links":{"self":[{"href":"https:\/\/noticiasveraces.com\/index.php?rest_route=\/wp\/v2\/posts\/7452","targetHints":{"allow":["GET"]}}],"collection":[{"href":"https:\/\/noticiasveraces.com\/index.php?rest_route=\/wp\/v2\/posts"}],"about":[{"href":"https:\/\/noticiasveraces.com\/index.php?rest_route=\/wp\/v2\/types\/post"}],"author":[{"embeddable":true,"href":"https:\/\/noticiasveraces.com\/index.php?rest_route=\/wp\/v2\/users\/1"}],"replies":[{"embeddable":true,"href":"https:\/\/noticiasveraces.com\/index.php?rest_route=%2Fwp%2Fv2%2Fcomments&post=7452"}],"version-history":[{"count":0,"href":"https:\/\/noticiasveraces.com\/index.php?rest_route=\/wp\/v2\/posts\/7452\/revisions"}],"wp:featuredmedia":[{"embeddable":true,"href":"https:\/\/noticiasveraces.com\/index.php?rest_route=\/wp\/v2\/media\/7453"}],"wp:attachment":[{"href":"https:\/\/noticiasveraces.com\/index.php?rest_route=%2Fwp%2Fv2%2Fmedia&parent=7452"}],"wp:term":[{"taxonomy":"category","embeddable":true,"href":"https:\/\/noticiasveraces.com\/index.php?rest_route=%2Fwp%2Fv2%2Fcategories&post=7452"},{"taxonomy":"post_tag","embeddable":true,"href":"https:\/\/noticiasveraces.com\/index.php?rest_route=%2Fwp%2Fv2%2Ftags&post=7452"}],"curies":[{"name":"wp","href":"https:\/\/api.w.org\/{rel}","templated":true}]}}