{"id":7426,"date":"2024-12-22T04:45:12","date_gmt":"2024-12-22T08:45:12","guid":{"rendered":"https:\/\/noticiasveraces.com\/?p=7426"},"modified":"2024-12-22T04:45:12","modified_gmt":"2024-12-22T08:45:12","slug":"lo-que-se-sabe-del-sospechoso-del-atentado-en-magdeburgo-dw-22-12-2024","status":"publish","type":"post","link":"https:\/\/noticiasveraces.com\/?p=7426","title":{"rendered":"Lo que se sabe del sospechoso del atentado en Magdeburgo \u2013 DW \u2013 22\/12\/2024"},"content":{"rendered":"<p> \n<\/p>\n<div>\n<p>Tras el mortal ataque del 20 de diciembre en un mercado navide\u00f1o de Magdeburgo, en Alemania, un sospechoso fue detenido casi de inmediato.<\/p>\n<p>La noche del ataque, el primer ministro del estado de Sajonia-Anhalt, Reiner Haseloff, dijo ya que el sospechoso es un hombre de 50 a\u00f1os originario de Arabia Saudita que lleva 18 a\u00f1os viviendo en Alemania, y que probablemente hab\u00eda actuado solo. Al d\u00eda siguiente, las autoridades ya hablaban de \u00abatentado\u00bb, aunque sin confirmar si se trataba de un delito de \u00abterrorismo\u00bb.<\/p>\n<p>Varios medios de comunicaci\u00f3n alemanes identificaron r\u00e1pidamente al hombre como Talib A.* e informaron que era un especialista en psiquiatr\u00eda y psicoterapia, que ejerc\u00eda su profesi\u00f3n en Bernburg, a unos 40 kil\u00f3metros al sur de Magdeburgo, donde fue el ataque.<\/p>\n<p>El hombre, de origen musulm\u00e1n, abandon\u00f3 su religi\u00f3n y se convirti\u00f3 en un cr\u00edtico activo del Islam y su trato a las mujeres, en particular en su pa\u00eds natal.<\/p>\n<h2>Un rastro de odio en las redes sociales<\/h2>\n<p>El sospechoso se describe a s\u00ed mismo como un exmusulm\u00e1n y un disidente saudita, y era un usuario entusiasta de la red social X (antes Twitter), donde ten\u00eda alrededor de 47.000 seguidores.<\/p>\n<p>All\u00ed publicaba o retuiteaba diariamente, principalmente sobre temas antiisl\u00e1micos. A menudo criticaba la religi\u00f3n y felicitaba a los musulmanes que abandonaban la fe.<\/p>\n<p>Seg\u00fan una entrevista que le hizo la BBC en 2022, Talib A. cre\u00f3 un sitio web llamado \u00abWe Are Saudis\u00bb (<em>wearesaudis.net<\/em>) que, seg\u00fan dice, utiliz\u00f3 para ayudar a activistas saud\u00edes y exmusulmanes a escapar de Arabia Saudita y otros pa\u00edses del Golfo. Le dijo a la BBC que a menudo se le acercaban mujeres saud\u00edes m\u00e1s j\u00f3venes que intentaban escapar de sus familias.<\/p>\n<p>Sin embargo, el peri\u00f3dico brit\u00e1nico <em>Tel\u00e9grafo diario<\/em> informa que algunos otros disidentes lo consideraron demasiado intenso y lo evitaban.<\/p>\n<p>Sus opiniones se inclinaban hacia la islamofobia y con frecuencia publicaba contenido que se hac\u00eda eco de la ret\u00f3rica de extrema derecha. A menudo criticaba la pol\u00edtica migratoria de Alemania porque afirmaba que hab\u00eda permitido la entrada de demasiados musulmanes al pa\u00eds y culpaba a Angela Merkel, excanciller de Alemania, por supuestamente permitir que eso sucediera.<\/p>\n<p>En diciembre, comparti\u00f3 un v\u00eddeo sobre mujeres afganas a las que los talibanes prohib\u00edan el acceso a las universidades y coment\u00f3 que \u00absi Merkel hubiera logrado su plan, esto ser\u00eda Alemania en este momento\u00bb.<\/p>\n<p>El mismo d\u00eda, tambi\u00e9n public\u00f3 que \u00abMerkel debe pasar el resto de su vida en prisi\u00f3n como castigo por su proyecto criminal secreto de islamizar Europa. Pero si se restablece la pena de muerte, merece ser ejecutada\u00bb. Este apoyo a la extrema derecha y sus preocupaciones sobre el Islam en Europa se remontan al menos a 2016.<\/p>\n<p>Cada vez estaba m\u00e1s enfadado con Alemania. \u00abTengo que admitir que me enga\u00f1aron los izquierdistas occidentales\u00bb, escribi\u00f3 en otra publicaci\u00f3n en X. \u00abPens\u00e9 que recibiran a los refugiados porque se preocupaban por los derechos humanos. Pero mi experiencia en Alemania me demostr\u00f3 que recib\u00edan a los refugiados porque quieren islamizar Europa \u00ab.<\/p>\n<p>Taleb A. tambi\u00e9n apoy\u00f3 al partido ultraderechista Alternativa para Alemania (AfD). \u00abLa AfD y yo luchamos contra el mismo enemigo\u00bb, escribi\u00f3 en las redes sociales. Tambi\u00e9n elogi\u00f3 a figuras de extrema derecha como el holand\u00e9s Geert Wilders y el extremista brit\u00e1nico Tommy Robinson, as\u00ed como al propietario de X, el multimillonario Elon Musk.<\/p>\n<figure class=\"placeholder-image master_landscape big\"><img data-format=\"MASTER_LANDSCAPE\" data-id=\"71130171\" data-url=\"https:\/\/static.dw.com\/image\/71130171_${formatId}.jpg\" data-aspect-ratio=\"16\/9\" alt=\"Imagen del mercadillo de Navidad de Magdeburgo, acordonado por la polic\u00eda tras el atentado.\" style=\"padding-bottom: 56.25%; height: 0; max-height: 0;\"\/><figcaption class=\"img-caption\">Imagen del mercadillo de Navidad de Magdeburgo, acordonado por la polic\u00eda tras el atentado.<small class=\"copyright\">Imagen: Ebrahim Noroozi\/AP Foto\/Picture Alliance<\/small><\/figcaption><\/figure>\n<h2>Contacto con los medios de comunicaci\u00f3n en Alemania<\/h2>\n<p>Talib A. busc\u00f3 activamente la exposici\u00f3n medi\u00e1tica de su causa. En 2019, \u00e9l y su sitio web aparecieron en informes de medios de comunicaci\u00f3n de Alemania, el Reino Unido y otros pa\u00edses, incluido el peri\u00f3dico. <em>Frankfurter Allgemeine<\/em>. Talib A. tambi\u00e9n hab\u00eda estado en contacto con Deutsche Welle. DW ha publicado esta declaraci\u00f3n sobre ese contacto:<\/p>\n<ul>\n<li>Talib A., el presunto autor del ataque al mercado navide\u00f1o de Magdeburgo, estuvo en contacto con DW.<\/li>\n<li>En marzo de 2021, el m\u00e9dico de 50 a\u00f1os de Arabia Saudita se puso en contacto a trav\u00e9s de Twitter. Acus\u00f3 a Arabia Saudita ya los saud\u00edes en Alemania de espiarlo. Tambi\u00e9n acus\u00f3 a las autoridades alemanas de no tomarlo en serio y de no emprender ninguna acci\u00f3n.<\/li>\n<li>En un mensaje a DW en octubre de 2023, escribi\u00f3: \u00ab\u00a1Se negaron incluso a abrir una investigaci\u00f3n! Con el argumento de que no hay inter\u00e9s p\u00fablico. [\u2026] Dejan a un refugiado saudita expuesto a la intimidaci\u00f3n, la vigilancia y la persecuci\u00f3n sin siquiera realizar una investigaci\u00f3n de una hora para obtener al menos una primera impresi\u00f3n\u00bb.<\/li>\n<li>Sin embargo, DW no pudo verificar de forma independiente muchas de sus afirmaciones.<\/li>\n<li>En noviembre y diciembre de 2024, se ofreci\u00f3 aparecer en DW y presentar pruebas p\u00fablicamente. Al no recibir respuesta, se rompi\u00f3 el contacto.<\/li>\n<\/ul>\n<p><span data-slot-id=\"Article_InContent-1\" class=\"rich-text-ad\"\/><\/p>\n<h2>Entrevista: Alemania \u00ablibrando la guerra contra los exmusulmanes\u00bb<\/h2>\n<p>S\u00f3lo unos d\u00edas antes del ataque de Magdeburgo, concedi\u00f3 una entrevista a la Fundaci\u00f3n RAIR, un sitio web conocido para presentar contenido antivacunas y antimusulm\u00e1n. Aunque la fundaci\u00f3n sustituy\u00f3 posteriormente la entrevista del 12 de diciembre por un texto completamente distinto, se puede encontrar en versiones archivadas del sitio.<\/p>\n<p>\u00abAlemania -y gran parte de Occidente- no s\u00f3lo est\u00e1 facilitando la islamizaci\u00f3n de sus sociedades, sino que tambi\u00e9n est\u00e1 persiguiendo activamente a los refugiados leg\u00edtimos que huyen de la opresi\u00f3n de la Sharia\u00bb, afirmaba en la entrevista. Tambi\u00e9n que Alemania estaba \u00ablibrando una guerra contra los exmusulmanes\u00bb.<\/p>\n<p>En su cuenta personal de X, afirm\u00f3 que ten\u00eda pruebas de que las autoridades alemanas comet\u00edan \u00abuna serie de cr\u00edmenes deliberados contra los refugiados sauditas\u00bb. \u00abLes aseguro que si Alemania quiere una guerra, la libraremos\u00bb, escribi\u00f3 en una publicaci\u00f3n. \u00abSi Alemania quiere matarnos, los masacraremos, moriremos o iremos a prisi\u00f3n con orgullo\u00bb.<\/p>\n<figure class=\"placeholder-image master_landscape big\"><img data-format=\"MASTER_LANDSCAPE\" data-id=\"60144861\" data-url=\"https:\/\/static.dw.com\/image\/60144861_${formatId}.jpg\" data-aspect-ratio=\"16\/9\" alt=\"Varias ambulancias y personal de emergencias junto a dos veh\u00edculos en el lugar de los hechos.\" style=\"padding-bottom: 56.25%; height: 0; max-height: 0;\"\/><figcaption class=\"img-caption\">Imagen tras el ataque en Volkmarsen contra una multitud que presenciaba un desfile de carnaval el pasado 24 de febrero.<small class=\"copyright\">Imagen: Uwe Zucchi\/dpa\/Picture Alliance<\/small><\/figcaption><\/figure>\n<h2>Los vehiculos como arma<\/h2>\n<p>A pesar de las diversas publicaciones de Talib A. y sus opiniones pol\u00edticas cada vez m\u00e1s extremistas, las autoridades alemanas a\u00fan no han publicado informaci\u00f3n sobre cu\u00e1l creen que fue su motivo para entrar en el mercado navide\u00f1o de Magdeburgo. \u00abS\u00f3lo podemos decir con certeza que el autor era obviamente islam\u00f3fobo\u00bb, dijo el s\u00e1bado a los periodistas la ministra del Interior alemana, Nancy Faeser.<\/p>\n<p>En los \u00faltimos a\u00f1os se han producido varios incidentes similares con veh\u00edculos en Alemania. El m\u00e1s conocido es probablemente un ataque terrorista en un mercado navide\u00f1o de Berl\u00edn el 19 de diciembre de 2016, perpetrado por el extremista islamista Anis Amri. En \u00e9l, 13 personas murieron y decenas resultaron heridas. Amri aparentemente estuvo motivado por los llamamientos del grupo extremista Estado Isl\u00e1mico para llevar a cabo ataques de bajo costo en Occidente.<\/p>\n<p>Pero otros ataques estaban relacionados con enfermedades mentales y extremismo de extrema derecha. En 2022, un enfermo mental se meti\u00f3 en una concurrida calle comercial de Berl\u00edn y mat\u00f3 a una persona. En 2020, otro hombre se balance\u00f3 sobre una multitud en la plena celebraci\u00f3n del carnaval en la peque\u00f1a ciudad de Volkmarsen, en el estado de Hesse. Su motivaci\u00f3n nunca se ha aclarado, ya que se neg\u00f3 a hablar con los investigadores. Fue condenado a cadena perpetua.<\/p>\n<p>(lgc\/dzc)<\/p>\n<p><em>*Nota del editor: DW sigue el c\u00f3digo de prensa alem\u00e1n, que destaca la importancia de proteger la privacidad de los presuntos delincuentes o las v\u00edctimas y nos insta a abstenernos de revelar los nombres completos de los presuntos delincuentes.<\/em><\/p>\n<\/div>\n\n","protected":false},"excerpt":{"rendered":"<p>Tras el mortal ataque del 20 de diciembre en un mercado navide\u00f1o de Magdeburgo, en Alemania, un sospechoso fue detenido casi de inmediato. La noche del ataque, el primer ministro del estado de Sajonia-Anhalt, Reiner Haseloff, dijo ya que el sospechoso es un hombre de 50 a\u00f1os originario de Arabia Saudita que lleva 18 a\u00f1os &hellip;<\/p>\n","protected":false},"author":1,"featured_media":7427,"comment_status":"open","ping_status":"open","sticky":false,"template":"","format":"standard","meta":{"fifu_image_url":"https:\/\/static.dw.com\/image\/71127987_6.jpg","fifu_image_alt":"","footnotes":""},"categories":[13],"tags":[],"class_list":["post-7426","post","type-post","status-publish","format-standard","has-post-thumbnail","","category-mundo"],"_links":{"self":[{"href":"https:\/\/noticiasveraces.com\/index.php?rest_route=\/wp\/v2\/posts\/7426","targetHints":{"allow":["GET"]}}],"collection":[{"href":"https:\/\/noticiasveraces.com\/index.php?rest_route=\/wp\/v2\/posts"}],"about":[{"href":"https:\/\/noticiasveraces.com\/index.php?rest_route=\/wp\/v2\/types\/post"}],"author":[{"embeddable":true,"href":"https:\/\/noticiasveraces.com\/index.php?rest_route=\/wp\/v2\/users\/1"}],"replies":[{"embeddable":true,"href":"https:\/\/noticiasveraces.com\/index.php?rest_route=%2Fwp%2Fv2%2Fcomments&post=7426"}],"version-history":[{"count":0,"href":"https:\/\/noticiasveraces.com\/index.php?rest_route=\/wp\/v2\/posts\/7426\/revisions"}],"wp:featuredmedia":[{"embeddable":true,"href":"https:\/\/noticiasveraces.com\/index.php?rest_route=\/wp\/v2\/media\/7427"}],"wp:attachment":[{"href":"https:\/\/noticiasveraces.com\/index.php?rest_route=%2Fwp%2Fv2%2Fmedia&parent=7426"}],"wp:term":[{"taxonomy":"category","embeddable":true,"href":"https:\/\/noticiasveraces.com\/index.php?rest_route=%2Fwp%2Fv2%2Fcategories&post=7426"},{"taxonomy":"post_tag","embeddable":true,"href":"https:\/\/noticiasveraces.com\/index.php?rest_route=%2Fwp%2Fv2%2Ftags&post=7426"}],"curies":[{"name":"wp","href":"https:\/\/api.w.org\/{rel}","templated":true}]}}