{"id":7401,"date":"2024-12-22T00:30:14","date_gmt":"2024-12-22T04:30:14","guid":{"rendered":"https:\/\/noticiasveraces.com\/?p=7401"},"modified":"2024-12-22T00:30:14","modified_gmt":"2024-12-22T04:30:14","slug":"israel-rechaza-discurso-del-papa-francisco-sobre-gaza-dw-22-12-2024","status":"publish","type":"post","link":"https:\/\/noticiasveraces.com\/?p=7401","title":{"rendered":"Israel rechaza discurso del papa Francisco sobre Gaza \u2013 DW \u2013 22\/12\/2024"},"content":{"rendered":"<p> \n<\/p>\n<div>\n<p>El Ministerio de Asuntos Exteriores de Israel conden\u00f3 este domingo (22.12.2024) el discurso de Navidad del papa Francisco, en el que critic\u00f3 que los ataques contra Gaza son \u00abcrueldad, no guerra\u00bb, indicando que el sumo pont\u00edfice \u00abest\u00e1 ignorando la crueldad\u00bb. de Ham\u00e1s\u00bb.<\/p>\n<p>\u00abLa crueldad es que los terroristas se esconden detr\u00e1s de ni\u00f1os mientras intentan asesinar a ni\u00f1os israel\u00edes; la crueldad es mantener a 100 rehenes durante 442 d\u00edas, incluido un beb\u00e9 y ni\u00f1os, por terroristas y abusar de ellos. Desafortunadamente, el pap\u00e1 ha optado por ignorar todo esto\u201d, escribi\u00f3 el ministerio en X.<\/p>\n<p>Este s\u00e1bado, el papa Francisco asever\u00f3 durante la audiencia de celebraci\u00f3n de Navidad a la Curia romana, que est\u00e1 informado de los ataques de Israel a trav\u00e9s de las llamadas telef\u00f3nicas que realizan a la parroquia de la Sagrada Familia, la \u00fanica iglesia cat\u00f3lica en la Franja. de Gaza.<\/p>\n<p>\u00abAyer bombardearon a ni\u00f1os. Esto es crueldad, esto no es guerra, quiero decirlo porque toca el coraz\u00f3n\u00bb, a\u00f1adi\u00f3 Francisco.<\/p>\n<p>Francisco ha pedido en numerosas ocasiones un alto el fuego en Gaza, como en la reciente audiencia que se mantuvo en el Vaticano el pasado 12 de diciembre con el presidente palestino, Mahmud Ab\u00e1s, en la que abordaron \u00abla grav\u00edsima situaci\u00f3n humanitaria\u00bb en la Franja, inform\u00f3 seg\u00fan el Vaticano. <\/p>\n<h2>Cerca de un acuerdo<\/h2>\n<p>En las \u00faltimas semanas, tanto Israel como Ham\u00e1s han anunciado que est\u00e1n cerca de un acuerdo para la liberaci\u00f3n de los 97 rehenes que permanecen en Gaza desde el 7 de octubre de 2023, su intercambio por prisioneros palestinos y la implementaci\u00f3n de un alto el fuego.<\/p>\n<p>Una de las principales demandas de Israel en el marco de las negociaciones para el alto el fuego en Gaza es que Ham\u00e1s no forme parte del pr\u00f3ximo gobierno del enclave cuando termine la guerra.<\/p>\n<p>Desde el inicio de la guerra en Gaza, el 7 de octubre de 2023, tras el mortal ataque de Ham\u00e1s, se han registrado m\u00e1s de 45.000 muertos y 100.000 heridos. La autoridad sanitaria del enclave estima que al menos 11.000 personas est\u00e1n desaparecidas entre los escombros.<\/p>\n<p>Adem\u00e1s, ha se\u00f1alado que cerca del 90 % de la infraestructura civil, incluidos hospitales, ha sido destruido por los ataques israel\u00edes, dejando a la poblaci\u00f3n en condiciones de extrema vulnerabilidad.<\/p>\n<p>mg (efe, afp)<\/p>\n<div class=\"vjs-wrapper embed big\">\n<h2 aria-label=\"Video integrado \u2014 Ultranacionalistas israel\u00edes planean regreso a Gaza\" class=\"headline\"><svg xmlns=\"http:\/\/www.w3.org\/2000\/svg\" viewbox=\"0 0 20 20\"><g fill-rule=\"evenodd\"><path d=\"M14.114 7.599H13.5l.002 4.706h.601l4.582 3.25-.005-11.11zM11.084 4.444l-9.007.002-1.336.797.002 9.514 1.334.793 9.007.006 1.509-.799-.004-9.516z\"\/><\/g><\/svg>Ultranacionalistas israel\u00edes planean regreso a Gaza<\/h2>\n<p><video id=\"video-71100916\" controls=\"\" playsinline=\"\" preload=\"none\" poster=\"data:image\/png;base64,iVBORw0KGgoAAAANSUhEUgAAAAEAAAABCAQAAAC1HAwCAAAAC0lEQVR42mNkYAAAAAYAAjCB0C8AAAAASUVORK5CYII=\" data-id=\"71100916\" data-posterurl=\"https:\/\/static.dw.com\/image\/71089760_605.webp\" data-duration=\"05:08\"><source src=\"https:\/\/hlsvod.dw.com\/i\/dwtv_video\/flv\/js\/js20241218_GAZALEFT07C_,AVC_480x270,AVC_512x288,AVC_640x360,AVC_960x540,AVC_1280x720,AVC_1920x1080,.mp4.csmil\/master.m3u8\" type=\"application\/x-mpegURL\"><source src=\"https:\/\/tvdownloaddw-a.akamaihd.net\/dwtv_video\/flv\/js\/js20241218_GAZALEFT07C_AVC_1920x1080.mp4\" type=\"video\/mp4\"><p class=\"vjs-no-js\">Para ver este video, habilite JavaScript y considere actualizar a un navegador web que admita videos HTML5.<\/p>\n<p><\/source><\/source><\/video><\/div>\n<\/div>\n\n","protected":false},"excerpt":{"rendered":"<p>El Ministerio de Asuntos Exteriores de Israel conden\u00f3 este domingo (22.12.2024) el discurso de Navidad del papa Francisco, en el que critic\u00f3 que los ataques contra Gaza son \u00abcrueldad, no guerra\u00bb, indicando que el sumo pont\u00edfice \u00abest\u00e1 ignorando la crueldad\u00bb. de Ham\u00e1s\u00bb. \u00abLa crueldad es que los terroristas se esconden detr\u00e1s de ni\u00f1os mientras intentan &hellip;<\/p>\n","protected":false},"author":1,"featured_media":7402,"comment_status":"open","ping_status":"open","sticky":false,"template":"","format":"standard","meta":{"fifu_image_url":"https:\/\/static.dw.com\/image\/71134475_6.jpg","fifu_image_alt":"","footnotes":""},"categories":[13],"tags":[],"class_list":["post-7401","post","type-post","status-publish","format-standard","has-post-thumbnail","","category-mundo"],"_links":{"self":[{"href":"https:\/\/noticiasveraces.com\/index.php?rest_route=\/wp\/v2\/posts\/7401","targetHints":{"allow":["GET"]}}],"collection":[{"href":"https:\/\/noticiasveraces.com\/index.php?rest_route=\/wp\/v2\/posts"}],"about":[{"href":"https:\/\/noticiasveraces.com\/index.php?rest_route=\/wp\/v2\/types\/post"}],"author":[{"embeddable":true,"href":"https:\/\/noticiasveraces.com\/index.php?rest_route=\/wp\/v2\/users\/1"}],"replies":[{"embeddable":true,"href":"https:\/\/noticiasveraces.com\/index.php?rest_route=%2Fwp%2Fv2%2Fcomments&post=7401"}],"version-history":[{"count":0,"href":"https:\/\/noticiasveraces.com\/index.php?rest_route=\/wp\/v2\/posts\/7401\/revisions"}],"wp:featuredmedia":[{"embeddable":true,"href":"https:\/\/noticiasveraces.com\/index.php?rest_route=\/wp\/v2\/media\/7402"}],"wp:attachment":[{"href":"https:\/\/noticiasveraces.com\/index.php?rest_route=%2Fwp%2Fv2%2Fmedia&parent=7401"}],"wp:term":[{"taxonomy":"category","embeddable":true,"href":"https:\/\/noticiasveraces.com\/index.php?rest_route=%2Fwp%2Fv2%2Fcategories&post=7401"},{"taxonomy":"post_tag","embeddable":true,"href":"https:\/\/noticiasveraces.com\/index.php?rest_route=%2Fwp%2Fv2%2Ftags&post=7401"}],"curies":[{"name":"wp","href":"https:\/\/api.w.org\/{rel}","templated":true}]}}