{"id":7383,"date":"2024-12-21T21:16:28","date_gmt":"2024-12-22T01:16:28","guid":{"rendered":"https:\/\/noticiasveraces.com\/?p=7383"},"modified":"2024-12-21T21:16:28","modified_gmt":"2024-12-22T01:16:28","slug":"mas-de-30-muertos-en-colision-de-autobuses-y-camiones-en-brasil","status":"publish","type":"post","link":"https:\/\/noticiasveraces.com\/?p=7383","title":{"rendered":"M\u00e1s de 30 muertos en colisi\u00f3n de autobuses y camiones en Brasil"},"content":{"rendered":"<p> \n<\/p>\n<div>\n<p class=\"speakable\">Un autob\u00fas lleno de gente choc\u00f3 con un cami\u00f3n y estall\u00f3 en llamas la madrugada del s\u00e1bado en Brasil, matando a m\u00e1s de 30 personas, dijo el Departamento de Bomberos.<\/p>\n<p class=\"speakable\">Despu\u00e9s de sacar a todas las v\u00edctimas de una carretera importante cerca de la ciudad de Te\u00f3filo Otoni en Minas Gerais, el Departamento de Bomberos del estado inform\u00f3 que de las 45 personas que viajaban en el autob\u00fas, se hab\u00eda confirmado la muerte de 38, incluido el conductor.<\/p>\n<p><strong>AVI\u00d3N DE PASAJEROS SE ESTRELLA EN BRASIL, MUERTO A TODAS LAS PERSONAS A BORDO, DICE AEROL\u00cdNEA VOEPASS<\/strong><\/p>\n<p>Los dem\u00e1s pasajeros permanec\u00edan en estado cr\u00edtico tras ser trasladados a un hospital local.<\/p>\n<p>El conductor del cami\u00f3n huy\u00f3 del lugar y tres ocupantes de un autom\u00f3vil que choc\u00f3 con el cami\u00f3n y quedaron atrapados debajo sobrevivieron al accidente, dijo el departamento de bomberos.<\/p>\n<p>El presidente Luiz In\u00e1cio Lula da Silva afirm\u00f3 en las redes sociales que el gobierno estaba dispuesto a brindar toda la ayuda que fuera necesaria y que la Pol\u00edtica Federal de Carreteras estaba en el lugar.<\/p>\n<div class=\"image-ct inline\">\n<div class=\"m\"><picture><source media=\"(max-width: 767px)\" srcset=\"https:\/\/a57.foxnews.com\/static.foxnews.com\/foxnews.com\/content\/uploads\/2024\/08\/343\/192\/BRAZIL-MAP.jpg?ve=1&amp;tl=1, https:\/\/a57.foxnews.com\/static.foxnews.com\/foxnews.com\/content\/uploads\/2024\/08\/686\/384\/BRAZIL-MAP.jpg?ve=1&amp;tl=1 2x\" height=\"192\" width=\"343\"><source media=\"(min-width: 768px) and (max-width: 1023px)\" srcset=\"https:\/\/a57.foxnews.com\/static.foxnews.com\/foxnews.com\/content\/uploads\/2024\/08\/672\/378\/BRAZIL-MAP.jpg?ve=1&amp;tl=1, https:\/\/a57.foxnews.com\/static.foxnews.com\/foxnews.com\/content\/uploads\/2024\/08\/1344\/756\/BRAZIL-MAP.jpg?ve=1&amp;tl=1 2x\" height=\"378\" width=\"672\"><source media=\"(min-width: 1024px) and (max-width: 1279px)\" srcset=\"https:\/\/a57.foxnews.com\/static.foxnews.com\/foxnews.com\/content\/uploads\/2024\/08\/931\/523\/BRAZIL-MAP.jpg?ve=1&amp;tl=1, https:\/\/a57.foxnews.com\/static.foxnews.com\/foxnews.com\/content\/uploads\/2024\/08\/1862\/1046\/BRAZIL-MAP.jpg?ve=1&amp;tl=1 2x\" height=\"523\" width=\"931\"><source media=\"(min-width: 1280px)\" srcset=\"https:\/\/a57.foxnews.com\/static.foxnews.com\/foxnews.com\/content\/uploads\/2024\/08\/720\/405\/BRAZIL-MAP.jpg?ve=1&amp;tl=1, https:\/\/a57.foxnews.com\/static.foxnews.com\/foxnews.com\/content\/uploads\/2024\/08\/1440\/810\/BRAZIL-MAP.jpg?ve=1&amp;tl=1 2x\" height=\"405\" width=\"720\"><img loading=\"lazy\" decoding=\"async\" src=\"https:\/\/a57.foxnews.com\/static.foxnews.com\/foxnews.com\/content\/uploads\/2024\/08\/1200\/675\/BRAZIL-MAP.jpg?ve=1&amp;tl=1\" alt=\"Mapa del localizador mundial de datos, Brasil\" width=\"1200\" height=\"675\"\/><\/source><\/source><\/source><\/source><\/picture><\/div>\n<div class=\"info\">\n<div class=\"caption\">\n<p><span>Un mapa de Brasil. <\/span> <span>(Enciclopedia Brit\u00e1nica\/Universal Images Group v\u00eda Getty Images)<\/span><\/p>\n<\/div>\n<\/div>\n<\/div>\n<p>\u00abLamento profundamente y extiendo mis oraciones a las familias de las m\u00e1s de 30 v\u00edctimas del accidente ocurrido en Te\u00f3filo Otoni, Minas Gerais. Rezo por la recuperaci\u00f3n de los sobrevivientes de esta terrible tragedia\u00bb, public\u00f3 en X.<\/p>\n<p>Se requerir\u00e1 una investigaci\u00f3n forense para determinar la causa del accidente, ya que se obtuvieron relatos diferentes a partir del testimonio de los testigos, dijo el Departamento de Bomberos local.<\/p>\n<p>Inicialmente, los bomberos informaron que el autob\u00fas hab\u00eda reventado un neum\u00e1tico, lo que provoc\u00f3 que el conductor perdiera el control antes de chocar alrededor de las 4 am hora local, con un cami\u00f3n que ven\u00eda en direcci\u00f3n contraria en la carretera federal BR-116, una ruta importante que conecta el densamente poblado sureste de Brasil con el noreste m\u00e1s pobre. .<\/p>\n<p>Sin embargo, testigos tambi\u00e9n informaron que un bloque de granito que transportaba el cami\u00f3n se solt\u00f3, cay\u00f3 al camino y provoc\u00f3 la colisi\u00f3n con el autob\u00fas, dijo el Departamento de Bomberos.<\/p>\n<p><strong><u>HAGA CLIC AQU\u00cd PARA OBTENER LA APLICACI\u00d3N FOX NEWS<\/u><\/strong><\/p>\n<p>\u00abS\u00f3lo la investigaci\u00f3n forense confirmar\u00e1 la versi\u00f3n verdadera\u00bb, afirm\u00f3 el departamento de bomberos en un comunicado.<\/p>\n<p>El autob\u00fas parti\u00f3 de Sao Paulo y se dirig\u00eda al estado de Bah\u00eda.<\/p>\n<p> <!----> <!----><\/div>\n\n","protected":false},"excerpt":{"rendered":"<p>Un autob\u00fas lleno de gente choc\u00f3 con un cami\u00f3n y estall\u00f3 en llamas la madrugada del s\u00e1bado en Brasil, matando a m\u00e1s de 30 personas, dijo el Departamento de Bomberos. Despu\u00e9s de sacar a todas las v\u00edctimas de una carretera importante cerca de la ciudad de Te\u00f3filo Otoni en Minas Gerais, el Departamento de Bomberos &hellip;<\/p>\n","protected":false},"author":1,"featured_media":7385,"comment_status":"open","ping_status":"open","sticky":false,"template":"","format":"standard","meta":{"fifu_image_url":"https:\/\/static.foxnews.com\/foxnews.com\/content\/uploads\/2024\/08\/BRAZIL-MAP.jpg","fifu_image_alt":"","footnotes":""},"categories":[13],"tags":[],"class_list":["post-7383","post","type-post","status-publish","format-standard","has-post-thumbnail","","category-mundo"],"_links":{"self":[{"href":"https:\/\/noticiasveraces.com\/index.php?rest_route=\/wp\/v2\/posts\/7383","targetHints":{"allow":["GET"]}}],"collection":[{"href":"https:\/\/noticiasveraces.com\/index.php?rest_route=\/wp\/v2\/posts"}],"about":[{"href":"https:\/\/noticiasveraces.com\/index.php?rest_route=\/wp\/v2\/types\/post"}],"author":[{"embeddable":true,"href":"https:\/\/noticiasveraces.com\/index.php?rest_route=\/wp\/v2\/users\/1"}],"replies":[{"embeddable":true,"href":"https:\/\/noticiasveraces.com\/index.php?rest_route=%2Fwp%2Fv2%2Fcomments&post=7383"}],"version-history":[{"count":0,"href":"https:\/\/noticiasveraces.com\/index.php?rest_route=\/wp\/v2\/posts\/7383\/revisions"}],"wp:featuredmedia":[{"embeddable":true,"href":"https:\/\/noticiasveraces.com\/index.php?rest_route=\/wp\/v2\/media\/7385"}],"wp:attachment":[{"href":"https:\/\/noticiasveraces.com\/index.php?rest_route=%2Fwp%2Fv2%2Fmedia&parent=7383"}],"wp:term":[{"taxonomy":"category","embeddable":true,"href":"https:\/\/noticiasveraces.com\/index.php?rest_route=%2Fwp%2Fv2%2Fcategories&post=7383"},{"taxonomy":"post_tag","embeddable":true,"href":"https:\/\/noticiasveraces.com\/index.php?rest_route=%2Fwp%2Fv2%2Ftags&post=7383"}],"curies":[{"name":"wp","href":"https:\/\/api.w.org\/{rel}","templated":true}]}}