{"id":7355,"date":"2024-12-21T17:07:38","date_gmt":"2024-12-21T21:07:38","guid":{"rendered":"https:\/\/noticiasveraces.com\/?p=7355"},"modified":"2024-12-21T17:07:38","modified_gmt":"2024-12-21T21:07:38","slug":"el-papa-expresa-su-dolor-por-el-atentado-en-alemania-dw-21-12-2024","status":"publish","type":"post","link":"https:\/\/noticiasveraces.com\/?p=7355","title":{"rendered":"El Papa expresa su \u00abdolor\u00bb por el atentado en Alemania \u2013 DW \u2013 21\/12\/2024"},"content":{"rendered":"<p> \n<\/p>\n<div>\n<p>\u00abEl Papa Francisco ha recibido con desconcierto la noticia del atentado en el que diversas personas han resultado asesinadas y muchas otras heridas\u00bb, se lee en un telegrama enviado al presidente federal alem\u00e1n, Frank-Walter Steinmeier, y escrito, como es habitual en su nombre, por el secretario del Estado vaticano, Pietro Parolin.<\/p>\n<p>Y agrega: \u00abSu Santidad expresa su participaci\u00f3n en el dolor de las personas afectadas. Asegura a todas las v\u00edctimas su cercan\u00eda espiritual y al mismo tiempo agradece a todos quienes est\u00e1n trabajando y apoyando a las v\u00edctimas en este momento dif\u00edcil\u00bb. Este viernes, la ciudad alemana de Magdeburgo fue escenario de un ataque contra un mercadillo de Navidad a carga de un m\u00e9dico saud\u00ed que mat\u00f3 con su coche a cinco personas e hiri\u00f3 a doscientas -41 de ellas graves-, seg\u00fan el balance ofrecido por las autoridades este sabado.<\/p>\n<p>Francisco, que sufre un resfriado, celebrar\u00e1 la oraci\u00f3n dominical del \u00c1ngelus en l\u00ednea y no desde la ventana del palacio apost\u00f3lico en la Plaza de San Pedro, en el Vaticano, inform\u00f3 el s\u00e1bado la sala de prensa del pont\u00edfice. \u00abDebido al intenso fr\u00edo, junto con los s\u00edntomas de resfriado que se han manifestado en los \u00faltimos d\u00edas, el papa Francisco celebrar\u00e1 el domingo 22 de diciembre la oraci\u00f3n del \u00c1ngelus desde la capilla de la Casa Santa Marta\u00bb, su residencia en el Vaticano, indic\u00f3 un mensaje en italiano publicado en Telegram.<\/p>\n<blockquote class=\"tweet embed\" data-id=\"1870494631424565251\"\/>\n<p>El Vaticano precis\u00f3 que esta decisi\u00f3n tambi\u00e9n se tom\u00f3 en vista \u00abde los compromisos previstos para la pr\u00f3xima semana\u00bb. Francisco abrir\u00e1 el martes 24 de diciembre la puerta santa en la bas\u00edlica de San Pedro, marcando as\u00ed el inicio del jubileo de la Iglesia cat\u00f3lica, que durar\u00e1 un a\u00f1o. Ese mismo d\u00eda celebrar\u00e1 la misa de Navidad. Al d\u00eda siguiente presidir\u00e1 otra misa y pronunciar\u00e1 su mensaje \u00abUrbi et Orbi\u00bb (a la ciudad y al mundo), y el 26 de diciembre, d\u00eda de San Esteban, abrir\u00e1 una puerta santa en la prisi\u00f3n romana de Rebibbia y celebrar\u00e1 una misa.<\/p>\n<p>El Papa recibi\u00f3 adem\u00e1s este s\u00e1bado, en dos audiencias separadas, a los miembros de la Curia Romana, el \u00abgobierno\u00bb de la Iglesia cat\u00f3lica, as\u00ed como a los empleados de la Santa Sede y del Governatorato del Vaticano.<\/p>\n<p>lgc (efe, afp, VaticanNews)<\/p>\n<figure class=\"placeholder-image master_landscape big\"><img data-format=\"MASTER_LANDSCAPE\" data-id=\"71134384\" data-url=\"https:\/\/static.dw.com\/image\/71134384_${formatId}.jpg\" data-aspect-ratio=\"16\/9\" alt=\"Velas, flores y mensajes de apoyo en el suelo, con una multitud silenciosa en torno.\" style=\"padding-bottom: 56.25%; height: 0; max-height: 0;\"\/><figcaption class=\"img-caption\">Ofrenda improvisada junto al lugar del atentado por las v\u00edctimas.<small class=\"copyright\">Imagen: Michael Probst\/AP\/Picture Alliance <\/small><\/figcaption><\/figure>\n<\/div>\n\n","protected":false},"excerpt":{"rendered":"<p>\u00abEl Papa Francisco ha recibido con desconcierto la noticia del atentado en el que diversas personas han resultado asesinadas y muchas otras heridas\u00bb, se lee en un telegrama enviado al presidente federal alem\u00e1n, Frank-Walter Steinmeier, y escrito, como es habitual en su nombre, por el secretario del Estado vaticano, Pietro Parolin. Y agrega: \u00abSu Santidad &hellip;<\/p>\n","protected":false},"author":1,"featured_media":7356,"comment_status":"open","ping_status":"open","sticky":false,"template":"","format":"standard","meta":{"fifu_image_url":"https:\/\/static.dw.com\/image\/71134481_6.jpg","fifu_image_alt":"","footnotes":""},"categories":[13],"tags":[],"class_list":["post-7355","post","type-post","status-publish","format-standard","has-post-thumbnail","","category-mundo"],"_links":{"self":[{"href":"https:\/\/noticiasveraces.com\/index.php?rest_route=\/wp\/v2\/posts\/7355","targetHints":{"allow":["GET"]}}],"collection":[{"href":"https:\/\/noticiasveraces.com\/index.php?rest_route=\/wp\/v2\/posts"}],"about":[{"href":"https:\/\/noticiasveraces.com\/index.php?rest_route=\/wp\/v2\/types\/post"}],"author":[{"embeddable":true,"href":"https:\/\/noticiasveraces.com\/index.php?rest_route=\/wp\/v2\/users\/1"}],"replies":[{"embeddable":true,"href":"https:\/\/noticiasveraces.com\/index.php?rest_route=%2Fwp%2Fv2%2Fcomments&post=7355"}],"version-history":[{"count":0,"href":"https:\/\/noticiasveraces.com\/index.php?rest_route=\/wp\/v2\/posts\/7355\/revisions"}],"wp:featuredmedia":[{"embeddable":true,"href":"https:\/\/noticiasveraces.com\/index.php?rest_route=\/wp\/v2\/media\/7356"}],"wp:attachment":[{"href":"https:\/\/noticiasveraces.com\/index.php?rest_route=%2Fwp%2Fv2%2Fmedia&parent=7355"}],"wp:term":[{"taxonomy":"category","embeddable":true,"href":"https:\/\/noticiasveraces.com\/index.php?rest_route=%2Fwp%2Fv2%2Fcategories&post=7355"},{"taxonomy":"post_tag","embeddable":true,"href":"https:\/\/noticiasveraces.com\/index.php?rest_route=%2Fwp%2Fv2%2Ftags&post=7355"}],"curies":[{"name":"wp","href":"https:\/\/api.w.org\/{rel}","templated":true}]}}