{"id":7353,"date":"2024-12-21T16:15:45","date_gmt":"2024-12-21T20:15:45","guid":{"rendered":"https:\/\/noticiasveraces.com\/?p=7353"},"modified":"2024-12-21T16:15:45","modified_gmt":"2024-12-21T20:15:45","slug":"como-es-la-enfermedad-sin-cura-que-sufre-el-cantante-jose-luis-rodriguez-el-puma","status":"publish","type":"post","link":"https:\/\/noticiasveraces.com\/?p=7353","title":{"rendered":"\u00bfC\u00f3mo es la enfermedad sin cura que sufre el cantante Jos\u00e9 Luis Rodr\u00edguez \u00abEl Puma\u00bb?"},"content":{"rendered":"<p> \n<\/p>\n<div id=\"\">\n<figure class=\"bbc-1qn0xuy\">\n<div class=\"bbc-j1srjl\" style=\"padding-bottom:56.25%\"><img loading=\"lazy\" decoding=\"async\" srcset=\"https:\/\/ichef.bbci.co.uk\/ace\/ws\/240\/amz\/worldservice\/live\/assets\/images\/2016\/09\/15\/160915014227_el_puma_jose_luis_rodriguez_nueva_624x351_getty_nocredit.jpg.webp 240w, https:\/\/ichef.bbci.co.uk\/ace\/ws\/320\/amz\/worldservice\/live\/assets\/images\/2016\/09\/15\/160915014227_el_puma_jose_luis_rodriguez_nueva_624x351_getty_nocredit.jpg.webp 320w, https:\/\/ichef.bbci.co.uk\/ace\/ws\/480\/amz\/worldservice\/live\/assets\/images\/2016\/09\/15\/160915014227_el_puma_jose_luis_rodriguez_nueva_624x351_getty_nocredit.jpg.webp 480w, https:\/\/ichef.bbci.co.uk\/ace\/ws\/624\/amz\/worldservice\/live\/assets\/images\/2016\/09\/15\/160915014227_el_puma_jose_luis_rodriguez_nueva_624x351_getty_nocredit.jpg.webp 624w\" sizes=\"auto, (min-width: 1008px) 760px, 100vw\" alt=\"Jos\u00e9 Luis Rodr\u00edguez en concierto\" width=\"624\" height=\"351\" src=\"aspect-ratio:624 \/ 351\" class=\"bbc-139onq\"\/><\/p>\n<p class=\"bbc-by8ykd\" role=\"text\"><span class=\"bbc-m04vo2\">Fuente de la imagen, <\/span><span lang=\"en-GB\">Getty<\/span><\/p>\n<\/div><figcaption class=\"bbc-15f1ujd\" dir=\"ltr\"><span role=\"text\"><span class=\"bbc-m04vo2\">pastel de foto, <\/span><span data-testid=\"caption-paragraph\">\u00abEl Puma\u00bb hace un par de a\u00f1os revel\u00f3 que padece desde 2000 una fibrosis pulmonar.<\/span><\/span><\/figcaption><\/figure>\n<section role=\"region\" aria-labelledby=\"article-byline\" class=\"bbc-1vjaf6b\"><strong id=\"article-byline\" aria-hidden=\"true\" class=\"bbc-m04vo2\">Informaci\u00f3n del art\u00edculo<\/strong><\/p>\n<ul role=\"list\" class=\"bbc-1rvtlej\">\n<li><span role=\"text\"><span class=\"bbc-m04vo2\">Autor, <\/span><span class=\"bbc-1ypcc2\">Leire Ventas<\/span><\/span><\/li>\n<li><span role=\"text\"><span class=\"bbc-m04vo2\">T\u00edtulo del autor, <!-- --> <\/span><span class=\"bbc-1y5sx98\">BBC Mundo<\/span><\/span><\/li>\n<li class=\"bbc-v8pmqw\">\n<div dir=\"ltr\" class=\"bbc-19j92fr ebmt73l0\"><time datetime=\"2014-09-19\" class=\"bbc-1dafq0j e1mklfmt0\">19 septiembre 2014<\/time><\/p>\n<p><time datetime=\"2016-09-15\" class=\"bbc-1dafq0j e1mklfmt0\">Actualizado el 15 de septiembre de 2016<\/time><\/p>\n<\/div>\n<\/li>\n<\/ul>\n<\/section>\n<div dir=\"ltr\" class=\"bbc-19j92fr ebmt73l0\">\n<p dir=\"ltr\" class=\"bbc-hhl7in e17g058b0\"><b>La tenacidad de Jos\u00e9 Luis Rodr\u00edguez, \u00abEl Puma\u00bb, provoc\u00f3 sorpresa a muchos tras su aparici\u00f3n en un teatro de Barranquilla, Colombia, la noche del martes.<\/b><\/p>\n<\/div>\n<div dir=\"ltr\" class=\"bbc-19j92fr ebmt73l0\">\n<p dir=\"ltr\" class=\"bbc-hhl7in e17g058b0\">El cantante venezolano de 73 a\u00f1os deleit\u00f3 al p\u00fablico haciendo un esfuerzo por cantar mientras estaba conectado a un tanque de ox\u00edgeno, lo que <b>hizo que sus seguidores se preocuparan por su estado de salud<\/b>despu\u00e9s de que las im\u00e1genes circularan por internet.<\/p>\n<\/div>\n<div dir=\"ltr\" class=\"bbc-19j92fr ebmt73l0\">\n<p dir=\"ltr\" class=\"bbc-hhl7in e17g058b0\">\u00ab<b>Espero un milagro de Cristo para mi cuerpo, estamos en eso<\/b>y si Dios lo permite estar\u00e9 unos a\u00f1os m\u00e1s o me ir\u00e9 pronto, no s\u00e9\u00bb, dijo a la cadena colombiana Caracol tras la presentaci\u00f3n.<\/p>\n<\/div>\n<div dir=\"ltr\" class=\"bbc-19j92fr ebmt73l0\">\n<p dir=\"ltr\" class=\"bbc-hhl7in e17g058b0\">Y es que \u00abEl Puma\u00bb hace un par de a\u00f1os revelado que <b>padece desde 2000 una fibrosis pulmonar<\/b>.<\/p>\n<\/div>\n<section aria-label=\"Publicidad 2\" aria-hidden=\"true\" role=\"region\" data-e2e=\"advertisement\" class=\"bbc-geybui\"\/>\n<div dir=\"ltr\" class=\"bbc-19j92fr ebmt73l0\">\n<p dir=\"ltr\" class=\"bbc-hhl7in e17g058b0\">Se trata de una enfermedad cr\u00f3nica, caracterizada por una progresiva cicatrizaci\u00f3n de los pulmones y que dificulta cada vez m\u00e1s la respiraci\u00f3n.<\/p>\n<\/div>\n<div dir=\"ltr\" class=\"bbc-19j92fr ebmt73l0\">\n<p dir=\"ltr\" class=\"bbc-hhl7in e17g058b0\">\u00abTuve una crisis muy fuerte en un vuelo de Los \u00c1ngeles para ac\u00e1 (Miami)\u00bb, le cont\u00f3 el cantante al periodista peruano Jaime Bayly en 2014.<\/p>\n<\/div>\n<div dir=\"ltr\" class=\"bbc-19j92fr ebmt73l0\">\n<p dir=\"ltr\" class=\"bbc-hhl7in e17g058b0\">\u00abMe estaba asfixiando. No ten\u00eda aire, ox\u00edgeno\u00bb, le explic\u00f3 mientras presentaba su autobiograf\u00eda, \u00abEl Puma y yo\u00bb.<\/p>\n<\/div>\n<div dir=\"ltr\" class=\"bbc-19j92fr ebmt73l0\">\n<p dir=\"ltr\" class=\"bbc-hhl7in e17g058b0\">\u00abNo tiene cura\u00bb, le aseguraron.<\/p>\n<\/div>\n<p><h2 id=\"Bien-en-un-80\" tabindex=\"-1\" class=\"bbc-1lgzob2 eglt09e0\">\u00abBien en un 80%\u00bb<\/h2>\n<\/p>\n<div dir=\"ltr\" class=\"bbc-19j92fr ebmt73l0\">\n<p dir=\"ltr\" class=\"bbc-hhl7in e17g058b0\">El Puma, entonces de 71 a\u00f1os, aseguraba que estaba \u00abbien en un 80%\u00bb, gracias a \u00abterapias y ejercicios\u00bb.<\/p>\n<\/div>\n<div dir=\"ltr\" class=\"bbc-19j92fr ebmt73l0\">\n<p dir=\"ltr\" class=\"bbc-hhl7in e17g058b0\">Consciente de que su enfermedad no tiene cura, <b>dijo que no le asustaba la muerte<\/b>.<\/p>\n<\/div>\n<div dir=\"ltr\" class=\"bbc-19j92fr ebmt73l0\">\n<p dir=\"ltr\" class=\"bbc-hhl7in e17g058b0\">\u00abUno tiene temor a lo desconocido y al dolor f\u00edsico. Pero cuando uno ahonda un poquito en lo espiritual, sabe que la muerte en s\u00ed no existe\u00bb.<\/p>\n<\/div>\n<div dir=\"ltr\" class=\"bbc-19j92fr ebmt73l0\">\n<p dir=\"ltr\" class=\"bbc-hhl7in e17g058b0\">A lo que el interprete de <i class=\"bbc-h1y5j7 eih42320\">Pavo Real<\/i> o de <i class=\"bbc-h1y5j7 eih42320\">Voy a perder la cabeza por tu amor<\/i> a\u00f1adi\u00f3: \u00abEntr\u00e9 y tengo que salir. Nac\u00ed y tengo que morir. Pero si me das un chance m\u00e1s, ser\u00eda genial\u00bb.<\/p>\n<\/div>\n<p><h2 id=\"Enfermedad-rara-y-cruel\" tabindex=\"-1\" class=\"bbc-1lgzob2 eglt09e0\">\u00abEnfermedad rara y cruel\u00bb<\/h2>\n<\/p>\n<div dir=\"ltr\" class=\"bbc-19j92fr ebmt73l0\">\n<p dir=\"ltr\" class=\"bbc-hhl7in e17g058b0\">\u00ab<b>La fibrosis pulmonar idiop\u00e1tica es una de esas enfermedades raras, hu\u00e9rfanas, poco conocidas.<\/b>\u00ab, explic\u00f3 a BBC Mundo el doctor Julio Ancochea, el director de investigaci\u00f3n de enfermedades pulmonares intersticiales difusas (conocidas con las siglas EPID), de la Sociedad Espa\u00f1ola de Neumolog\u00eda y Cirug\u00eda Tor\u00e1cica, Separ.<\/p>\n<\/div>\n<figure class=\"bbc-1qn0xuy\">\n<div class=\"bbc-j1srjl\" style=\"padding-bottom:56.25%\"><img decoding=\"async\" srcset=\"https:\/\/ichef.bbci.co.uk\/ace\/ws\/240\/amz\/worldservice\/live\/assets\/images\/2014\/09\/19\/140919163731_salud_enfermedad_jose_luis_rodriguez_el_puma_624x351_getty.jpg.webp 240w, https:\/\/ichef.bbci.co.uk\/ace\/ws\/320\/amz\/worldservice\/live\/assets\/images\/2014\/09\/19\/140919163731_salud_enfermedad_jose_luis_rodriguez_el_puma_624x351_getty.jpg.webp 320w, https:\/\/ichef.bbci.co.uk\/ace\/ws\/480\/amz\/worldservice\/live\/assets\/images\/2014\/09\/19\/140919163731_salud_enfermedad_jose_luis_rodriguez_el_puma_624x351_getty.jpg.webp 480w, https:\/\/ichef.bbci.co.uk\/ace\/ws\/624\/amz\/worldservice\/live\/assets\/images\/2014\/09\/19\/140919163731_salud_enfermedad_jose_luis_rodriguez_el_puma_624x351_getty.jpg.webp 624w\" sizes=\"auto, (min-width: 1008px) 760px, 100vw\" alt=\"Jos\u00e9 Luis Rodr\u00edguez, &quot;El Puma&quot;.\" loading=\"lazy\" width=\"624\" height=\"351\" src=\"aspect-ratio:624 \/ 351\" class=\"bbc-139onq\"\/><\/p>\n<p class=\"bbc-by8ykd\" role=\"text\"><span class=\"bbc-m04vo2\">Fuente de la imagen, <\/span><span lang=\"en-GB\">Getty<\/span><\/p>\n<\/div><figcaption class=\"bbc-15f1ujd\" dir=\"ltr\"><span role=\"text\"><span class=\"bbc-m04vo2\">pastel de foto, <\/span><span data-testid=\"caption-paragraph\">\u00abNac\u00ed y tengo que morir, pero si me das un chance m\u00e1s, ser\u00eda genial\u00bb, dijo El Puma.<\/span><\/span><\/figcaption><\/figure>\n<div dir=\"ltr\" class=\"bbc-19j92fr ebmt73l0\">\n<p dir=\"ltr\" class=\"bbc-hhl7in e17g058b0\">La incidencia y prevalencia no se conocen con precisi\u00f3n, pero el neum\u00f3logo se\u00f1al\u00f3 que seg\u00fan estimaciones afecta a entre 15 y 20 personas por cada 100.000 habitantes.<\/p>\n<\/div>\n<div dir=\"ltr\" class=\"bbc-19j92fr ebmt73l0\">\n<p dir=\"ltr\" class=\"bbc-hhl7in e17g058b0\">\u00ab<b>Tambi\u00e9n se sabe que incide m\u00e1s en hombres que en mujeres.<\/b> y que es una enfermedad del adulto\u00bb. Se diagnostica a pacientes de entre 40 y 80 a\u00f1os.<\/p>\n<\/div>\n<div dir=\"ltr\" class=\"bbc-19j92fr ebmt73l0\">\n<p dir=\"ltr\" class=\"bbc-hhl7in e17g058b0\">Sin embargo, las causas son desconocidas. Se asocia al reflujo gastroesof\u00e1gico, a algunas exposiciones ambientales y al tabaquismo.<\/p>\n<\/div>\n<div dir=\"ltr\" class=\"bbc-19j92fr ebmt73l0\">\n<p dir=\"ltr\" class=\"bbc-hhl7in e17g058b0\">\u00abPor lo que dejar de fumar podr\u00eda ser una medida preventiva\u00bb, se\u00f1al\u00f3 el experto en conversaci\u00f3n con BBC Mundo.<\/p>\n<\/div>\n<div dir=\"ltr\" class=\"bbc-19j92fr ebmt73l0\">\n<p dir=\"ltr\" class=\"bbc-hhl7in e17g058b0\">Algunos investigadores tambi\u00e9n hablan de una predisposici\u00f3n gen\u00e9tica.<\/p>\n<\/div>\n<div dir=\"ltr\" class=\"bbc-19j92fr ebmt73l0\">\n<p dir=\"ltr\" class=\"bbc-hhl7in e17g058b0\">\u00abEs una enfermedad cruel\u00bb, reconoci\u00f3 el especialista. \u00abSu pron\u00f3stico de supervivencia es de entre dos y cinco a\u00f1os desde que se diagnostica. Mucho peor que la mayor\u00eda de los c\u00e1nceres\u00bb.<\/p>\n<\/div>\n<div dir=\"ltr\" class=\"bbc-19j92fr ebmt73l0\">\n<p dir=\"ltr\" class=\"bbc-hhl7in e17g058b0\">La predicci\u00f3n no se cumple en el caso de \u00abEl Puma\u00bb. Preguntado por ello, el experto dice desconocer los detalles del caso y explica que podr\u00eda tratarse del desarrollo final de otra enfermedad respiratoria.<\/p>\n<\/div>\n<figure class=\"bbc-1qn0xuy\">\n<div class=\"bbc-j1srjl\" style=\"padding-bottom:125%\"><img decoding=\"async\" srcset=\"https:\/\/ichef.bbci.co.uk\/ace\/ws\/224\/amz\/worldservice\/live\/assets\/images\/2014\/09\/19\/140919163844_salud_enfermedad_jose_luis_rodriguez_el_puma_224x280_getty.jpg.webp 224w\" sizes=\"auto, (min-width: 1008px) 760px, 100vw\" alt=\"Jos\u00e9 Luis Rodr\u00edguez, &quot;El Puma&quot;y su hija G\u00e9nesis Rodr\u00edguez.\" loading=\"lazy\" width=\"224\" height=\"280\" src=\"aspect-ratio:224 \/ 280\" class=\"bbc-139onq\"\/><\/p>\n<p class=\"bbc-by8ykd\" role=\"text\"><span class=\"bbc-m04vo2\">Fuente de la imagen, <\/span><span lang=\"en-GB\">Getty<\/span><\/p>\n<\/div><figcaption class=\"bbc-15f1ujd\" dir=\"ltr\"><span role=\"text\"><span class=\"bbc-m04vo2\">pastel de foto, <\/span><span data-testid=\"caption-paragraph\">Los investigadores hablan de una predisposici\u00f3n gen\u00e9tica entre las causas de la enfermedad.<\/span><\/span><\/figcaption><\/figure>\n<div dir=\"ltr\" class=\"bbc-19j92fr ebmt73l0\">\n<p dir=\"ltr\" class=\"bbc-hhl7in e17g058b0\">El diagn\u00f3stico de esta fibrosis espec\u00edfica se hace por exclusi\u00f3n.<\/p>\n<\/div>\n<div dir=\"ltr\" class=\"bbc-19j92fr ebmt73l0\">\n<p dir=\"ltr\" class=\"bbc-hhl7in e17g058b0\">Esto es, antes que nada se descarte otras enfermedades. Y una vez desechadas, se lleva a cabo un TAC o esc\u00e1ner, una t\u00e9cnica de imagen m\u00e9dica que utiliza radiaci\u00f3n X para obtener corte.<\/p>\n<\/div>\n<div dir=\"ltr\" class=\"bbc-19j92fr ebmt73l0\">\n<p dir=\"ltr\" class=\"bbc-hhl7in e17g058b0\">Tambi\u00e9n se realiza una biopsia pulmonar y \u00faltimamente tambi\u00e9n una criobiopsia, una nueva t\u00e9cnica permite hacer biopsias de pulm\u00f3n sin tener que abrir el t\u00f3rax.<\/p>\n<\/div>\n<div dir=\"ltr\" class=\"bbc-19j92fr ebmt73l0\">\n<p dir=\"ltr\" class=\"bbc-hhl7in e17g058b0\">\u00abTiene que ser un proceso muy estructurado\u00bb, se\u00f1al\u00f3.<\/p>\n<\/div>\n<p><h2 id=\"Reto-cient\u00edfico-y-\u00e9tico\" tabindex=\"-1\" class=\"bbc-1lgzob2 eglt09e0\">Reto cient\u00edfico \u00aby \u00e9tico\u00bb<\/h2>\n<\/p>\n<div dir=\"ltr\" class=\"bbc-19j92fr ebmt73l0\">\n<p dir=\"ltr\" class=\"bbc-hhl7in e17g058b0\">Ancochea considera un desaf\u00edo para la comunidad cient\u00edfica desarrollar f\u00e1rmacos y tratamientos que den respuesta a los pacientes con esta afecci\u00f3n.<\/p>\n<\/div>\n<div dir=\"ltr\" class=\"bbc-19j92fr ebmt73l0\">\n<p dir=\"ltr\" class=\"bbc-hhl7in e17g058b0\">\u00ab<b>Es un reto cient\u00edfico, adem\u00e1s de \u00e9tico.<\/b>\u00ab, dijo.<\/p>\n<\/div>\n<div dir=\"ltr\" class=\"bbc-19j92fr ebmt73l0\">\n<p dir=\"ltr\" class=\"bbc-hhl7in e17g058b0\">Con esto \u00faltimo hace referencia a la prioridad que las grandes farmac\u00e9uticas dan al desarrollo de medicamentos para tratar enfermedades con mayor prevalencia.<\/p>\n<\/div>\n<div dir=\"ltr\" class=\"bbc-19j92fr ebmt73l0\">\n<p dir=\"ltr\" class=\"bbc-hhl7in e17g058b0\">\u00abLas compa\u00f1\u00edas tambi\u00e9n tienen la responsabilidad de invertir en investigaci\u00f3n en el caso de afecciones menos comunes\u00bb.<\/p>\n<\/div>\n<div dir=\"ltr\" class=\"bbc-19j92fr ebmt73l0\">\n<p dir=\"ltr\" class=\"bbc-hhl7in e17g058b0\">Los estudios relacionados con \u00e9sta datan de d\u00e9cadas recientes y muchas de las conclusiones han ido dej\u00e1ndose de lado por ineficaces.<\/p>\n<\/div>\n<div dir=\"ltr\" class=\"bbc-19j92fr ebmt73l0\">\n<p dir=\"ltr\" class=\"bbc-hhl7in e17g058b0\">En 2011 la Agencia Europea del Medicamento aprob\u00f3 el primer medicamento para tratar la fibrosis pulmonar idiop\u00e1tica, la Pirfemidona.<\/p>\n<\/div>\n<div dir=\"ltr\" class=\"bbc-19j92fr ebmt73l0\">\n<p dir=\"ltr\" class=\"bbc-hhl7in e17g058b0\">Su par estadounidense, la FDA, solicit\u00f3 un estudio adicional antes de darle el visto bueno.<\/p>\n<\/div>\n<div dir=\"ltr\" class=\"bbc-19j92fr ebmt73l0\">\n<p dir=\"ltr\" class=\"bbc-hhl7in e17g058b0\">La investigaci\u00f3n concluy\u00f3 que el f\u00e1rmaco frena la progresi\u00f3n de la enfermedad, pero no la cura.<\/p>\n<\/div>\n<div dir=\"ltr\" class=\"bbc-19j92fr ebmt73l0\">\n<p dir=\"ltr\" class=\"bbc-hhl7in e17g058b0\">Sin embargo, reduce la mortalidad \u00abde forma significativa y hace que el paciente viva no s\u00f3lo m\u00e1s, sino mejor\u00bb.<\/p>\n<\/div>\n<p><h2 id=\"Detecci\u00f3n-temprana\" tabindex=\"-1\" class=\"bbc-1lgzob2 eglt09e0\">detecci\u00f3n temprana<\/h2>\n<\/p>\n<div dir=\"ltr\" class=\"bbc-19j92fr ebmt73l0\">\n<p dir=\"ltr\" class=\"bbc-hhl7in e17g058b0\">Es la misma conclusi\u00f3n de dos ensayos cl\u00ednicos paralelos sobre otro medicamento, el Nintedamib, publicado en el <i class=\"bbc-h1y5j7 eih42320\">Revista de medicina de Nueva Inglaterra<\/i> en mayo de 2014.<\/p>\n<\/div>\n<div dir=\"ltr\" class=\"bbc-19j92fr ebmt73l0\">\n<p dir=\"ltr\" class=\"bbc-hhl7in e17g058b0\">Sin embargo, son medicamentos aplicables en estadios moderados de la enfermedad.<\/p>\n<\/div>\n<figure class=\"bbc-1qn0xuy\">\n<div class=\"bbc-j1srjl\" style=\"padding-bottom:56.25%\"><img decoding=\"async\" srcset=\"https:\/\/ichef.bbci.co.uk\/ace\/ws\/240\/amz\/worldservice\/live\/assets\/images\/2014\/09\/19\/140919164154_salud_enfermedad_jose_luis_rodriguez_el_puma_304x171_getty.jpg.webp 240w, https:\/\/ichef.bbci.co.uk\/ace\/ws\/304\/amz\/worldservice\/live\/assets\/images\/2014\/09\/19\/140919164154_salud_enfermedad_jose_luis_rodriguez_el_puma_304x171_getty.jpg.webp 304w\" sizes=\"auto, (min-width: 1008px) 760px, 100vw\" alt=\"Jos\u00e9 Luis Rodr\u00edguez, &quot;El Puma&quot;y Cecilia Bolocco.\" loading=\"lazy\" width=\"304\" height=\"171\" src=\"aspect-ratio:304 \/ 171\" class=\"bbc-139onq\"\/><\/p>\n<p class=\"bbc-by8ykd\" role=\"text\"><span class=\"bbc-m04vo2\">Fuente de la imagen, <\/span><span lang=\"en-GB\">Getty<\/span><\/p>\n<\/div><figcaption class=\"bbc-15f1ujd\" dir=\"ltr\"><span role=\"text\"><span class=\"bbc-m04vo2\">pastel de foto, <\/span><span data-testid=\"caption-paragraph\">El Puma no fue consciente de la dimensi\u00f3n de la enfermedad hasta que tuvo una crisis respiratoria en un vuelo de Los \u00c1ngeles a Miami.<\/span><\/span><\/figcaption><\/figure>\n<div dir=\"ltr\" class=\"bbc-19j92fr ebmt73l0\">\n<p dir=\"ltr\" class=\"bbc-hhl7in e17g058b0\">\u00abEn los casos m\u00e1s graves, en pacientes menores de 65 a\u00f1os, con una perspectiva de vida muy limitada y cuando no existen contraindicaciones, el \u00fanico tratamiento es el trasplante\u00bb, aclar\u00f3 Ancochea.<\/p>\n<\/div>\n<div dir=\"ltr\" class=\"bbc-19j92fr ebmt73l0\">\n<p dir=\"ltr\" class=\"bbc-hhl7in e17g058b0\">Por eso, hizo hincapi\u00e9 en que es importante detectarla antes.<\/p>\n<\/div>\n<div dir=\"ltr\" class=\"bbc-19j92fr ebmt73l0\">\n<p dir=\"ltr\" class=\"bbc-hhl7in e17g058b0\">\u00abEs importante que la opini\u00f3n p\u00fablica tenga constancia de la trascendencia, pero tambi\u00e9n los m\u00e9dicos de atenci\u00f3n primaria, ya que para cuando el paciente llega al neum\u00f3logo suele ser tarde\u00bb.<\/p>\n<\/div>\n<div dir=\"ltr\" class=\"bbc-19j92fr ebmt73l0\">\n<p dir=\"ltr\" class=\"bbc-hhl7in e17g058b0\">Por ello pareci\u00f3 beneficioso que \u00abfamosos como El Puma pongan el tema sobre la mesa\u00bb.<\/p>\n<\/div>\n<div dir=\"ltr\" class=\"bbc-19j92fr ebmt73l0\">\n<p dir=\"ltr\" class=\"bbc-hhl7in e17g058b0\"><i class=\"bbc-h1y5j7 eih42320\">*Esta nota fue publicada originalmente el 19 de septiembre de 2014 y ha sido actualizada<\/i>.<i class=\"bbc-h1y5j7 eih42320\"> <\/i><\/p>\n<\/div>\n<\/div>\n\n","protected":false},"excerpt":{"rendered":"<p>Fuente de la imagen, Getty pastel de foto, \u00abEl Puma\u00bb hace un par de a\u00f1os revel\u00f3 que padece desde 2000 una fibrosis pulmonar. Informaci\u00f3n del art\u00edculo Autor, Leire Ventas T\u00edtulo del autor, BBC Mundo 19 septiembre 2014 Actualizado el 15 de septiembre de 2016 La tenacidad de Jos\u00e9 Luis Rodr\u00edguez, \u00abEl Puma\u00bb, provoc\u00f3 sorpresa a &hellip;<\/p>\n","protected":false},"author":1,"featured_media":7354,"comment_status":"open","ping_status":"open","sticky":false,"template":"","format":"standard","meta":{"fifu_image_url":"aspect-ratio:624%20\/%20351","fifu_image_alt":"","footnotes":""},"categories":[8],"tags":[],"class_list":["post-7353","post","type-post","status-publish","format-standard","has-post-thumbnail","","category-salud"],"_links":{"self":[{"href":"https:\/\/noticiasveraces.com\/index.php?rest_route=\/wp\/v2\/posts\/7353","targetHints":{"allow":["GET"]}}],"collection":[{"href":"https:\/\/noticiasveraces.com\/index.php?rest_route=\/wp\/v2\/posts"}],"about":[{"href":"https:\/\/noticiasveraces.com\/index.php?rest_route=\/wp\/v2\/types\/post"}],"author":[{"embeddable":true,"href":"https:\/\/noticiasveraces.com\/index.php?rest_route=\/wp\/v2\/users\/1"}],"replies":[{"embeddable":true,"href":"https:\/\/noticiasveraces.com\/index.php?rest_route=%2Fwp%2Fv2%2Fcomments&post=7353"}],"version-history":[{"count":0,"href":"https:\/\/noticiasveraces.com\/index.php?rest_route=\/wp\/v2\/posts\/7353\/revisions"}],"wp:featuredmedia":[{"embeddable":true,"href":"https:\/\/noticiasveraces.com\/index.php?rest_route=\/wp\/v2\/media\/7354"}],"wp:attachment":[{"href":"https:\/\/noticiasveraces.com\/index.php?rest_route=%2Fwp%2Fv2%2Fmedia&parent=7353"}],"wp:term":[{"taxonomy":"category","embeddable":true,"href":"https:\/\/noticiasveraces.com\/index.php?rest_route=%2Fwp%2Fv2%2Fcategories&post=7353"},{"taxonomy":"post_tag","embeddable":true,"href":"https:\/\/noticiasveraces.com\/index.php?rest_route=%2Fwp%2Fv2%2Ftags&post=7353"}],"curies":[{"name":"wp","href":"https:\/\/api.w.org\/{rel}","templated":true}]}}