{"id":7346,"date":"2024-12-21T15:05:15","date_gmt":"2024-12-21T19:05:15","guid":{"rendered":"https:\/\/noticiasveraces.com\/?p=7346"},"modified":"2024-12-21T15:05:15","modified_gmt":"2024-12-21T19:05:15","slug":"duelo-en-alemania-tras-el-atropello-multiple-en-magdeburgo-dw-21-12-2024","status":"publish","type":"post","link":"https:\/\/noticiasveraces.com\/?p=7346","title":{"rendered":"Duelo en Alemania tras el atropello m\u00faltiple en Magdeburgo \u2013 DW \u2013 21\/12\/2024"},"content":{"rendered":"<p> \n<\/p>\n<div>\n<p>Horst Nopens, fiscal de Magdeburgo, afirm\u00f3 este s\u00e1bado (21.12.2024) que el ataque vivido en Alemania, en un c\u00e9ntrico mercado navide\u00f1o de la ciudad, fue \u00abun atentado\u00bb, aunque sin determinar todav\u00eda si se trata de terrorismo. \u00abHablamos de un atentado, si ha sido un atentado terrorista no lo sabemos todav\u00eda\u00bb, dijo en una rueda de prensa sobre un ataque cuyo \u00faltimo balance, seg\u00fan las autoridades, incluye cinco muertos -cuatro adultos y un ni\u00f1o de nueve a\u00f1os- y 200 heridos -41 de ellos de gravedad.<\/p>\n<p>El sospechoso del atentado del viernes es un refugiado saudita de 50 a\u00f1os, de familia musulmana chiita, que se declaraba \u00abateo\u00bb y \u00abantiislamista\u00bb. Taleb J., m\u00e9dico de profesi\u00f3n, viv\u00eda en Alemania desde 2006, recibi\u00f3 el estatus de refugiado diez a\u00f1os despu\u00e9s, en 2016, y ejerc\u00eda como psiquiatra en Bernburgo, cerca de Magdeburgo. No se le conoci\u00f3 ning\u00fan tipo de simpat\u00eda por los movimientos yihadistas. En una entrevista concedida hace unos a\u00f1os al medio alem\u00e1n Frankfurter Rundschau, cont\u00f3 que hab\u00eda sido \u00abamenazado de muerte por apostas\u00eda del islam\u00bb, un argumento esgrimido a menudo por solicitantes de asilo en Europa.<\/p>\n<p>\u00abTodo nuestro pa\u00eds est\u00e1 de luto con Magdeburgo\u00bb, dijo el canciller, Olaf Scholz en la visita que realiz\u00f3 a la ciudad, que vivi\u00f3 lo que el jefe del Gobierno alem\u00e1n llam\u00f3 crimen \u00abhorrible\u00bb y \u00abbrutal\u00bb en una intervenci\u00f3n en la que le acompa\u00f1\u00f3 Reiner Haseloff, el primer ministro de Sajonia-Anhalt, estado federado donde se encuentra la ciudad atacada la v\u00edspera.<\/p>\n<figure class=\"placeholder-image master_landscape big\"><img data-format=\"MASTER_LANDSCAPE\" data-id=\"71133559\" data-url=\"https:\/\/static.dw.com\/image\/71133559_${formatId}.jpg\" data-aspect-ratio=\"16\/9\" alt=\"El fiscal Benjuamin H\u00f6hne, durante la rueda de prensa.\" style=\"padding-bottom: 56.25%; height: 0; max-height: 0;\"\/><figcaption class=\"img-caption\">El fiscal Benjuamin H\u00f6hne, durante la rueda de prensa.<small class=\"copyright\">Imagen: Ministerium f\u00fcr Inneres und Sport des Landes Sachsen-Anhalt<\/small><\/figcaption><\/figure>\n<h2>\u00abLo ocurrido es algo con lo que no pod\u00edamos contar\u00bb<\/h2>\n<p>El fiscal no entr\u00f3 en detallar los motivos del detenido, que a\u00fan deben ser investigados para saber qu\u00e9 le llev\u00f3 en realidad a realizar ese atropello. Debemos valorar dispositivos de almacenamiento de datos, ordenadores, dispositivos m\u00f3viles y, al final, sabremos o esperamos saber qu\u00e9 le movi\u00f3\u00bb, se\u00f1al\u00f3 Nopens, acompa\u00f1ado por Tom Oliver Langhans, director de la Comisar\u00eda de Polic\u00eda de Magdeburgo, y Ronni Krug, responsable del Ayuntamiento de la ciudad. Langhans explic\u00f3 c\u00f3mo se desarroll\u00f3 el atentado.<\/p>\n<p>Krug, por su parte, defendi\u00f3 ante la prensa que lo ocurrido resultaba imprevisible para las autoridades. \u00abLo ocurrido es algo con lo que no pod\u00edamos contar\u00bb, se\u00f1al\u00f3 al abordar el sistema de seguridad que velaba por la integridad del mercadillo navide\u00f1o, que inclu\u00eda zonas pensadas para evacuar la plaza en la que se encuentran los puestos del mercado que ofrec\u00edan acceso eventual. a ambulancias o veh\u00edculos de bomberos, \u00e1reas que aprovech\u00f3 el atacante. El atentado se produjo casi exactamente ocho a\u00f1os despu\u00e9s de un incidente similar en un mercado navide\u00f1o de Berl\u00edn.<\/p>\n<p><span data-slot-id=\"Article_InContent-1\" class=\"rich-text-ad\"\/><\/p>\n<h2>Condolencias desde Washington<\/h2>\n<p>El presidente de Estados Unidos, Joe Biden, expres\u00f3 sus condolencias y ofreci\u00f3 apoyo a Alemania. \u00abNinguna comunidad, ni ninguna familia, deber\u00eda tener que soportar un acontecimiento tan despreciable y oscuro, especialmente a pocos d\u00edas de una festividad de alegr\u00eda y paz\u00bb, declar\u00f3 el mandatario en un comunicado. Se un\u00eda as\u00ed a otros pa\u00edses que han expresado sus condolencias a Alemania.<\/p>\n<p>Biden reiter\u00f3, como lo hizo el Departamento de Estado el viernes, que su Gobierno \u00abest\u00e1 dispuesto a ofrecer todos los recursos y la asistencia disponible si es necesario\u00bb. \u00abEstados Unidos siempre estar\u00e1 del lado de nuestros aliados contra el terrorismo violento\u00bb, subray\u00f3 el presidente. \u00abLlevaremos a todos los heridos o muertos, ya sus queridas familias, cerca de nuestros corazones\u00bb, agreg\u00f3.<\/p>\n<p>El canciller de Israel, Gideon Saar, tambi\u00e9n expres\u00f3 su repudio por el atropello. \u00abIm\u00e1genes impactantes de anoche en Magdeburgo, Alemania. Condeno este crimen devastador. Expres\u00e9 nuestras condolencias a mi hom\u00f3loga, Annalena Baerbock, a las familias de las v\u00edctimas y al pueblo alem\u00e1n\u00bb, escribi\u00f3 el ministro de Exteriores en un mensaje publicado en redes sociales.<\/p>\n<p>LGC (Efe, Afp)<\/p>\n<figure class=\"placeholder-image master_landscape big\"><img data-format=\"MASTER_LANDSCAPE\" data-id=\"71133182\" data-url=\"https:\/\/static.dw.com\/image\/71133182_${formatId}.jpg\" data-aspect-ratio=\"16\/9\" alt=\"Dos agentes buscan evidencias en el veh\u00edculo que arroll\u00f3 a m\u00e1s de doscientas personas en el mercadillo navide\u00f1o de Magdeburgo.\" style=\"padding-bottom: 56.25%; height: 0; max-height: 0;\"\/><figcaption class=\"img-caption\">El veh\u00edculo con el que se realiz\u00f3 el atentado, examinado por la polic\u00eda.<small class=\"copyright\">Imagen: Hendrik Schmidt\/dpa\/Picture Alliance<\/small><\/figcaption><\/figure>\n<\/div>\n\n","protected":false},"excerpt":{"rendered":"<p>Horst Nopens, fiscal de Magdeburgo, afirm\u00f3 este s\u00e1bado (21.12.2024) que el ataque vivido en Alemania, en un c\u00e9ntrico mercado navide\u00f1o de la ciudad, fue \u00abun atentado\u00bb, aunque sin determinar todav\u00eda si se trata de terrorismo. \u00abHablamos de un atentado, si ha sido un atentado terrorista no lo sabemos todav\u00eda\u00bb, dijo en una rueda de prensa &hellip;<\/p>\n","protected":false},"author":1,"featured_media":7347,"comment_status":"open","ping_status":"open","sticky":false,"template":"","format":"standard","meta":{"fifu_image_url":"https:\/\/static.dw.com\/image\/71133088_6.jpg","fifu_image_alt":"","footnotes":""},"categories":[13],"tags":[],"class_list":["post-7346","post","type-post","status-publish","format-standard","has-post-thumbnail","","category-mundo"],"_links":{"self":[{"href":"https:\/\/noticiasveraces.com\/index.php?rest_route=\/wp\/v2\/posts\/7346","targetHints":{"allow":["GET"]}}],"collection":[{"href":"https:\/\/noticiasveraces.com\/index.php?rest_route=\/wp\/v2\/posts"}],"about":[{"href":"https:\/\/noticiasveraces.com\/index.php?rest_route=\/wp\/v2\/types\/post"}],"author":[{"embeddable":true,"href":"https:\/\/noticiasveraces.com\/index.php?rest_route=\/wp\/v2\/users\/1"}],"replies":[{"embeddable":true,"href":"https:\/\/noticiasveraces.com\/index.php?rest_route=%2Fwp%2Fv2%2Fcomments&post=7346"}],"version-history":[{"count":0,"href":"https:\/\/noticiasveraces.com\/index.php?rest_route=\/wp\/v2\/posts\/7346\/revisions"}],"wp:featuredmedia":[{"embeddable":true,"href":"https:\/\/noticiasveraces.com\/index.php?rest_route=\/wp\/v2\/media\/7347"}],"wp:attachment":[{"href":"https:\/\/noticiasveraces.com\/index.php?rest_route=%2Fwp%2Fv2%2Fmedia&parent=7346"}],"wp:term":[{"taxonomy":"category","embeddable":true,"href":"https:\/\/noticiasveraces.com\/index.php?rest_route=%2Fwp%2Fv2%2Fcategories&post=7346"},{"taxonomy":"post_tag","embeddable":true,"href":"https:\/\/noticiasveraces.com\/index.php?rest_route=%2Fwp%2Fv2%2Ftags&post=7346"}],"curies":[{"name":"wp","href":"https:\/\/api.w.org\/{rel}","templated":true}]}}