{"id":7336,"date":"2024-12-21T14:01:13","date_gmt":"2024-12-21T18:01:13","guid":{"rendered":"https:\/\/noticiasveraces.com\/?p=7336"},"modified":"2024-12-21T14:01:13","modified_gmt":"2024-12-21T18:01:13","slug":"siria-nombra-nuevo-ministro-de-exteriores-dw-21-12-2024","status":"publish","type":"post","link":"https:\/\/noticiasveraces.com\/?p=7336","title":{"rendered":"Siria nombra nuevo ministro de Exteriores \u2013 DW \u2013 21\/12\/2024"},"content":{"rendered":"<p> \n<\/p>\n<div>\n<p>El Gobierno interino de Siria nombr\u00f3 este s\u00e1bado (21.12.2024) a Assaad Hassan al Shaibani como nuevo ministro de Asuntos Exteriores, una figura que buscar\u00e1 principalmente recuperar los lazos rotos con Occidente por el r\u00e9gimen del depuesto Bachar al Asad, y lograr que se levanten las sanciones y ayuden a la reconstrucci\u00f3n de Siria.<\/p>\n<p>La oficina pol\u00edtica de la nueva administraci\u00f3n siria anunci\u00f3 en un escueto mensaje su nombramiento, acompa\u00f1ado de una fotograf\u00eda oficial con traje y corbata, recogida tambi\u00e9n por la agencia oficial de noticias SANA. \u00abEl Comando General anuncia el nombramiento de Assaad Hassan al-Shibani como ministro de Asuntos Exteriores del nuevo gobierno sirio\u00bb, se lee en el comunicado. \u00abSe uni\u00f3 a la revoluci\u00f3n siria en 2011&#8230; y particip\u00f3 en la fundaci\u00f3n del Gobierno de Salvaci\u00f3n\u00bb, dice el texto, publicado en Telegram por el gobierno interino.<\/p>\n<p>De esta manera, el nuevo Gobierno sirio -en funciones hasta el pr\u00f3ximo 1 de marzo- va tomando forma desde que se design\u00f3 a Mohamed al Bashir como primer ministro interino, pocos d\u00edas despu\u00e9s de la ca\u00edda de Al Asad, el pasado 8 de diciembre, por una coalici\u00f3n islamista insurgente liderada por el Organismo de Liberaci\u00f3n del Levante (Hayat Tahrir al Sham o HTS, en \u00e1rabe), heredero de la filial siria de Al Qaeda. Muchos consideran a Al Shaibani como el ministro de Exteriores de facto del HTS desde hace a\u00f1os.<\/p>\n<p><span data-slot-id=\"Article_InContent-1\" class=\"rich-text-ad\"\/><\/p>\n<h2>Reapertura diplom\u00e1tica con todav\u00eda frentes abiertos en el norte<\/h2>\n<p>Qatar reabri\u00f3 hoy su embajada en Damasco, tras 13 a\u00f1os de cierre debido a la guerra civil en el pa\u00eds. El emirato del Golfo iz\u00f3 la bandera en su misi\u00f3n diplom\u00e1tica, y se convierte en el segundo pa\u00eds despu\u00e9s de Turqu\u00eda en reabrir oficialmente su embajada desde que una coalici\u00f3n rebelde liderada por islamistas tom\u00f3 el poder en la capital siria el pasado 8 de diciembre. Otros pa\u00edses tramitan tambi\u00e9n la reapertura de sus embajadas e incluso la UE ha anunciado que abrir\u00e1 su delegaci\u00f3n en Damasco.<\/p>\n<p>El Gobierno interino de Siria asegur\u00f3 tambi\u00e9n hoy que sigue reforzando la seguridad y presencia policial en el pa\u00eds. \u00abEstamos realizando intensos esfuerzos en el Ministerio del Interior para garantizar la seguridad y la estabilidad en todas las provincias sirias, reforzando la seguridad y la presencia policial en todas las zonas con el objetivo de proteger la vida y los bienes de los ciudadanos, y preservar las instalaciones p\u00fablicas de los miembros d\u00e9biles de voluntad de algunas c\u00e9lulas del r\u00e9gimen difunto\u00bb, indic\u00f3 en un comunicado el ministro del Interior interino, Mohamed Abdulrahman.<\/p>\n<p>Sin embargo, los enfrentamientos en el norte contin\u00faan tambi\u00e9n con las fuerzas kurdosirias. Las Fuerzas de Siria Democr\u00e1tica (FSD), una alianza armada liderada por kurdosirios, asegur\u00f3 este s\u00e1bado que han matado a 35 rebeldes sirios respaldados por Ankara en las casi dos semanas de enfrentamientos alrededor de la estrat\u00e9gica presa de Tishrin, en la provincia de Alepo. en el noreste de Siria.<\/p>\n<p>Adem\u00e1s, al menos tres personas murieron, entre ellas un cl\u00e9rigo, en un ataque con dron turco contra un veh\u00edculo en un puesto de control cerca de la aldea de Tel Brak, en la provincia de Al Hasaka, en el noreste de Siria, en una nueva acci\u00f3n contra zonas controladas por los kurdosirios.<\/p>\n<p>lgc (efe, afp, rtr)<\/p>\n<\/div>\n\n","protected":false},"excerpt":{"rendered":"<p>El Gobierno interino de Siria nombr\u00f3 este s\u00e1bado (21.12.2024) a Assaad Hassan al Shaibani como nuevo ministro de Asuntos Exteriores, una figura que buscar\u00e1 principalmente recuperar los lazos rotos con Occidente por el r\u00e9gimen del depuesto Bachar al Asad, y lograr que se levanten las sanciones y ayuden a la reconstrucci\u00f3n de Siria. La oficina &hellip;<\/p>\n","protected":false},"author":1,"featured_media":7337,"comment_status":"open","ping_status":"open","sticky":false,"template":"","format":"standard","meta":{"fifu_image_url":"https:\/\/static.dw.com\/image\/71131447_6.jpg","fifu_image_alt":"","footnotes":""},"categories":[13],"tags":[],"class_list":["post-7336","post","type-post","status-publish","format-standard","has-post-thumbnail","","category-mundo"],"_links":{"self":[{"href":"https:\/\/noticiasveraces.com\/index.php?rest_route=\/wp\/v2\/posts\/7336","targetHints":{"allow":["GET"]}}],"collection":[{"href":"https:\/\/noticiasveraces.com\/index.php?rest_route=\/wp\/v2\/posts"}],"about":[{"href":"https:\/\/noticiasveraces.com\/index.php?rest_route=\/wp\/v2\/types\/post"}],"author":[{"embeddable":true,"href":"https:\/\/noticiasveraces.com\/index.php?rest_route=\/wp\/v2\/users\/1"}],"replies":[{"embeddable":true,"href":"https:\/\/noticiasveraces.com\/index.php?rest_route=%2Fwp%2Fv2%2Fcomments&post=7336"}],"version-history":[{"count":0,"href":"https:\/\/noticiasveraces.com\/index.php?rest_route=\/wp\/v2\/posts\/7336\/revisions"}],"wp:featuredmedia":[{"embeddable":true,"href":"https:\/\/noticiasveraces.com\/index.php?rest_route=\/wp\/v2\/media\/7337"}],"wp:attachment":[{"href":"https:\/\/noticiasveraces.com\/index.php?rest_route=%2Fwp%2Fv2%2Fmedia&parent=7336"}],"wp:term":[{"taxonomy":"category","embeddable":true,"href":"https:\/\/noticiasveraces.com\/index.php?rest_route=%2Fwp%2Fv2%2Fcategories&post=7336"},{"taxonomy":"post_tag","embeddable":true,"href":"https:\/\/noticiasveraces.com\/index.php?rest_route=%2Fwp%2Fv2%2Ftags&post=7336"}],"curies":[{"name":"wp","href":"https:\/\/api.w.org\/{rel}","templated":true}]}}