{"id":7310,"date":"2024-12-21T08:45:20","date_gmt":"2024-12-21T12:45:20","guid":{"rendered":"https:\/\/noticiasveraces.com\/?p=7310"},"modified":"2024-12-21T08:45:20","modified_gmt":"2024-12-21T12:45:20","slug":"scholz-visita-magdeburgo-y-califica-ataque-de-catastrofe-dw-21-12-2024","status":"publish","type":"post","link":"https:\/\/noticiasveraces.com\/?p=7310","title":{"rendered":"Scholz visita Magdeburgo y califica ataque de \u201ccat\u00e1strofe\u201d \u2013 DW \u2013 21\/12\/2024"},"content":{"rendered":"<p> \n<\/p>\n<div>\n<p>El canciller de Alemania, Olaf Scholz, visit\u00f3 este s\u00e1bado (21.12.2024) Magdeburgo, y expres\u00f3 la solidaridad de todo el pa\u00eds con las v\u00edctimas, familiares y la ciudad tras el atropello masivo que tuvo lugar la noche del viernes en el mercado navide\u00f1o de la urbe, que dej\u00f3 cinco muertos y m\u00e1s de 200 heridos, seg\u00fan las m\u00e1s recientes cifras entregadas por las autoridades.<\/p>\n<p>Scholz remarc\u00f3 que no hay lugar m\u00e1s pac\u00edfico y feliz que un mercado navide\u00f1o, lo que hace de este \u00abacto tan terrible, tan brutal, que mat\u00f3 e hiri\u00f3 a tantas personas\u00bb, algo a\u00fan m\u00e1s dif\u00edcil de entender. Envi\u00f3 su solidaridad \u00abde coraz\u00f3n\u00bb a las personas afectadas y llam\u00f3 al pa\u00eds a permanecer unido ante la adversidad.<\/p>\n<p>El canciller record\u00f3 el atentado terrorista en Breitscheidplatz, en Berl\u00edn, en 2016, y pidi\u00f3 a los alemanes no dejar que quienes quieren sembrar dolor y muerte se salgan con la suya. Scholz estuvo acompa\u00f1ado durante su recorrido por Magdeburgo por la ministra federal de Interior, Nancy Faeser, y otros miembros del gabinete, as\u00ed como por el l\u00edder de la Uni\u00f3n Cristianodem\u00f3crata (CDU), Friedrich Merz.<\/p>\n<\/p>\n<h2>Muchos heridos de gravedad.<\/h2>\n<p>Por su parte, el ministro presidente de Sajonia-Anhalt, Reiner Haseloff (CDU), entreg\u00f3 un nuevo informe de cinco personas fallecidas y m\u00e1s de 200 heridos. Scholz detall\u00f3 que entre ellos hay unas 40 personas en estado de gravedad, \u201cpor las que tenemos que estar muy preocupados\u201d.<\/p>\n<p>El canciller, conmocionado, pidi\u00f3 que se investigue hasta el m\u00e1s m\u00ednimo detalle de lo sucedido, para saber las motivaciones del atacante y hacerlo pagar por sus actos. Tambi\u00e9n agradeci\u00f3 las muestras de solidaridad de \u00abmuchos pa\u00edses de todo el mundo\u201d, algo gratificante pues muestra \u00abque los alemanes no estamos solos para enfrentar esta terrible cat\u00e1strofe\u201d.<\/p>\n<p>Hay un hombre detenido por el ataque. Se trata de un m\u00e9dico psiquiatra de 50 a\u00f1os de origen saudita, identificado por la prensa alemana como Taleb A., y quien ten\u00eda permiso de residencia en Alemania desde 2006. Las autoridades a\u00fan desconocen qu\u00e9 lo llev\u00f3 a atacar el mercado navide\u00f1o, pero existen antecedentes. que lo refieren como un islam\u00f3fobo -no islamista- con un discurso radical en contra de Alemania y su pol\u00edtica de fronteras abiertas.<\/p>\n<p>DZC (epd, dpa, AFP)<\/p>\n<\/div>\n\n","protected":false},"excerpt":{"rendered":"<p>El canciller de Alemania, Olaf Scholz, visit\u00f3 este s\u00e1bado (21.12.2024) Magdeburgo, y expres\u00f3 la solidaridad de todo el pa\u00eds con las v\u00edctimas, familiares y la ciudad tras el atropello masivo que tuvo lugar la noche del viernes en el mercado navide\u00f1o de la urbe, que dej\u00f3 cinco muertos y m\u00e1s de 200 heridos, seg\u00fan las &hellip;<\/p>\n","protected":false},"author":1,"featured_media":7311,"comment_status":"open","ping_status":"open","sticky":false,"template":"","format":"standard","meta":{"fifu_image_url":"https:\/\/static.dw.com\/image\/71131015_6.jpg","fifu_image_alt":"","footnotes":""},"categories":[13],"tags":[],"class_list":["post-7310","post","type-post","status-publish","format-standard","has-post-thumbnail","","category-mundo"],"_links":{"self":[{"href":"https:\/\/noticiasveraces.com\/index.php?rest_route=\/wp\/v2\/posts\/7310","targetHints":{"allow":["GET"]}}],"collection":[{"href":"https:\/\/noticiasveraces.com\/index.php?rest_route=\/wp\/v2\/posts"}],"about":[{"href":"https:\/\/noticiasveraces.com\/index.php?rest_route=\/wp\/v2\/types\/post"}],"author":[{"embeddable":true,"href":"https:\/\/noticiasveraces.com\/index.php?rest_route=\/wp\/v2\/users\/1"}],"replies":[{"embeddable":true,"href":"https:\/\/noticiasveraces.com\/index.php?rest_route=%2Fwp%2Fv2%2Fcomments&post=7310"}],"version-history":[{"count":0,"href":"https:\/\/noticiasveraces.com\/index.php?rest_route=\/wp\/v2\/posts\/7310\/revisions"}],"wp:featuredmedia":[{"embeddable":true,"href":"https:\/\/noticiasveraces.com\/index.php?rest_route=\/wp\/v2\/media\/7311"}],"wp:attachment":[{"href":"https:\/\/noticiasveraces.com\/index.php?rest_route=%2Fwp%2Fv2%2Fmedia&parent=7310"}],"wp:term":[{"taxonomy":"category","embeddable":true,"href":"https:\/\/noticiasveraces.com\/index.php?rest_route=%2Fwp%2Fv2%2Fcategories&post=7310"},{"taxonomy":"post_tag","embeddable":true,"href":"https:\/\/noticiasveraces.com\/index.php?rest_route=%2Fwp%2Fv2%2Ftags&post=7310"}],"curies":[{"name":"wp","href":"https:\/\/api.w.org\/{rel}","templated":true}]}}