{"id":7301,"date":"2024-12-21T07:39:14","date_gmt":"2024-12-21T11:39:14","guid":{"rendered":"https:\/\/noticiasveraces.com\/?p=7301"},"modified":"2024-12-21T07:39:14","modified_gmt":"2024-12-21T11:39:14","slug":"papa-condena-crueldad-de-ataque-israeli-que-mato-a-7-ninos-dw-21-12-2024","status":"publish","type":"post","link":"https:\/\/noticiasveraces.com\/?p=7301","title":{"rendered":"Papa condena \u201ccrueldad\u201d de ataque israel\u00ed que mat\u00f3 a 7 ni\u00f1os \u2013 DW \u2013 21\/12\/2024"},"content":{"rendered":"<p> \n<\/p>\n<div>\n<p>El papa Francisco conden\u00f3 este s\u00e1bado (21.12.2024) la \u00abcrueldad\u00bb de un ataque a\u00e9reo israel\u00ed en la Franja de Gaza, en el que murieron seg\u00fan los servicios de rescate locales siete ni\u00f1os de una misma familia palestina, el mayor de los cuales habr\u00eda tenido solo seis a\u00f1os. El bombardeo, que ocurri\u00f3 el viernes, tuvo lugar en Jabaliya, en el norte del territorio palestino.<\/p>\n<p>\u00abAyer bombardearon a ni\u00f1os. No es la guerra, es una crueldad. Y quiero decirlo porque es algo que me conmueve\u00bb, declar\u00f3 el l\u00edder religioso argentino en una audiencia con miembros de la Curia, el gobierno del Vaticano. Francisco es informado sobre la situaci\u00f3n en Gaza a trav\u00e9s de las llamadas telef\u00f3nicas que realizan a la parroquia de la Sagrada Familia, la \u00fanica iglesia cat\u00f3lica en la Franja.<\/p>\n<p>Jorge Mario Bergoglio tambi\u00e9n critic\u00f3 a las autoridades israel\u00edes por haber negado el acceso a Gaza del patriarca de Jerusal\u00e9n de los Latinos, el cardenal Pierbattista Pizzaballa. \u00abAyer no dejaron entrar al patriarca en Gaza, como hab\u00edan prometido\u00bb, dijo el pont\u00edfice ante los cardenales y otros religiosos presentes en la audiencia, al referirse a la situaci\u00f3n en Medio Oriente.<\/p>\n<h2>Eleva el tono<\/h2>\n<p>El viernes, la Defensa Civil de Gaza denunci\u00f3 que diez miembros de una misma familia hab\u00edan muerto. \u00abUna masacre de la ocupaci\u00f3n [israel\u00ed] Dejaron diez m\u00e1rtires en la familia Khalla, blanco de un bombardeo a\u00e9reo contra su domicilio en Jabaliya\u00bb, indic\u00f3 el portavoz de la Defensa Civil, Mahmud Basal. Adem\u00e1s de las v\u00edctimas fatales, se inform\u00f3 de quince personas heridas.<\/p>\n<p>Contactado por la agencia AFP, el Ej\u00e9rcito israel\u00ed afirm\u00f3 que el balance comunicado por la Defensa Civil de Gaza \u00abno coincide\u00bb con las informaciones de las que ellos disponen. Las fuerzas israel\u00edes \u00abatacaron a varios terroristas que operaban en una estructura militar\u00bb del movimiento islamista palestino Ham\u00e1s y que \u00abrepresentaban una amenaza\u00bb, asegur\u00f3 el ej\u00e9rcito.<\/p>\n<p>Francisco, que ha pedido reiteradamente la paz en la Franja de Gaza, ha elevado el tono en las \u00faltimas semanas contra la ofensiva israel\u00ed. A finales de noviembre, el jefe de la Iglesia cat\u00f3lica afirm\u00f3 que \u00abla prepotencia del invasor\u00bb estaba \u00abprimando\u00bb sobre el di\u00e1logo. Igualmente public\u00f3 un libro en noviembre en el que ped\u00eda investigar \u00abcon atenci\u00f3n\u00bb si la situaci\u00f3n en Gaza corresponde con \u00abla definici\u00f3n t\u00e9cnica\u00bb de genocidio.<\/p>\n<p>DZC (AFP, EFE)<\/p>\n<\/div>\n\n","protected":false},"excerpt":{"rendered":"<p>El papa Francisco conden\u00f3 este s\u00e1bado (21.12.2024) la \u00abcrueldad\u00bb de un ataque a\u00e9reo israel\u00ed en la Franja de Gaza, en el que murieron seg\u00fan los servicios de rescate locales siete ni\u00f1os de una misma familia palestina, el mayor de los cuales habr\u00eda tenido solo seis a\u00f1os. El bombardeo, que ocurri\u00f3 el viernes, tuvo lugar en &hellip;<\/p>\n","protected":false},"author":1,"featured_media":7302,"comment_status":"open","ping_status":"open","sticky":false,"template":"","format":"standard","meta":{"fifu_image_url":"https:\/\/static.dw.com\/image\/71015552_6.jpg","fifu_image_alt":"","footnotes":""},"categories":[13],"tags":[],"class_list":["post-7301","post","type-post","status-publish","format-standard","has-post-thumbnail","","category-mundo"],"_links":{"self":[{"href":"https:\/\/noticiasveraces.com\/index.php?rest_route=\/wp\/v2\/posts\/7301","targetHints":{"allow":["GET"]}}],"collection":[{"href":"https:\/\/noticiasveraces.com\/index.php?rest_route=\/wp\/v2\/posts"}],"about":[{"href":"https:\/\/noticiasveraces.com\/index.php?rest_route=\/wp\/v2\/types\/post"}],"author":[{"embeddable":true,"href":"https:\/\/noticiasveraces.com\/index.php?rest_route=\/wp\/v2\/users\/1"}],"replies":[{"embeddable":true,"href":"https:\/\/noticiasveraces.com\/index.php?rest_route=%2Fwp%2Fv2%2Fcomments&post=7301"}],"version-history":[{"count":0,"href":"https:\/\/noticiasveraces.com\/index.php?rest_route=\/wp\/v2\/posts\/7301\/revisions"}],"wp:featuredmedia":[{"embeddable":true,"href":"https:\/\/noticiasveraces.com\/index.php?rest_route=\/wp\/v2\/media\/7302"}],"wp:attachment":[{"href":"https:\/\/noticiasveraces.com\/index.php?rest_route=%2Fwp%2Fv2%2Fmedia&parent=7301"}],"wp:term":[{"taxonomy":"category","embeddable":true,"href":"https:\/\/noticiasveraces.com\/index.php?rest_route=%2Fwp%2Fv2%2Fcategories&post=7301"},{"taxonomy":"post_tag","embeddable":true,"href":"https:\/\/noticiasveraces.com\/index.php?rest_route=%2Fwp%2Fv2%2Ftags&post=7301"}],"curies":[{"name":"wp","href":"https:\/\/api.w.org\/{rel}","templated":true}]}}