{"id":7236,"date":"2024-12-20T20:00:04","date_gmt":"2024-12-21T00:00:04","guid":{"rendered":"https:\/\/noticiasveraces.com\/?p=7236"},"modified":"2024-12-20T20:00:04","modified_gmt":"2024-12-21T00:00:04","slug":"deporta-alemania-cuidadores-colombianos-que-tanto-necesita-dw-20-12-2024","status":"publish","type":"post","link":"https:\/\/noticiasveraces.com\/?p=7236","title":{"rendered":"\u00bfDeporta Alemania cuidadores colombianos que tanto necesita? \u2013 DW \u2013 20\/12\/2024"},"content":{"rendered":"<p> \n<\/p>\n<div>\n<p>Andrea y Tino Wohlmacher deber\u00edan estar descorchando champ\u00e1n en estos momentos. Pero los encargados de una residencia para 48 enfermos de demencia en Wilstedt, cerca de Bremen, tienen mucho trabajo justo antes de Navidad y no les alcanza el tiempo para celebraciones. Sin embargo, acaban de lograr su primera peque\u00f1a victoria en la jungla burocr\u00e1tica alemana de las solicitudes de asilo, la inmigraci\u00f3n demano de obra y las deportaciones.<\/p>\n<p>A los diez auxiliares colombianos empleados por ellos se les ha permitido quedarse por ahora. Se les tolera de momento gracias a contratos de formaci\u00f3n de dos o tres a\u00f1os y en principio est\u00e1n protegidos para no ser devueltos a su pa\u00eds de origen. Andrea Wohlmacher dice a DW: \u00abNos hemos quitado un peso de encima\u00bb.<\/p>\n<p>La historia de los diez colombianos es una lecci\u00f3n de lo dif\u00edcil que es para Alemania atraer y retener a los trabajadores que se necesitan con urgencia y, al mismo tiempo, separar claramente el asilo de la migraci\u00f3nlaboral. Los sudamericanos no cualificados solicitaron asilo, que les fue denegado.<\/p>\n<p>Por tanto, no pude cambiar de carril a la migraci\u00f3n laboral cualificada. Se planteaba el escenario de que estos colombianos tuvieran que abandonar Alemania, y la posibilidad de que el centro se viera forzado a cerrar por falta de personal.<\/p>\n<p>Andrea Wohlmacher: \u00abCreo que somos el mejor ejemplo de la inmigraci\u00f3n necesaria. Y eso no s\u00f3lo se aplica a los trabajadores cualificados. En Alemania tenemos escasez de personal, sobre todo en el sector asistencial, desde hace d\u00e9cadas.\u00bb Seg\u00fan el Consejo Alem\u00e1n de Enfermer\u00eda, ya faltan unos 115.000 profesionales de enfermer\u00eda en puestos a tiempo completo. El mercado est\u00e1 vac\u00edo, muchos hospitales, servicios asistenciales y residencias de ancianos s\u00f3lo pueden sobrevivir con personal procedente del extranjero.<\/p>\n<h2>El caso llega incluso al ministro de Sanidad<\/h2>\n<p>Cuando sus diez empleados fueron amenazados con ser deportados, los dos directores del hogar sacaron toda su artiller\u00eda y lo hicieron p\u00fablico. Escribieron una carta abierta a ocho pol\u00edticos y decenas de equipos de televisi\u00f3n visitaron Wilstedt. Una petici\u00f3n al gobierno federal fue firmada por 83,782 personas, y el ministro federal de Sanidad, Karl Lauterbach, incluso recibi\u00f3 la petici\u00f3n en persona.<\/p>\n<p>El caso est\u00e1 causando conmoci\u00f3n en toda Alemania: \u00bfc\u00f3mo es posible que personas bien integradas que pagan impuestos y est\u00e1n d\u00eda y noche al lado de personas necesitadas de cuidados deban abandonar el pa\u00eds? Pero tambi\u00e9n est\u00e1 la otra cara de la moneda: \u00bfqu\u00e9 tipo de se\u00f1al est\u00e1 enviando Alemania al extranjero si los solicitantes de asilo rechazados sin la formaci\u00f3n adecuada pueden permanecer de alguna manera en el pa\u00eds despu\u00e9s de todo? La decisi\u00f3n final corresponde ahora a una comisi\u00f3n del estado de Baja Sajonia.<\/p>\n<figure class=\"placeholder-image master_landscape big\"><img data-format=\"MASTER_LANDSCAPE\" data-id=\"71119089\" data-url=\"https:\/\/static.dw.com\/image\/71119089_${formatId}.jpg\" data-aspect-ratio=\"16\/9\" alt=\"Una mujer y un hombre de pie delante de una casa.\" style=\"padding-bottom: 56.25%; height: 0; max-height: 0;\"\/><figcaption class=\"img-caption\">Andrea y Tino Wohlmacher delante de la residencia de ancianos: 40 empleados cuidan all\u00ed a 48 pacientes con demencia.<small class=\"copyright\">Imagen: Sina Schuldt\/dpa\/Picture Alliance<\/small><\/figcaption><\/figure>\n<p>Al recibir la petici\u00f3n, el ministro federal de Sanidad, Karl Lauterbach, prometi\u00f3 hacer todo lo legalmente posible y continu\u00f3: \u00abSi no tuvi\u00e9ramos tantos cuidadores extranjeros, ya no podr\u00edamos ofrecer el mismo nivel de cuidados en Alemania\u00bb. Hay que enviar una se\u00f1al: \u00abLos cuidadores extranjeros son m\u00e1s que bienvenidos aqu\u00ed porque confiamos en ellos y hemos tenido muy buenas experiencias con ellos\u00bb.<\/p>\n<p>Andrea Wohlmacher est\u00e1 segura: \u00abSin la publicidad y las conversaciones con los pol\u00edticos a todos los niveles, probablemente habr\u00edamos tenido que seguir temiendo una deportaci\u00f3n a corto plazo\u00bb. El permiso excepcional pretende ahora dar un respiro a la residencia de ancianos y al equipo. Los diez colombianos est\u00e1n recibiendo formaci\u00f3n como auxiliares de cuidados, cuidadores y cocineros, por lo que la deportaci\u00f3n queda descartada&#8230; por el momento.<\/p>\n<p><span data-slot-id=\"Article_InContent-1\" class=\"rich-text-ad\"\/><\/p>\n<h2>Conversaciones en Bogot\u00e1<\/h2>\n<p>El hombre que debe garantizar que la inmigraci\u00f3n de mano de obra cualificada a Alemania se produzca de forma ordenada, es decir, no a trav\u00e9s de una solicitud de asilo posiblemente sin posibilidades de ser aceptada, ha mantenido estos d\u00edas conversaciones en la capital colombiana, Bogot\u00e1. . Joachim Stamp es desde hace casi dos a\u00f1os el representante especial del gobierno alem\u00e1n para los acuerdos migratorios. Una tarea herc\u00falea, con un objetivo claro: \u00abQueremos reducir la migraci\u00f3n irregular y permitir una mejor gesti\u00f3n de la migraci\u00f3n laboral. Tambi\u00e9n dej\u00f3 claro p\u00fablicamente en los medios de comunicaci\u00f3n colombianos que el camino hacia el mercado laboral alem\u00e1n no pasa por el derecho de asilo, sino s\u00f3lo por la inmigraci\u00f3n ordenada de trabajadores cualificados\u201d, declar\u00f3 Stamp a DW.<\/p>\n<p>Joachim Stamp afirma: \u00abEs tr\u00e1gico que personas simp\u00e1ticas y dispuestas a trabajar duro sean explotadas por los traficantes de personas y desviadas hacia el sistema de asilo. Al parecer, muchos son desinformados deliberadamente por las estructuras de contrabando\u00bb. Una cosa est\u00e1 clara: \u00abLos colombianos que quieran venir a Alemania deben encontrar el camino hacia el mercado laboral\u00bb.<\/p>\n<p>(gg\/ers)<\/p>\n<\/div>\n\n","protected":false},"excerpt":{"rendered":"<p>Andrea y Tino Wohlmacher deber\u00edan estar descorchando champ\u00e1n en estos momentos. Pero los encargados de una residencia para 48 enfermos de demencia en Wilstedt, cerca de Bremen, tienen mucho trabajo justo antes de Navidad y no les alcanza el tiempo para celebraciones. Sin embargo, acaban de lograr su primera peque\u00f1a victoria en la jungla burocr\u00e1tica &hellip;<\/p>\n","protected":false},"author":1,"featured_media":7237,"comment_status":"open","ping_status":"open","sticky":false,"template":"","format":"standard","meta":{"fifu_image_url":"https:\/\/static.dw.com\/image\/71119167_6.jpg","fifu_image_alt":"","footnotes":""},"categories":[13],"tags":[],"class_list":["post-7236","post","type-post","status-publish","format-standard","has-post-thumbnail","","category-mundo"],"_links":{"self":[{"href":"https:\/\/noticiasveraces.com\/index.php?rest_route=\/wp\/v2\/posts\/7236","targetHints":{"allow":["GET"]}}],"collection":[{"href":"https:\/\/noticiasveraces.com\/index.php?rest_route=\/wp\/v2\/posts"}],"about":[{"href":"https:\/\/noticiasveraces.com\/index.php?rest_route=\/wp\/v2\/types\/post"}],"author":[{"embeddable":true,"href":"https:\/\/noticiasveraces.com\/index.php?rest_route=\/wp\/v2\/users\/1"}],"replies":[{"embeddable":true,"href":"https:\/\/noticiasveraces.com\/index.php?rest_route=%2Fwp%2Fv2%2Fcomments&post=7236"}],"version-history":[{"count":0,"href":"https:\/\/noticiasveraces.com\/index.php?rest_route=\/wp\/v2\/posts\/7236\/revisions"}],"wp:featuredmedia":[{"embeddable":true,"href":"https:\/\/noticiasveraces.com\/index.php?rest_route=\/wp\/v2\/media\/7237"}],"wp:attachment":[{"href":"https:\/\/noticiasveraces.com\/index.php?rest_route=%2Fwp%2Fv2%2Fmedia&parent=7236"}],"wp:term":[{"taxonomy":"category","embeddable":true,"href":"https:\/\/noticiasveraces.com\/index.php?rest_route=%2Fwp%2Fv2%2Fcategories&post=7236"},{"taxonomy":"post_tag","embeddable":true,"href":"https:\/\/noticiasveraces.com\/index.php?rest_route=%2Fwp%2Fv2%2Ftags&post=7236"}],"curies":[{"name":"wp","href":"https:\/\/api.w.org\/{rel}","templated":true}]}}