{"id":7225,"date":"2024-12-20T19:18:24","date_gmt":"2024-12-20T23:18:24","guid":{"rendered":"https:\/\/noticiasveraces.com\/?p=7225"},"modified":"2024-12-20T19:18:24","modified_gmt":"2024-12-20T23:18:24","slug":"me-fije-mucho-en-courtois","status":"publish","type":"post","link":"https:\/\/noticiasveraces.com\/?p=7225","title":{"rendered":"\u00abMe fij\u00e9 mucho en Courtois\u00bb"},"content":{"rendered":"<p> \n<\/p>\n<div id=\"intext\">\n<p>abdul <b>Mendy es el portero m\u00e1s alto de Espa\u00f1a.<\/b> y uno de los m\u00e1s altos del mundo. este jugador<b> senegal\u00e9s de 22 a\u00f1os<\/b> milita en el equipo de f\u00fatbol de <b>Hospitalet<\/b>. <b>Antena 3 Deportes<\/b> ha estado con \u00e9l y ha descubierto sus fortalezas, debilidades y sue\u00f1os de cara al futuro.<\/p>\n<p>No hace falta percatarse mucho para ver que Mendy sobresale del resto, algo a lo que l\u00f3gicamente est\u00e1n m\u00e1s que costumbrados sus compa\u00f1eros del Hospitalet, aunque cuando un rival le tiene delante&#8230; la cosa cambia.<\/p>\n<p>\u00ab\u00bfDe d\u00f3nde ha salido?\u00bb, se deben preguntar constantemente a los del equipo contrario, \u00abera gracioso\u00bb, nos cuenta nuestro protagonista. De sus 2,06 sacan provecho los entrenadores: \u00abImpresiona verlo, piensas &#8216;vaya armario'\u00bb, asegura Jaume Delgado, entrenador del Hospitalet.<\/p>\n<h2 class=\"title-h2\">\u00abCon 13 o 14 a\u00f1os ya media 1&#8217;90\u00bb<\/h2>\n<p>\u00abCon 13 o 14 a\u00f1os ya med\u00eda 1&#8217;90&#8230; y hasta yo dec\u00eda &#8216;\u00bfa d\u00f3nde voy?\u00bb, reconoce Mendy. Sus fortalezas parecen m\u00e1s que claras, <b>los balones aereos son su fuerte<\/b>igual que los disparos a media y alta altura: \u00abA esos llenos\u00bb, ah\u00ed no tiene rival, el problema llega cuando sus rivales, incluidos sus propios compa\u00f1eros en los entrenamientos, <b>le enga\u00f1an con vaselinas<\/b>: \u00abNos picamos en serio y les digo que como me hagan eso acabaremos mal\u00bb.<\/p>\n<h2 class=\"title-h2\">Su gran debilidad como portero.<\/h2>\n<p>Adem\u00e1s, el objetivo de Mendy es trabajar para mejorar los disparos por abajo, para los dem\u00e1s no tiene problemas y una buena prueba gr\u00e1fica de eso es que toca el larguero sin saltar. Quiz\u00e1s es por lo que este portero senegal\u00e9s de 22 a\u00f1os escucha consejos como este: \u00abCuando le digo a la gente que soy portero me dicen que &#8216;bien&#8217; pero que <b>en baloncesto ser\u00eda mejor. A veces lo juego con amigos<\/b> pero solo se hacer mates\u00bb, dice entre risas.<\/p>\n<h2 class=\"title-h2\">Se fija en Courtois<\/h2>\n<p>La afici\u00f3n por la porter\u00eda le vino nada m\u00e1s y nada menos que de Iker Casillas y V\u00edctor Vald\u00e9s, pero ahora tiene un espejo en el que mirarse, y es casi tan alto como \u00e9l: \u00ab<b>Me fijo en Courtois<\/b>no tenemos la misma altura pero somos m\u00e1s o menos iguales (el belga mide 2 metros)\u00bb.<\/p>\n<p>Mendy se ha puesto los guantes, con poca suerte, en ligas menores como la moldava y la de Lituania, aunque aspira a jugar con Senegal y triunfar en Espa\u00f1a: \u00abAhora me lo tomo mucho m\u00e1s en serio que antes\u00bb. Toque y estilo tiene.<\/p>\n<p><i>S\u00edguenos en nuestro canal de WhatsApp y no te pierdas la \u00faltima hora y toda la actualidad de antena3noticias.com<\/i><\/p>\n<div class=\"recirculation-video\" data-mod=\"a3mod_recirculation_video\">\n<div class=\"recirculation-video-wrapper\">\n<div>\n<div class=\"video-wrapper\">\n  <picture class=\"video-main-picture\"><source media=\"(min-width: 481px)\" srcset=\"https:\/\/fotografias.antena3.com\/clipping\/cmsimages01\/2024\/12\/20\/483FB459-95DF-4B84-A96B-0358D8DB4EFC\/antena-3-deportes-20-12-24-hansi-flick-atletico-madrid-final-sera-partidazo-duro-estamos-preparados_94.jpg?crop=1920,1080,x0,y0&amp;width=800&amp;height=450&amp;optimize=medium&amp;format=webply\" width=\"800\" height=\"450\"><source media=\"(min-width: 391px) and (max-width: 480px)\" srcset=\"https:\/\/fotografias.antena3.com\/clipping\/cmsimages01\/2024\/12\/20\/483FB459-95DF-4B84-A96B-0358D8DB4EFC\/antena-3-deportes-20-12-24-hansi-flick-atletico-madrid-final-sera-partidazo-duro-estamos-preparados_70.jpg?crop=1920,1080,x0,y0&amp;width=480&amp;height=270&amp;optimize=high&amp;format=webply\" width=\"480\" height=\"270\"><source media=\"(min-width: 321px) and (max-width: 390px)\" srcset=\"https:\/\/fotografias.antena3.com\/clipping\/cmsimages01\/2024\/12\/20\/483FB459-95DF-4B84-A96B-0358D8DB4EFC\/antena-3-deportes-20-12-24-hansi-flick-atletico-madrid-final-sera-partidazo-duro-estamos-preparados_92.jpg?crop=1920,1078,x0,y0&amp;width=390&amp;height=219&amp;optimize=high&amp;format=webply\" width=\"390\" height=\"219\"><source media=\"(max-width: 320px)\" srcset=\"https:\/\/fotografias.antena3.com\/clipping\/cmsimages01\/2024\/12\/20\/483FB459-95DF-4B84-A96B-0358D8DB4EFC\/antena-3-deportes-20-12-24-hansi-flick-atletico-madrid-final-sera-partidazo-duro-estamos-preparados_52.jpg?crop=1920,1080,x0,y0&amp;width=320&amp;height=180&amp;optimize=high&amp;format=webply\" width=\"320\" height=\"180\"><img decoding=\"async\" title=\"Antena 3 Deportes (20-12-24) Hansi Flick, sobre el Atl\u00e9tico de Madrid: &quot;No es una final. Ser\u00e1 un partidazo duro, estamos preparados.&quot;\" alt=\"Antena 3 Deportes (20-12-24) Hansi Flick, sobre el Atl\u00e9tico de Madrid: &quot;No es una final. Ser\u00e1 un partidazo duro, estamos preparados.&quot;\" width=\"480\" height=\"270\" src=\"https:\/\/fotografias.antena3.com\/clipping\/cmsimages01\/2024\/12\/20\/483FB459-95DF-4B84-A96B-0358D8DB4EFC\/antena-3-deportes-20-12-24-hansi-flick-atletico-madrid-final-sera-partidazo-duro-estamos-preparados_70.jpg?crop=1920,1080,x0,y0&amp;width=480&amp;height=270&amp;optimize=high&amp;format=webply\" loading=\"lazy\" class=\"lazy\"\/><br \/>\n  <\/source><\/source><\/source><\/source><\/picture>\n <\/div>\n<\/div><\/div>\n<\/p><\/div>\n<\/div>\n\n","protected":false},"excerpt":{"rendered":"<p>abdul Mendy es el portero m\u00e1s alto de Espa\u00f1a. y uno de los m\u00e1s altos del mundo. este jugador senegal\u00e9s de 22 a\u00f1os milita en el equipo de f\u00fatbol de Hospitalet. Antena 3 Deportes ha estado con \u00e9l y ha descubierto sus fortalezas, debilidades y sue\u00f1os de cara al futuro. No hace falta percatarse mucho &hellip;<\/p>\n","protected":false},"author":1,"featured_media":7227,"comment_status":"open","ping_status":"open","sticky":false,"template":"","format":"standard","meta":{"fifu_image_url":"https:\/\/fotografias.antena3.com\/clipping\/cmsimages01\/2024\/12\/20\/0460DCDB-EBF4-49A7-95E4-5C47FA23F21D\/abdul-mendy_69.jpg?crop=1562,879,x0,y0&width=1280&height=720&optimize=low&format=jpg","fifu_image_alt":"","footnotes":""},"categories":[6],"tags":[],"class_list":["post-7225","post","type-post","status-publish","format-standard","has-post-thumbnail","","category-deportes"],"_links":{"self":[{"href":"https:\/\/noticiasveraces.com\/index.php?rest_route=\/wp\/v2\/posts\/7225","targetHints":{"allow":["GET"]}}],"collection":[{"href":"https:\/\/noticiasveraces.com\/index.php?rest_route=\/wp\/v2\/posts"}],"about":[{"href":"https:\/\/noticiasveraces.com\/index.php?rest_route=\/wp\/v2\/types\/post"}],"author":[{"embeddable":true,"href":"https:\/\/noticiasveraces.com\/index.php?rest_route=\/wp\/v2\/users\/1"}],"replies":[{"embeddable":true,"href":"https:\/\/noticiasveraces.com\/index.php?rest_route=%2Fwp%2Fv2%2Fcomments&post=7225"}],"version-history":[{"count":0,"href":"https:\/\/noticiasveraces.com\/index.php?rest_route=\/wp\/v2\/posts\/7225\/revisions"}],"wp:featuredmedia":[{"embeddable":true,"href":"https:\/\/noticiasveraces.com\/index.php?rest_route=\/wp\/v2\/media\/7227"}],"wp:attachment":[{"href":"https:\/\/noticiasveraces.com\/index.php?rest_route=%2Fwp%2Fv2%2Fmedia&parent=7225"}],"wp:term":[{"taxonomy":"category","embeddable":true,"href":"https:\/\/noticiasveraces.com\/index.php?rest_route=%2Fwp%2Fv2%2Fcategories&post=7225"},{"taxonomy":"post_tag","embeddable":true,"href":"https:\/\/noticiasveraces.com\/index.php?rest_route=%2Fwp%2Fv2%2Ftags&post=7225"}],"curies":[{"name":"wp","href":"https:\/\/api.w.org\/{rel}","templated":true}]}}