{"id":7223,"date":"2024-12-20T18:55:23","date_gmt":"2024-12-20T22:55:23","guid":{"rendered":"https:\/\/noticiasveraces.com\/?p=7223"},"modified":"2024-12-20T18:55:23","modified_gmt":"2024-12-20T22:55:23","slug":"limitar-la-migracion-y-proteger-la-democracia-dw-20-12-2024","status":"publish","type":"post","link":"https:\/\/noticiasveraces.com\/?p=7223","title":{"rendered":"limitar la migraci\u00f3n y proteger la democracia \u2013 DW \u2013 20\/12\/2024"},"content":{"rendered":"<p> \n<\/p>\n<div>\n<p>Estas son las tareas que enfrentar\u00e1 un nuevo Gobierno alem\u00e1n en materia de pol\u00edtica interna en 2025: combatir la inmigraci\u00f3n ilegal y promover la inmigraci\u00f3n legal; contrarrestar mejor los ciberataques, y fortalecer el Estado de derecho y la democracia ante enemigos internos y externos.<\/p>\n<p>Sin embargo, todos estos desaf\u00edos podr\u00edan quedar eclipsados \u200b\u200bpor la profunda crisis en la que se encuentra la econom\u00eda del pa\u00eds: grandes empresas industriales como Volkswagen anuncian cierres de f\u00e1bricas, y la gente est\u00e1 preocupada por sus puestos de trabajo y sufre por la elevada inflaci\u00f3n.<\/p>\n<h2>Altos precios de la energ\u00eda y escasez de trabajadores cualificados.<\/h2>\n<p>Marco Wanderwitz (CDU), pol\u00edtico de Sajonia, explic\u00f3 a DW: \u00abEl mayor problema que tenemos es que en este pa\u00eds nuestra econom\u00eda tartamudea. Y eso afecta realmente a los cimientos ya la viabilidad futura. El gran problema es que los que hacen andar la econom\u00eda han perdido la confianza en la pol\u00edtica\u00bb.<\/p>\n<p>Y los motivos son los altos precios de la energ\u00eda, el alto nivel salarial alem\u00e1n, la ruinosa infraestructura, la abrumadora competencia de China. Pero tambi\u00e9n la falta de trabajadores cualificados y la creciente burocracia. Omid Nouripour, exjefe de Los Verdes, dijo a DW: \u00abTenemos una doble crisis, tanto econ\u00f3mica como estructural. Esto se puede comprobar en el hecho de que los aparatos de fax siguen siendo un medio de comunicaci\u00f3n de primer nivel en los departamentos de salud . Y esto se puede ver tambi\u00e9n en el atasco de las inversiones en este pa\u00eds\u00bb.<\/p>\n<p>Adem\u00e1s, se producen ataques desde el exterior, a menudo desde Rusia, a infraestructuras como, por ejemplo, a la red el\u00e9ctrica. \u00abLo m\u00e1s importante es proteger la infraestructura cr\u00edtica. Tenemos demasiadas vulnerabilidades en el \u00e1rea. Y hay demasiados actores que est\u00e1n atacando la infraestructura cr\u00edtica\u00bb, afirm\u00f3 Nouripour. <\/p>\n<h2>Pol\u00edtica m\u00e1s dura en materia de inmigraci\u00f3n<\/h2>\n<p>Otros dos temas importantes son la inmigraci\u00f3n y c\u00f3mo debe el pa\u00eds lidiar con el creciente populismo y la ultraderecha. En lo que respecta a la inmigraci\u00f3n, tanto la cifra de solicitudes de asilo como la cifra estimada de inmigraci\u00f3n ilegal han disminuido recientemente.<\/p>\n<p>Pero la Agencia Europea de Protecci\u00f3n de Fronteras, Frontex, estim\u00f3 que alrededor de 166.000 personas intentaron acceder a la UE de manera irregular en los primeros nueve meses de 2024.<\/p>\n<div class=\"vjs-wrapper embed normal right\">\n<h2 aria-label=\"Video integrado \u2014 Vivir y trabajar en Alemania: \u00bfTan dif\u00edcil como lo pintan?\" class=\"headline\"><svg xmlns=\"http:\/\/www.w3.org\/2000\/svg\" viewbox=\"0 0 20 20\"><g fill-rule=\"evenodd\"><path d=\"M14.114 7.599H13.5l.002 4.706h.601l4.582 3.25-.005-11.11zM11.084 4.444l-9.007.002-1.336.797.002 9.514 1.334.793 9.007.006 1.509-.799-.004-9.516z\"\/><\/g><\/svg>Vivir y trabajar en Alemania: \u00bfTan dif\u00edcil como lo pintan?<\/h2>\n<p><video id=\"video-71051701\" controls=\"\" playsinline=\"\" preload=\"none\" poster=\"data:image\/png;base64,iVBORw0KGgoAAAANSUhEUgAAAAEAAAABCAQAAAC1HAwCAAAAC0lEQVR42mNkYAAAAAYAAjCB0C8AAAAASUVORK5CYII=\" data-id=\"71051701\" data-posterurl=\"https:\/\/static.dw.com\/image\/71049103_605.webp\" data-duration=\"09:04\"><source src=\"https:\/\/hlsvod.dw.com\/i\/dwtv_video\/flv\/sonder\/sonder20241213_EXPLFolge6_,AVC_480x270,AVC_512x288,AVC_640x360,AVC_960x540,AVC_1280x720,AVC_1920x1080,.mp4.csmil\/master.m3u8\" type=\"application\/x-mpegURL\"><source src=\"https:\/\/tvdownloaddw-a.akamaihd.net\/dwtv_video\/flv\/sonder\/sonder20241213_EXPLFolge6_AVC_1920x1080.mp4\" type=\"video\/mp4\"><p class=\"vjs-no-js\">Para ver este video, habilite JavaScript y considere actualizar a un navegador web que admita videos HTML5.<\/p>\n<p><\/source><\/source><\/video><\/div>\n<h2>\u00bfMunicipios abrumadores por la inmigraci\u00f3n?<\/h2>\n<p>En Alemania, muchos municipios y comunidades informan que est\u00e1n llegando a sus l\u00edmites a la hora de acoger y atender a refugiados. El representante de la minor\u00eda de frisones y daneses en el norte del pa\u00eds, Stefan Seidler, de la \u00abAsociaci\u00f3n de presi\u00f3n del Sur de Schleswig\u201d (SSW) dijo a DW: \u00abLo que puedo decir ahora, desde mi punto de vista, es que los municipios se enfrentan a una enorme tarea que dif\u00edcilmente pueden afrontar. Lo que necesitamos es el apoyo del Gobierno federal\u00bb.<\/p>\n<p>El pol\u00edtico Wanderwitz, en cambio, lo ve de otra manera: \u00abPor un lado, las cifras han disminuido. Y por otro lado, creo que se exager\u00f3 el asunto. De hecho, s\u00f3lo conozco a pol\u00edticos municipales que dicen que aqu\u00ed las cosas son mucho menos graves que en 2014 o 2015\u201d.<\/p>\n<p>Nouripour se\u00f1al\u00f3 que las cifras podr\u00edan volver a aumentar en los pr\u00f3ximos a\u00f1os: \u00abSabemos que la situaci\u00f3n en Ucrania podr\u00eda generar m\u00e1s refugiados y vemos que uno o dos conflictos en Oriente Medio pueden escalar a\u00fan m\u00e1s\u00bb.<\/p>\n<p><span data-slot-id=\"Article_InContent-1\" class=\"rich-text-ad\"\/><\/p>\n<h2>Refuerzo del Tribunal Constitucional <\/h2>\n<p>Stefan Seidler se\u00f1al\u00f3: \u00abActualmente estamos experimentando una presi\u00f3n masiva de la ultraderecha. Estamos viviendo que hay fuerzas en Alemania que piensan que la mayor\u00eda es la \u00fanica que siempre decide (\u2026). Y como pol\u00edtico de minor\u00edas, s\u00f3lo puedo decirlo claramente: una buena la democracia tambi\u00e9n tiene en cuenta a sus minor\u00edas\u00bb.<\/p>\n<p>Por este motivo, Seidler apoy\u00f3 en diciembre una moci\u00f3n presentada en el Bundestag por la CDU, la CSU, el SPD, Los Verdes y el FDP para reforzar el Tribunal Constitucional Federal contra los ataques de la ultraderecha. La reforma estipula que para los futuros cambios de la estructura del tribunal se requerir\u00e1 una modificaci\u00f3n de la Ley Fundamental con el apoyo de una mayor\u00eda de dos tercios.<\/p>\n<p>(rmr\/ers)<\/p>\n<\/p>\n<\/div>\n\n","protected":false},"excerpt":{"rendered":"<p>Estas son las tareas que enfrentar\u00e1 un nuevo Gobierno alem\u00e1n en materia de pol\u00edtica interna en 2025: combatir la inmigraci\u00f3n ilegal y promover la inmigraci\u00f3n legal; contrarrestar mejor los ciberataques, y fortalecer el Estado de derecho y la democracia ante enemigos internos y externos. Sin embargo, todos estos desaf\u00edos podr\u00edan quedar eclipsados \u200b\u200bpor la profunda &hellip;<\/p>\n","protected":false},"author":1,"featured_media":7224,"comment_status":"open","ping_status":"open","sticky":false,"template":"","format":"standard","meta":{"fifu_image_url":"https:\/\/static.dw.com\/image\/70178490_6.jpg","fifu_image_alt":"","footnotes":""},"categories":[13],"tags":[],"class_list":["post-7223","post","type-post","status-publish","format-standard","has-post-thumbnail","","category-mundo"],"_links":{"self":[{"href":"https:\/\/noticiasveraces.com\/index.php?rest_route=\/wp\/v2\/posts\/7223","targetHints":{"allow":["GET"]}}],"collection":[{"href":"https:\/\/noticiasveraces.com\/index.php?rest_route=\/wp\/v2\/posts"}],"about":[{"href":"https:\/\/noticiasveraces.com\/index.php?rest_route=\/wp\/v2\/types\/post"}],"author":[{"embeddable":true,"href":"https:\/\/noticiasveraces.com\/index.php?rest_route=\/wp\/v2\/users\/1"}],"replies":[{"embeddable":true,"href":"https:\/\/noticiasveraces.com\/index.php?rest_route=%2Fwp%2Fv2%2Fcomments&post=7223"}],"version-history":[{"count":0,"href":"https:\/\/noticiasveraces.com\/index.php?rest_route=\/wp\/v2\/posts\/7223\/revisions"}],"wp:featuredmedia":[{"embeddable":true,"href":"https:\/\/noticiasveraces.com\/index.php?rest_route=\/wp\/v2\/media\/7224"}],"wp:attachment":[{"href":"https:\/\/noticiasveraces.com\/index.php?rest_route=%2Fwp%2Fv2%2Fmedia&parent=7223"}],"wp:term":[{"taxonomy":"category","embeddable":true,"href":"https:\/\/noticiasveraces.com\/index.php?rest_route=%2Fwp%2Fv2%2Fcategories&post=7223"},{"taxonomy":"post_tag","embeddable":true,"href":"https:\/\/noticiasveraces.com\/index.php?rest_route=%2Fwp%2Fv2%2Ftags&post=7223"}],"curies":[{"name":"wp","href":"https:\/\/api.w.org\/{rel}","templated":true}]}}