{"id":7220,"date":"2024-12-20T17:50:17","date_gmt":"2024-12-20T21:50:17","guid":{"rendered":"https:\/\/noticiasveraces.com\/?p=7220"},"modified":"2024-12-20T17:50:17","modified_gmt":"2024-12-20T21:50:17","slug":"biden-desaparecido-en-accion-mientras-turquia-se-acerca-a-una-guerra-total-contra-los-kurdos-aliados-de-estados-unidos-en-siria","status":"publish","type":"post","link":"https:\/\/noticiasveraces.com\/?p=7220","title":{"rendered":"Biden desaparecido en acci\u00f3n mientras Turqu\u00eda se acerca a una guerra total contra los kurdos aliados de Estados Unidos en Siria"},"content":{"rendered":"<p> \n<\/p>\n<div>\n<div class=\"article-gating gated-overlay\">\n<div class=\"article-gating-wrapper\">\n<p>\u00danase a Fox News para acceder a este contenido<\/p>\n<p>Adem\u00e1s, acceso especial a art\u00edculos seleccionados y otro contenido premium con su cuenta, sin cargo.<\/p>\n<div class=\"article-gating-legal tablet-desktop\">Al ingresar su correo electr\u00f3nico y presionar Continuar, acepta los T\u00e9rminos de uso y la Pol\u00edtica de privacidad de Fox News, que incluye nuestro Aviso de incentivo financiero.\n    <\/div>\n<p><span>Por favor, introduce una direcci\u00f3n de correo electr\u00f3nico v\u00e1lida.<\/span><\/p>\n<footer class=\"article-gating-footer\">\u00bfTienes problemas? Haga clic aqu\u00ed.<\/footer>\n<\/div>\n<\/div>\n<p class=\"speakable\">JERUSAL\u00c9N \u2013 El presidente turco, Recep Tayyip Erdo\u011fan, podr\u00eda estar a punto de sumergir a Siria en una nueva guerra con su planeada invasi\u00f3n del norte del pa\u00eds en un esfuerzo por diezmar a los kurdos sirios aliados de Estados Unidos que ayudaron al presidente electo Trump a derrotar al Estado Isl\u00e1mico en 2019. .<\/p>\n<p class=\"speakable\">El alto el fuego mediado por la Casa Blanca entre Turqu\u00eda y las Fuerzas Democr\u00e1ticas Sirias (SDF) lideradas por los kurdos ha sido ignorado en gran medida por las fuerzas pro-Turqu\u00eda y Erdo\u011fan, seg\u00fan informaci\u00f3n de Fox News del norte de Siria. Las SDF, que perdieron 12.000 combatientes en su campa\u00f1a para ayudar a Estados Unidos en la victoria sobre el Estado Isl\u00e1mico, se enfrentan a una crisis existencial.<\/p>\n<p>Una fuente de las SDF en el norte de Siria dijo a Fox News Digital que la Oposici\u00f3n Siria y el Ej\u00e9rcito Nacional Sirio, ambos alineados con el gobierno de Erdo\u011fan, \u00abse est\u00e1n fortaleciendo alrededor de Kobani desde las direcciones este y oeste. Los ataques a la presa de Tishreen todav\u00eda contin\u00faan Las SDF los enfrentan y los hacen retroceder continuamente. Adem\u00e1s, las l\u00edneas del frente de Kobani est\u00e1n sometidas constantemente a ataques de artiller\u00eda y drones armados turcos. Sin apoyo de ninguna naci\u00f3n. La mediaci\u00f3n entre nosotros y los turcos tiene como objetivo lograr un alto el fuego permanente\u00bb.<\/p>\n<p><strong>TURQU\u00cdA GOLPEA A LOS KURDOS ALIADOS DE EE.UU. EN SIRIA E IRAK TRAS EL ATAQUE TERRORISTA AL GRUPO DE DEFENSA<\/strong><\/p>\n<div class=\"image-ct inline\">\n<div class=\"m\"><picture><source media=\"(max-width: 767px)\" srcset=\"https:\/\/a57.foxnews.com\/static.foxnews.com\/foxnews.com\/content\/uploads\/2024\/12\/343\/192\/gettyimages-1860252383-scaled.jpg?ve=1&amp;tl=1, https:\/\/a57.foxnews.com\/static.foxnews.com\/foxnews.com\/content\/uploads\/2024\/12\/686\/384\/gettyimages-1860252383-scaled.jpg?ve=1&amp;tl=1 2x\" height=\"192\" width=\"343\"><source media=\"(min-width: 768px) and (max-width: 1023px)\" srcset=\"https:\/\/a57.foxnews.com\/static.foxnews.com\/foxnews.com\/content\/uploads\/2024\/12\/672\/378\/gettyimages-1860252383-scaled.jpg?ve=1&amp;tl=1, https:\/\/a57.foxnews.com\/static.foxnews.com\/foxnews.com\/content\/uploads\/2024\/12\/1344\/756\/gettyimages-1860252383-scaled.jpg?ve=1&amp;tl=1 2x\" height=\"378\" width=\"672\"><source media=\"(min-width: 1024px) and (max-width: 1279px)\" srcset=\"https:\/\/a57.foxnews.com\/static.foxnews.com\/foxnews.com\/content\/uploads\/2024\/12\/931\/523\/gettyimages-1860252383-scaled.jpg?ve=1&amp;tl=1, https:\/\/a57.foxnews.com\/static.foxnews.com\/foxnews.com\/content\/uploads\/2024\/12\/1862\/1046\/gettyimages-1860252383-scaled.jpg?ve=1&amp;tl=1 2x\" height=\"523\" width=\"931\"><source media=\"(min-width: 1280px)\" srcset=\"https:\/\/a57.foxnews.com\/static.foxnews.com\/foxnews.com\/content\/uploads\/2024\/12\/720\/405\/gettyimages-1860252383-scaled.jpg?ve=1&amp;tl=1, https:\/\/a57.foxnews.com\/static.foxnews.com\/foxnews.com\/content\/uploads\/2024\/12\/1440\/810\/gettyimages-1860252383-scaled.jpg?ve=1&amp;tl=1 2x\" height=\"405\" width=\"720\"><img loading=\"lazy\" decoding=\"async\" src=\"https:\/\/a57.foxnews.com\/static.foxnews.com\/foxnews.com\/content\/uploads\/2024\/12\/1200\/675\/gettyimages-1860252383-scaled.jpg?ve=1&amp;tl=1\" alt=\"presidente biden\" width=\"1200\" height=\"675\"\/><\/source><\/source><\/source><\/source><\/picture><\/div>\n<div class=\"info\">\n<div class=\"caption\">\n<p><span>El presidente Biden escucha una pregunta de la prensa cuando llega a la Casa Blanca en Washington, DC, el 19 de diciembre de 2023. (Drew Angerer\/Getty Images)<\/span> <!----><\/p>\n<\/div>\n<\/div>\n<\/div>\n<p>Seg\u00fan la fuente de las SDF, \u00abLos principales atacantes se llaman SNA, que constituyen la divisi\u00f3n Al Hamza y la divisi\u00f3n Sultan Suliman Shah, que son leales al l\u00edder del partido turco MHP, Dewlet Bah\u00e7el\u00ee\u00bb. Erdo\u011fan est\u00e1 alineado con el extremista Partido del Movimiento Nacionalista (MHP).<\/p>\n<p>Simone Ledeen, ex subsecretaria adjunta de Defensa de Estados Unidos para Oriente Medio, dijo a Fox News Digital: \u00abEstados Unidos debe reforzar el apoyo a las SDF (utilizando todas las herramientas disponibles para garantizar que sigan siendo capaces sobre el terreno) y al mismo tiempo abordar la realidad de que Turqu\u00eda , nuestro aliado de la OTAN, est\u00e1 permitiendo una amenaza yihadista en r\u00e1pida expansi\u00f3n\u00bb. <\/p>\n<p>Cuando Fox News Digital se acerc\u00f3 a \u00e9l, un portavoz del Departamento de Estado de EE.UU. dijo: \u00abSiria se encuentra en un estado fr\u00e1gil en este momento. No queremos que ninguna parte tome medidas para perseguir sus propios intereses unilaterales por encima de los intereses m\u00e1s amplios del pueblo sirio\u00bb. . Seguimos hablando con el Gobierno de T\u00fcrkiye y otros en la regi\u00f3n sobre un camino a seguir que reduzca las tensiones, no uno que las intensifique. Este es un momento para aumentar la estabilidad, no para continuar con los combates\u00bb.<\/p>\n<p>El portavoz a\u00f1adi\u00f3: \u00abNuestro objetivo es promover un proceso pol\u00edtico liderado por Siria en el esp\u00edritu de la resoluci\u00f3n 2254 del Consejo de Seguridad de la ONU, garantizando al mismo tiempo la derrota duradera de ISIS. Dado que sabemos que ISIS explota la inestabilidad, corresponde a todos los pa\u00edses con influencia en el terreno, incluido T\u00fcrkiye, para promover la estabilidad, el di\u00e1logo y la moderaci\u00f3n. Estados Unidos apoya la integridad territorial de Siria\u00bb.<\/p>\n<div class=\"image-ct inline\">\n<div class=\"m\"><picture><source media=\"(max-width: 767px)\" srcset=\"https:\/\/a57.foxnews.com\/static.foxnews.com\/foxnews.com\/content\/uploads\/2024\/07\/343\/192\/erdogan.jpg?ve=1&amp;tl=1, https:\/\/a57.foxnews.com\/static.foxnews.com\/foxnews.com\/content\/uploads\/2024\/07\/686\/384\/erdogan.jpg?ve=1&amp;tl=1 2x\" height=\"192\" width=\"343\"><source media=\"(min-width: 768px) and (max-width: 1023px)\" srcset=\"https:\/\/a57.foxnews.com\/static.foxnews.com\/foxnews.com\/content\/uploads\/2024\/07\/672\/378\/erdogan.jpg?ve=1&amp;tl=1, https:\/\/a57.foxnews.com\/static.foxnews.com\/foxnews.com\/content\/uploads\/2024\/07\/1344\/756\/erdogan.jpg?ve=1&amp;tl=1 2x\" height=\"378\" width=\"672\"><source media=\"(min-width: 1024px) and (max-width: 1279px)\" srcset=\"https:\/\/a57.foxnews.com\/static.foxnews.com\/foxnews.com\/content\/uploads\/2024\/07\/931\/523\/erdogan.jpg?ve=1&amp;tl=1, https:\/\/a57.foxnews.com\/static.foxnews.com\/foxnews.com\/content\/uploads\/2024\/07\/1862\/1046\/erdogan.jpg?ve=1&amp;tl=1 2x\" height=\"523\" width=\"931\"><source media=\"(min-width: 1280px)\" srcset=\"https:\/\/a57.foxnews.com\/static.foxnews.com\/foxnews.com\/content\/uploads\/2024\/07\/720\/405\/erdogan.jpg?ve=1&amp;tl=1, https:\/\/a57.foxnews.com\/static.foxnews.com\/foxnews.com\/content\/uploads\/2024\/07\/1440\/810\/erdogan.jpg?ve=1&amp;tl=1 2x\" height=\"405\" width=\"720\"><img loading=\"lazy\" decoding=\"async\" src=\"https:\/\/a57.foxnews.com\/static.foxnews.com\/foxnews.com\/content\/uploads\/2024\/07\/1200\/675\/erdogan.jpg?ve=1&amp;tl=1\" alt=\"Erdogan Biden en el G7\" width=\"1200\" height=\"675\"\/><\/source><\/source><\/source><\/source><\/picture><\/div>\n<div class=\"info\">\n<div class=\"caption\">\n<p><span>El presidente Biden, izquierda, y el presidente turco, Recep Tayyip Erdo\u011fan, en el segundo d\u00eda de la 50.\u00aa cumbre del G7 en Fasano, Italia, el 14 de junio. <\/span> <span>(Christopher Furlong\/Getty Images)<\/span><\/p>\n<\/div>\n<\/div>\n<\/div>\n<p>El supuesto fracaso de la administraci\u00f3n Biden a la hora de frenar la agresi\u00f3n de Erdo\u011fan podr\u00eda significar la fuga de 10.000 terroristas del Estado Isl\u00e1mico retenidos en prisiones dirigidas por el SDS. Las SDF han tenido que redesplegar sus fuerzas para contrarrestar la campa\u00f1a de Turqu\u00eda para despoblar el norte de Siria de combatientes del SDS. El resurgimiento del Estado Isl\u00e1mico en Siria podr\u00eda afectar negativamente a la seguridad estadounidense, sostienen los expertos en antiterrorismo.<\/p>\n<p>El senador John Kennedy, republicano por Luisiana, declar\u00f3 repetidamente en un discurso dirigido a Erdo\u011fan en el Congreso: \u00abDejen en paz a los kurdos\u00bb. Y a\u00f1adi\u00f3: \u00abLos kurdos son amigos de Estados Unidos&#8230; Las personas m\u00e1s responsables de ayudarnos, m\u00e1s responsables de destruir a ISIS, fueron los kurdos\u00bb.<\/p>\n<p>Kennedy advirti\u00f3 a Erdo\u011fan: \u00abSi invades Siria y tocas un pelo de la cabeza de los kurdos, le pedir\u00e9 al Congreso de los Estados Unidos que haga algo\u00bb, y se\u00f1al\u00f3: \u00abNuestras sanciones no ayudar\u00e1n a la econom\u00eda de Turqu\u00eda. \u00ab<\/p>\n<p>La econom\u00eda de Turqu\u00eda se tambalea y las potentes sanciones econ\u00f3micas de Estados Unidos podr\u00edan desestabilizar al gobierno de Erdo\u011fan.<\/p>\n<p><strong>LA CA\u00cdDA DE BASHAR ASSAD EN SIRIA ES UN GOLPE ESTRAT\u00c9GICO PARA IR\u00c1N Y RUSIA, DICEN LOS EXPERTOS<\/strong><\/p>\n<div class=\"image-ct inline\">\n<div class=\"m\"><picture><source media=\"(max-width: 767px)\" srcset=\"https:\/\/a57.foxnews.com\/static.foxnews.com\/foxnews.com\/content\/uploads\/2023\/01\/343\/192\/GettyImages-1231138740-e1672922765286.jpg?ve=1&amp;tl=1, https:\/\/a57.foxnews.com\/static.foxnews.com\/foxnews.com\/content\/uploads\/2023\/01\/686\/384\/GettyImages-1231138740-e1672922765286.jpg?ve=1&amp;tl=1 2x\" height=\"192\" width=\"343\"><source media=\"(min-width: 768px) and (max-width: 1023px)\" srcset=\"https:\/\/a57.foxnews.com\/static.foxnews.com\/foxnews.com\/content\/uploads\/2023\/01\/672\/378\/GettyImages-1231138740-e1672922765286.jpg?ve=1&amp;tl=1, https:\/\/a57.foxnews.com\/static.foxnews.com\/foxnews.com\/content\/uploads\/2023\/01\/1344\/756\/GettyImages-1231138740-e1672922765286.jpg?ve=1&amp;tl=1 2x\" height=\"378\" width=\"672\"><source media=\"(min-width: 1024px) and (max-width: 1279px)\" srcset=\"https:\/\/a57.foxnews.com\/static.foxnews.com\/foxnews.com\/content\/uploads\/2023\/01\/931\/523\/GettyImages-1231138740-e1672922765286.jpg?ve=1&amp;tl=1, https:\/\/a57.foxnews.com\/static.foxnews.com\/foxnews.com\/content\/uploads\/2023\/01\/1862\/1046\/GettyImages-1231138740-e1672922765286.jpg?ve=1&amp;tl=1 2x\" height=\"523\" width=\"931\"><source media=\"(min-width: 1280px)\" srcset=\"https:\/\/a57.foxnews.com\/static.foxnews.com\/foxnews.com\/content\/uploads\/2023\/01\/720\/405\/GettyImages-1231138740-e1672922765286.jpg?ve=1&amp;tl=1, https:\/\/a57.foxnews.com\/static.foxnews.com\/foxnews.com\/content\/uploads\/2023\/01\/1440\/810\/GettyImages-1231138740-e1672922765286.jpg?ve=1&amp;tl=1 2x\" height=\"405\" width=\"720\"><img loading=\"lazy\" decoding=\"async\" src=\"https:\/\/a57.foxnews.com\/static.foxnews.com\/foxnews.com\/content\/uploads\/2023\/01\/1200\/675\/GettyImages-1231138740-e1672922765286.jpg?ve=1&amp;tl=1\" alt=\"Veh\u00edculo de combate Bradley\" width=\"1200\" height=\"675\"\/><\/source><\/source><\/source><\/source><\/picture><\/div>\n<div class=\"info\">\n<div class=\"caption\">\n<p><span>Los veh\u00edculos de combate Bradley (BFV) estadounidenses patrullan en los campos petroleros de Suwaydiyah en la provincia de Hasakah, en el noreste de Siria, el 13 de febrero de 2021.<\/span> <span>(Delil Souleiman\/AFP v\u00eda Getty Images)<\/span><\/p>\n<\/div>\n<\/div>\n<\/div>\n<p>Cuando se le pregunt\u00f3 acerca de los informes de fuerzas alineadas con Turqu\u00eda que atacan a los kurdos sirios, un portavoz del Ministerio de Relaciones Exteriores de Turqu\u00eda dijo a Fox News Digital: \u00abLos informes mencionados son infundados. T\u00fcrkiye nunca tuvo un problema con los kurdos sirios; por el contrario, los abraz\u00f3 y apoy\u00f3. \u00abQue se conviertan en parte de una Siria unificada. Debe hacerse una distinci\u00f3n clara entre los kurdos sirios y los asociados con las organizaciones terroristas\u00bb.<\/p>\n<p>El portavoz a\u00f1adi\u00f3: \u00abLa continua dedicaci\u00f3n y los sacrificios de T\u00fcrkiye en la lucha contra Daesh (ISIS) no deben pasarse por alto. Al final del d\u00eda, T\u00fcrkiye sigue siendo el actor m\u00e1s cre\u00edble y capaz de la regi\u00f3n en la lucha contra Daesh. \u00bb <\/p>\n<p>El gobierno de Turqu\u00eda utiliza Daesh, la transliteraci\u00f3n del acr\u00f3nimo \u00e1rabe Estado Isl\u00e1mico en Irak y Siria (ISIS), para designar al movimiento terrorista sunita yihadista. <\/p>\n<p>Cuando nos enfrentamos a la declaraci\u00f3n de las SDF de que los esfuerzos de mediaci\u00f3n liderados por Estados Unidos fracasaron porque Turqu\u00eda no acept\u00f3 puntos clave, \u00abincluido el traslado de los combatientes restantes del Consejo Militar de Manbij y de los civiles que deseaban trasladarse a zonas m\u00e1s seguras dentro del norte y el este de Siria, as\u00ed como la resoluci\u00f3n de la cuesti\u00f3n relativa al traslado de los restos de Suleiman Shah a su ubicaci\u00f3n anterior\u00bb, dijo el portavoz del Ministerio de Asuntos Exteriores turco, \u00abNo se trata de que T\u00fcrkiye intensifique la situaci\u00f3n sobre el terreno, sino de la determinaci\u00f3n del pueblo sirio de actuar contra los organizaci\u00f3n terrorista.\u00bb<\/p>\n<div class=\"image-ct inline\">\n<div class=\"m\"><picture><source media=\"(max-width: 767px)\" srcset=\"https:\/\/a57.foxnews.com\/static.foxnews.com\/foxnews.com\/content\/uploads\/2024\/01\/343\/192\/us-troops-syria.jpg?ve=1&amp;tl=1, https:\/\/a57.foxnews.com\/static.foxnews.com\/foxnews.com\/content\/uploads\/2024\/01\/686\/384\/us-troops-syria.jpg?ve=1&amp;tl=1 2x\" height=\"192\" width=\"343\"><source media=\"(min-width: 768px) and (max-width: 1023px)\" srcset=\"https:\/\/a57.foxnews.com\/static.foxnews.com\/foxnews.com\/content\/uploads\/2024\/01\/672\/378\/us-troops-syria.jpg?ve=1&amp;tl=1, https:\/\/a57.foxnews.com\/static.foxnews.com\/foxnews.com\/content\/uploads\/2024\/01\/1344\/756\/us-troops-syria.jpg?ve=1&amp;tl=1 2x\" height=\"378\" width=\"672\"><source media=\"(min-width: 1024px) and (max-width: 1279px)\" srcset=\"https:\/\/a57.foxnews.com\/static.foxnews.com\/foxnews.com\/content\/uploads\/2024\/01\/931\/523\/us-troops-syria.jpg?ve=1&amp;tl=1, https:\/\/a57.foxnews.com\/static.foxnews.com\/foxnews.com\/content\/uploads\/2024\/01\/1862\/1046\/us-troops-syria.jpg?ve=1&amp;tl=1 2x\" height=\"523\" width=\"931\"><source media=\"(min-width: 1280px)\" srcset=\"https:\/\/a57.foxnews.com\/static.foxnews.com\/foxnews.com\/content\/uploads\/2024\/01\/720\/405\/us-troops-syria.jpg?ve=1&amp;tl=1, https:\/\/a57.foxnews.com\/static.foxnews.com\/foxnews.com\/content\/uploads\/2024\/01\/1440\/810\/us-troops-syria.jpg?ve=1&amp;tl=1 2x\" height=\"405\" width=\"720\"><img loading=\"lazy\" decoding=\"async\" src=\"https:\/\/a57.foxnews.com\/static.foxnews.com\/foxnews.com\/content\/uploads\/2024\/01\/1200\/675\/us-troops-syria.jpg?ve=1&amp;tl=1\" alt=\"Foto de tropas estadounidenses en Siria entrenando a las YPG\/SDF.\" width=\"1200\" height=\"675\"\/><\/source><\/source><\/source><\/source><\/picture><\/div>\n<div class=\"info\">\n<div class=\"caption\">\n<p><span>Las fuerzas estadounidenses brindan entrenamiento militar a miembros de las YPG\/SDF, que Turqu\u00eda considera una extensi\u00f3n del PKK, en el distrito de Qamisli en la provincia de Al-Hasakah, Siria, el 18 de agosto de 2023.<\/span> <span>(Hedil Amir\/Agencia Anadolu v\u00eda)<\/span><\/p>\n<\/div>\n<\/div>\n<\/div>\n<p>A\u00f1adi\u00f3: \u00abEl pueblo sirio, fortalecido por la confianza obtenida al derrocar al r\u00e9gimen Baaz, se est\u00e1 esforzando por expulsar a la organizaci\u00f3n terrorista PKK\/YPG\/&#8217;SDF&#8217;, que durante mucho tiempo ha ocupado sus territorios y los ha sometido a la violencia y la opresi\u00f3n. Han eliminado con \u00e9xito la organizaci\u00f3n de Manbij y Deir ez-Zor, y est\u00e1n a punto de hacerlo en Raqqa. Al final del d\u00eda, esto es simplemente el reflejo de la voluntad del pueblo sirio\u00bb.<\/p>\n<p>PKK es una abreviatura del Partido de los Trabajadores del Kurdist\u00e1n, una organizaci\u00f3n clasificada por Estados Unidos y la UE como entidad terrorista. Estados Unidos tiene una alianza militar de larga data con la organizaci\u00f3n militar kurda siria, las Unidades de Defensa del Pueblo (YPG), en Siria. Las YPG son parte de una organizaci\u00f3n m\u00e1s amplia conocida como Fuerzas Democr\u00e1ticas Sirias (SDF) y desempe\u00f1aron un papel clave en el desmantelamiento del Estado Isl\u00e1mico en Siria.<\/p>\n<p>En un creciente acto de apoyo bipartidista del Congreso a los kurdos sirios, los legisladores est\u00e1n enviando mensajes a la administraci\u00f3n Biden y a la administraci\u00f3n entrante de Trump. <\/p>\n<p>El mi\u00e9rcoles, los senadores Chris Van Hollen, dem\u00f3crata por Maryland, y Lindsey Graham, RS.C., amenazaron con imponer sanciones a Erdo\u011fan. Los senadores escribieron en una declaraci\u00f3n conjunta: \u00abSi bien Turqu\u00eda tiene algunas preocupaciones de seguridad leg\u00edtimas que pueden abordarse, estos acontecimientos est\u00e1n socavando la seguridad regional y Estados Unidos no puede quedarse de brazos cruzados\u00bb.<\/p>\n<p>\u00abA ra\u00edz de la ca\u00edda del r\u00e9gimen de Assad, las fuerzas respaldadas por Turqu\u00eda han intensificado los ataques contra nuestros socios kurdos sirios, amenazando una vez m\u00e1s la misi\u00f3n vital de prevenir el resurgimiento de ISIS\u00bb, dijeron.<\/p>\n<p><strong>GRUPO ESTADOUNIDENSE BUSCA A ESTADOUNIDENSES SECUESTRADOS EN SIRIA TRAS LA CA\u00cdDA DEL R\u00c9GIMEN DE ASSAD<\/strong><\/p>\n<div class=\"image-ct inline\">\n<div class=\"m\"><picture><source media=\"(max-width: 767px)\" srcset=\"https:\/\/a57.foxnews.com\/static.foxnews.com\/foxnews.com\/content\/uploads\/2019\/10\/343\/192\/Trump-Erdodgan-THUMB.jpg?ve=1&amp;tl=1, https:\/\/a57.foxnews.com\/static.foxnews.com\/foxnews.com\/content\/uploads\/2019\/10\/686\/384\/Trump-Erdodgan-THUMB.jpg?ve=1&amp;tl=1 2x\" height=\"192\" width=\"343\"><source media=\"(min-width: 768px) and (max-width: 1023px)\" srcset=\"https:\/\/a57.foxnews.com\/static.foxnews.com\/foxnews.com\/content\/uploads\/2019\/10\/672\/378\/Trump-Erdodgan-THUMB.jpg?ve=1&amp;tl=1, https:\/\/a57.foxnews.com\/static.foxnews.com\/foxnews.com\/content\/uploads\/2019\/10\/1344\/756\/Trump-Erdodgan-THUMB.jpg?ve=1&amp;tl=1 2x\" height=\"378\" width=\"672\"><source media=\"(min-width: 1024px) and (max-width: 1279px)\" srcset=\"https:\/\/a57.foxnews.com\/static.foxnews.com\/foxnews.com\/content\/uploads\/2019\/10\/931\/523\/Trump-Erdodgan-THUMB.jpg?ve=1&amp;tl=1, https:\/\/a57.foxnews.com\/static.foxnews.com\/foxnews.com\/content\/uploads\/2019\/10\/1862\/1046\/Trump-Erdodgan-THUMB.jpg?ve=1&amp;tl=1 2x\" height=\"523\" width=\"931\"><source media=\"(min-width: 1280px)\" srcset=\"https:\/\/a57.foxnews.com\/static.foxnews.com\/foxnews.com\/content\/uploads\/2019\/10\/720\/405\/Trump-Erdodgan-THUMB.jpg?ve=1&amp;tl=1, https:\/\/a57.foxnews.com\/static.foxnews.com\/foxnews.com\/content\/uploads\/2019\/10\/1440\/810\/Trump-Erdodgan-THUMB.jpg?ve=1&amp;tl=1 2x\" height=\"405\" width=\"720\"><img loading=\"lazy\" decoding=\"async\" src=\"https:\/\/a57.foxnews.com\/static.foxnews.com\/foxnews.com\/content\/uploads\/2019\/10\/1200\/675\/Trump-Erdodgan-THUMB.jpg?ve=1&amp;tl=1\" alt=\"El presidente Trump y el presidente de Turqu\u00eda, Recep Tayyip Erdogan\" width=\"1200\" height=\"675\"\/><\/source><\/source><\/source><\/source><\/picture><\/div>\n<div class=\"info\">\n<div class=\"caption\">\n<p><span>El presidente Trump, a la izquierda, conversa con el presidente de Turqu\u00eda, Recep Tayyip Erdo\u011fan, cuando llegan a una cumbre de jefes de Estado y de gobierno en la sede de la OTAN en Bruselas el 11 de julio de 2018.<\/span> <span>(Foto AP\/Pablo Mart\u00ednez Monsiv\u00e1is, Archivo)<\/span><\/p>\n<\/div>\n<\/div>\n<\/div>\n<p>Varias solicitudes de comentarios de Fox News Digital a los portavoces del presidente electo Trump y a su asesor entrante del Consejo de Seguridad Nacional, el representante Michael Waltz, republicano por Florida, no fueron respondidas de inmediato.<\/p>\n<p>Shukriya Bradost, un experto en los kurdos, que naci\u00f3 y creci\u00f3 en la regi\u00f3n del Kurdist\u00e1n de Ir\u00e1n, dijo a Fox News Digital: \u00abLa opci\u00f3n m\u00e1s pragm\u00e1tica de Turqu\u00eda es entablar un di\u00e1logo con la administraci\u00f3n kurda en Siria, facilitado por Estados Unidos. La relaci\u00f3n de cooperaci\u00f3n podr\u00eda servir tanto a los intereses turcos como a los kurdos, estabilizando la regi\u00f3n y al mismo tiempo abordando las preocupaciones de seguridad de Turqu\u00eda y la experiencia que Turqu\u00eda ya tiene con la Regi\u00f3n de Gobierno del Kurdist\u00e1n en Irak (KRG)\u00bb. <\/p>\n<p>Y a\u00f1adi\u00f3: \u00abTurqu\u00eda ya ha demostrado que puede cooperar con una administraci\u00f3n kurda en Siria. En el pasado, el petr\u00f3leo del norte de Siria fluy\u00f3 a trav\u00e9s del GRK hacia Turqu\u00eda, lo que demuestra el potencial para la colaboraci\u00f3n econ\u00f3mica y pol\u00edtica. Este precedente demuestra que los intereses mutuos pueden prevalecer hostilidades hist\u00f3ricas.\u00bb<\/p>\n<p>Bradost recomend\u00f3 que Washington \u00abnegocie un acuerdo hist\u00f3rico que aborde las preocupaciones de seguridad de Turqu\u00eda sin desmantelar la autonom\u00eda kurda en Siria. Al igual que los Acuerdos de Abraham trajeron avances diplom\u00e1ticos sin precedentes en el Medio Oriente, un acuerdo facilitado por Estados Unidos entre Turqu\u00eda y los kurdos sirios podr\u00eda ofrecer un camino a seguir.\u00bb<\/p>\n<p>El viernes, la principal diplom\u00e1tica del Departamento de Estado para Medio Oriente, Barbara Leaf, se reuni\u00f3 con representantes de la organizaci\u00f3n terrorista Hayat Tahrir al-Sham (HTS), designada por Estados Unidos, en Damasco. HTS y sus aliados islamistas derrocaron al r\u00e9gimen del dictador sirio Bashar Assad hace menos de dos semanas. <\/p>\n<p><strong>HAGA CLIC AQU\u00cd PARA OBTENER LA APLICACI\u00d3N FOX NEWS<\/strong><strong> <\/strong><\/p>\n<p>Leaf dijo a los periodistas despu\u00e9s de la reuni\u00f3n que hay un alto el fuego alrededor de Manbij y que hay preocupaciones sobre \u00ablos efectos de los combates cerca de la presa de Tishreen y los da\u00f1os a esa presa, especialmente si se trata de da\u00f1os estructurales significativos\u00bb. A\u00f1adi\u00f3 que Estados Unidos est\u00e1 trabajando con las autoridades turcas y las SDF para lograr un alto el fuego en torno a Kobani. <\/p>\n<\/div>\n\n","protected":false},"excerpt":{"rendered":"<p>\u00danase a Fox News para acceder a este contenido Adem\u00e1s, acceso especial a art\u00edculos seleccionados y otro contenido premium con su cuenta, sin cargo. Al ingresar su correo electr\u00f3nico y presionar Continuar, acepta los T\u00e9rminos de uso y la Pol\u00edtica de privacidad de Fox News, que incluye nuestro Aviso de incentivo financiero. Por favor, introduce &hellip;<\/p>\n","protected":false},"author":1,"featured_media":7222,"comment_status":"open","ping_status":"open","sticky":false,"template":"","format":"standard","meta":{"fifu_image_url":"https:\/\/static.foxnews.com\/foxnews.com\/content\/uploads\/2024\/10\/turkey-3.jpg","fifu_image_alt":"","footnotes":""},"categories":[13],"tags":[],"class_list":["post-7220","post","type-post","status-publish","format-standard","has-post-thumbnail","","category-mundo"],"_links":{"self":[{"href":"https:\/\/noticiasveraces.com\/index.php?rest_route=\/wp\/v2\/posts\/7220","targetHints":{"allow":["GET"]}}],"collection":[{"href":"https:\/\/noticiasveraces.com\/index.php?rest_route=\/wp\/v2\/posts"}],"about":[{"href":"https:\/\/noticiasveraces.com\/index.php?rest_route=\/wp\/v2\/types\/post"}],"author":[{"embeddable":true,"href":"https:\/\/noticiasveraces.com\/index.php?rest_route=\/wp\/v2\/users\/1"}],"replies":[{"embeddable":true,"href":"https:\/\/noticiasveraces.com\/index.php?rest_route=%2Fwp%2Fv2%2Fcomments&post=7220"}],"version-history":[{"count":0,"href":"https:\/\/noticiasveraces.com\/index.php?rest_route=\/wp\/v2\/posts\/7220\/revisions"}],"wp:featuredmedia":[{"embeddable":true,"href":"https:\/\/noticiasveraces.com\/index.php?rest_route=\/wp\/v2\/media\/7222"}],"wp:attachment":[{"href":"https:\/\/noticiasveraces.com\/index.php?rest_route=%2Fwp%2Fv2%2Fmedia&parent=7220"}],"wp:term":[{"taxonomy":"category","embeddable":true,"href":"https:\/\/noticiasveraces.com\/index.php?rest_route=%2Fwp%2Fv2%2Fcategories&post=7220"},{"taxonomy":"post_tag","embeddable":true,"href":"https:\/\/noticiasveraces.com\/index.php?rest_route=%2Fwp%2Fv2%2Ftags&post=7220"}],"curies":[{"name":"wp","href":"https:\/\/api.w.org\/{rel}","templated":true}]}}