{"id":7200,"date":"2024-12-20T14:35:13","date_gmt":"2024-12-20T18:35:13","guid":{"rendered":"https:\/\/noticiasveraces.com\/?p=7200"},"modified":"2024-12-20T14:35:13","modified_gmt":"2024-12-20T18:35:13","slug":"el-lago-de-como-en-una-lata-aereo-de-destino-turistico-a-la-venta-por-11-dolares-en-italia","status":"publish","type":"post","link":"https:\/\/noticiasveraces.com\/?p=7200","title":{"rendered":"\u00bfEl lago de Como en una lata? &#8216;A\u00e9reo&#8217; de destino tur\u00edstico a la venta por 11 d\u00f3lares en Italia"},"content":{"rendered":"<p> \n<br \/><img decoding=\"async\" src=\"https:\/\/media-cldnry.s-nbcnews.com\/image\/upload\/t_fit_1500w\/rockcms\/2024-11\/241105-lake-cuomo-mb-0951-545e05.jpg\" \/><\/p>\n<div>\n<p class=\"\">Las latas, que est\u00e1n a la venta desde principios de octubre, s\u00f3lo se pueden encontrar en las tiendas locales de Como y sus alrededores. No se pueden comprar online, ya que la empresa tiene como objetivo promover las visitas a la zona del lago de Como.<\/p>\n<p class=\"\">\u00abS\u00f3lo aquellos que visitan el lago de Como pueden querer comprar nuestro souvenir. Los recuerdos no se compran sino que se viven\u00bb, dice el sitio web.<\/p>\n<p class=\"\">Las latas se venden en dos lugares de Como (una librer\u00eda y un restaurante), as\u00ed como en Menaggio y Lenno, dos destinos populares a orillas del lago.<\/p>\n<p class=\"\">El lago Como, a 50 millas al norte de Mil\u00e1n, es famoso por sus extravagantes villas que atraen a celebridades y otros turistas adinerados de todas partes.<\/p>\n<p class=\"\">Producciones cinematogr\u00e1ficas internacionales han elegido el lago como espectacular tel\u00f3n de fondo y las redes sociales est\u00e1n inundadas de usuarios presumiendo de sus viajes.<\/p>\n<p class=\"\">El inter\u00e9s por el Lago Como se dispar\u00f3 en 2002 despu\u00e9s de que George Clooney comprara una villa en Laglio, un pueblo en la orilla occidental del lago. <\/p>\n<p class=\"\">Un usuario de X se\u00f1al\u00f3 que esta conexi\u00f3n con la celebridad ahora ha inspirado este producto peculiar que est\u00e1 \u00abinspirado y respirado por George Clooney\u00bb.<\/p>\n<p class=\"\">Pero no todo el mundo est\u00e1 convencido de este soplo de aire fresco italiano.<\/p>\n<p class=\"\">Muchos en las redes sociales criticaron a quienes compraban aire enlatado, descart\u00e1ndolo como una \u00abvieja idea\u00bb. Un usuario, Nelson Neilson, escribi\u00f3 en una publicaci\u00f3n en X: \u00abNo es nuevo. Mis padres ten\u00edan algo similar en Banff hace 50 a\u00f1os\u00bb.<\/p>\n<p class=\"\">A\u00fan as\u00ed, otros vieron el humor.<\/p>\n<p class=\"\">\u00ab\u00a1Vamos! Es s\u00f3lo un recuerdo\u201d, public\u00f3 el usuario Kov\u00e1cs G\u00e9za en X.<\/p>\n<p class=\"\">No es la primera vez que se enlata y vende aire italiano.<\/p>\n<p class=\"\">Poco despu\u00e9s de la Segunda Guerra Mundial, el empresario italiano Gennaro Ciaravolo empez\u00f3 a vender aire enlatado desde N\u00e1poles.<\/p>\n<p class=\"\">Ciaravolo utiliz\u00f3 latas vac\u00edas de ayuda alimentaria dejadas por las tropas estadounidenses despu\u00e9s de la liberaci\u00f3n y afirm\u00f3 que las llenaba de aire, llam\u00e1ndolas \u201cAria di Napoli\u201d.<\/p>\n<p class=\"endmark\">Y el aire enlatado no es exclusivo de Europa. La marca canadiense Vitality Air captura y embotella aire de las Monta\u00f1as Rocosas y lo vende en todo el mundo.<\/p>\n<\/div>\n\n","protected":false},"excerpt":{"rendered":"<p>Las latas, que est\u00e1n a la venta desde principios de octubre, s\u00f3lo se pueden encontrar en las tiendas locales de Como y sus alrededores. No se pueden comprar online, ya que la empresa tiene como objetivo promover las visitas a la zona del lago de Como. \u00abS\u00f3lo aquellos que visitan el lago de Como pueden &hellip;<\/p>\n","protected":false},"author":1,"featured_media":7202,"comment_status":"open","ping_status":"open","sticky":false,"template":"","format":"standard","meta":{"fifu_image_url":"https:\/\/media-cldnry.s-nbcnews.com\/image\/upload\/t_nbcnews-fp-1200-630,f_auto,q_auto:best\/rockcms\/2024-11\/241105-lake-cuomo-mb-0920-8fe6f7.jpg","fifu_image_alt":"","footnotes":""},"categories":[11],"tags":[],"class_list":["post-7200","post","type-post","status-publish","format-standard","has-post-thumbnail","","category-viaje"],"_links":{"self":[{"href":"https:\/\/noticiasveraces.com\/index.php?rest_route=\/wp\/v2\/posts\/7200","targetHints":{"allow":["GET"]}}],"collection":[{"href":"https:\/\/noticiasveraces.com\/index.php?rest_route=\/wp\/v2\/posts"}],"about":[{"href":"https:\/\/noticiasveraces.com\/index.php?rest_route=\/wp\/v2\/types\/post"}],"author":[{"embeddable":true,"href":"https:\/\/noticiasveraces.com\/index.php?rest_route=\/wp\/v2\/users\/1"}],"replies":[{"embeddable":true,"href":"https:\/\/noticiasveraces.com\/index.php?rest_route=%2Fwp%2Fv2%2Fcomments&post=7200"}],"version-history":[{"count":0,"href":"https:\/\/noticiasveraces.com\/index.php?rest_route=\/wp\/v2\/posts\/7200\/revisions"}],"wp:featuredmedia":[{"embeddable":true,"href":"https:\/\/noticiasveraces.com\/index.php?rest_route=\/wp\/v2\/media\/7202"}],"wp:attachment":[{"href":"https:\/\/noticiasveraces.com\/index.php?rest_route=%2Fwp%2Fv2%2Fmedia&parent=7200"}],"wp:term":[{"taxonomy":"category","embeddable":true,"href":"https:\/\/noticiasveraces.com\/index.php?rest_route=%2Fwp%2Fv2%2Fcategories&post=7200"},{"taxonomy":"post_tag","embeddable":true,"href":"https:\/\/noticiasveraces.com\/index.php?rest_route=%2Fwp%2Fv2%2Ftags&post=7200"}],"curies":[{"name":"wp","href":"https:\/\/api.w.org\/{rel}","templated":true}]}}