{"id":7193,"date":"2024-12-20T13:28:01","date_gmt":"2024-12-20T17:28:01","guid":{"rendered":"https:\/\/noticiasveraces.com\/?p=7193"},"modified":"2024-12-20T13:28:01","modified_gmt":"2024-12-20T17:28:01","slug":"abandona-alemania-a-personas-amenazadas-dw-20-12-2024","status":"publish","type":"post","link":"https:\/\/noticiasveraces.com\/?p=7193","title":{"rendered":"\u00bfAbandona Alemania a personas amenazadas? \u2013 DW \u2013 20\/12\/2024"},"content":{"rendered":"<p> \n<\/p>\n<div>\n<p>En agosto de 2021, los talibanes, isl\u00e1mistas radicales, retomaron el poder en Afganist\u00e1n, 20 a\u00f1os despu\u00e9s de su derrocamiento por una misi\u00f3n militar internacional encabezada por Estados Unidos. Miles de trabajadores locales, que hab\u00edan ayudado, entre otros, a la Bundeswehr alemana y a organizaciones humanitarias, temen desde entonces la venganza de los talibanes. Pero tambi\u00e9n corren riesgo mujeres y hombres, ya sea por razones religiosas u orientaci\u00f3n sexual.<\/p>\n<p>Muchas personas en peligro pudieron ser evacuadas, incluso despu\u00e9s de la retirada de la Bundeswehr, pero no todas. El Gobierno federal les hizo una oferta para llevarlas a Alemania con el apoyo de organizaciones civiles. Para ello, en octubre de 2022 se inici\u00f3 el llamado Programa Federal de Acogida, que beneficiar\u00eda cada mes a 1.000 personas afectadas ya sus familias.<\/p>\n<h2>\u00abActuamos y cumplimos con nuestra responsabilidad humanitaria\u00bb<\/h2>\n<p>La ministra del Interior alemana, Nancy Faeser, afirm\u00f3 entonces: \u00abEstamos actuando y cumpliendo con nuestra responsabilidad humanitaria\u00bb. En comparaci\u00f3n con otros pa\u00edses de la Uni\u00f3n Europea (UE), fue con diferencia el mayor n\u00famero de acogidas de exempleados locales y otras personas amenazadas. \u00abSeguiremos asumiendo esta responsabilidad\u00bb, subray\u00f3 la socialdem\u00f3crata (SPD).<\/p>\n<p>Sin embargo, en comparaci\u00f3n con los objetivos fijados, el saldo de dos a\u00f1os despu\u00e9s es decepcionante: el n\u00famero de confirmaciones de acogida, que asciende a 3.055 por un per\u00edodo de 25 meses, est\u00e1 muy por debajo del nivel deseado. Seg\u00fan informaci\u00f3n oficial, a petici\u00f3n de la diputada de La Izquierda Clara B\u00fcgner, hasta el momento (a finales de noviembre de 2024) solo han llegado a Alemania 864 personas.<\/p>\n<h2>No hay nuevas confirmaciones de acogida.<\/h2>\n<p>Se dice que en Afganist\u00e1n hay unos cientos de personas autorizadas a abandonar el pa\u00eds. \u00abOtras 1.900 personas, con confirmaciones de acogida, se encuentran en Pakist\u00e1n y reciben apoyo del Gobierno federal\u00bb, inform\u00f3 a B\u00fcgner. Para todos aquellos que todav\u00eda esperan un futuro seguro en Alemania, puede que sea demasiado tarde, porque seg\u00fan el Ministerio del Interior, de momento no habr\u00e1 m\u00e1s confirmaciones de acogida.<\/p>\n<p>Esta decisi\u00f3n se debe a motivos de seguridad. Al parecer, el Gobierno alem\u00e1n teme que terroristas en potencia acceden al pa\u00eds a trav\u00e9s del citado programa federal. Para evitarlo, se han reforzado los controles de seguridad: \u00abEsto requiere mucho tiempo, pero sirve para no traer islamistas o personas peligrosas a Alemania\u00bb, subray\u00f3 un portavoz.<\/p>\n<p><span data-slot-id=\"Article_InContent-1\" class=\"rich-text-ad\"\/><\/p>\n<h2>Periodistas tambi\u00e9n afectados<\/h2>\n<p>Un grupo de 26 organizaciones humanitarias consideran devastador el cambio de ruta del Gobierno alem\u00e1n y pidieron, a principios de diciembre, retomar la pr\u00e1ctica de acogida: \u00abAbandonar el Programa Federal de Acogida tendr\u00eda consecuencias fatales para quienes buscan protecci\u00f3n. Miles de los que est\u00e1 en medio del proceso se quedar\u00edan en una situaci\u00f3n extremadamente precaria\u00bb. Reporteros sin Fronteras (RSF) tambi\u00e9n represent\u00f3 el llamamiento.<\/p>\n<p>Afganist\u00e1n ocupa el tercer puesto inferior en el \u00edndice de libertad de prensa. \u00abEl fin del programa es una mala noticia para los periodistas afganos. Para muchos de los afectados se ha extinguido la \u00faltima chispa de esperanza de escapar del r\u00e9gimen talib\u00e1n\u201d, critic\u00f3 la directora de RSF en Alemania, Anja Osterhaus. \u00abEl Gobierno finalmente ha incumplido su promesa de ofrecer refugio a los defensores de los derechos humanos, (que se encuentran) en grave peligro\u00bb, lament\u00f3.<\/p>\n<h2>Diputado del SPD cr\u00edtico al Gobierno alem\u00e1n<\/h2>\n<p>Michael M\u00fcller es diputado del Partido Socialdem\u00f3crata (SPD) y presidente de la Comisi\u00f3n de Investigaci\u00f3n sobre Afganist\u00e1n del Parlamento alem\u00e1n. Su labor es sacar lecciones de la fallida misi\u00f3n militar y desarrollar recomendaciones para futuras misiones extranjeras. \u00abLa forma de aplicar el Programa Federal de Acogida me parece muy problem\u00e1tica\u00bb, dijo M\u00fcller a Deutsche Welle. Tambi\u00e9n \u00e9l cree que es un error no dar a las personas amenazadas la oportunidad de acogida.<\/p>\n<p>M\u00fcller considera que la situaci\u00f3n es muy mala para las m\u00e1s de 2.000 personas que han recibido una confirmaci\u00f3n de acogida, pero est\u00e1n atrapadas en Afganist\u00e1n o en el vecino Pakist\u00e1n. A menudo llevan muchos meses esperando sus visados \u200b\u200bo tienen que pasar m\u00e1s controles de seguridad. \u00abNo saben qu\u00e9 direcci\u00f3n van a tomar las cosas\u00bb, afirm\u00f3.<\/p>\n<p>(rmr\/ers)<\/p>\n<\/p>\n<\/div>\n\n","protected":false},"excerpt":{"rendered":"<p>En agosto de 2021, los talibanes, isl\u00e1mistas radicales, retomaron el poder en Afganist\u00e1n, 20 a\u00f1os despu\u00e9s de su derrocamiento por una misi\u00f3n militar internacional encabezada por Estados Unidos. Miles de trabajadores locales, que hab\u00edan ayudado, entre otros, a la Bundeswehr alemana y a organizaciones humanitarias, temen desde entonces la venganza de los talibanes. Pero tambi\u00e9n &hellip;<\/p>\n","protected":false},"author":1,"featured_media":7194,"comment_status":"open","ping_status":"open","sticky":false,"template":"","format":"standard","meta":{"fifu_image_url":"https:\/\/static.dw.com\/image\/67509387_6.jpg","fifu_image_alt":"","footnotes":""},"categories":[13],"tags":[],"class_list":["post-7193","post","type-post","status-publish","format-standard","has-post-thumbnail","","category-mundo"],"_links":{"self":[{"href":"https:\/\/noticiasveraces.com\/index.php?rest_route=\/wp\/v2\/posts\/7193","targetHints":{"allow":["GET"]}}],"collection":[{"href":"https:\/\/noticiasveraces.com\/index.php?rest_route=\/wp\/v2\/posts"}],"about":[{"href":"https:\/\/noticiasveraces.com\/index.php?rest_route=\/wp\/v2\/types\/post"}],"author":[{"embeddable":true,"href":"https:\/\/noticiasveraces.com\/index.php?rest_route=\/wp\/v2\/users\/1"}],"replies":[{"embeddable":true,"href":"https:\/\/noticiasveraces.com\/index.php?rest_route=%2Fwp%2Fv2%2Fcomments&post=7193"}],"version-history":[{"count":0,"href":"https:\/\/noticiasveraces.com\/index.php?rest_route=\/wp\/v2\/posts\/7193\/revisions"}],"wp:featuredmedia":[{"embeddable":true,"href":"https:\/\/noticiasveraces.com\/index.php?rest_route=\/wp\/v2\/media\/7194"}],"wp:attachment":[{"href":"https:\/\/noticiasveraces.com\/index.php?rest_route=%2Fwp%2Fv2%2Fmedia&parent=7193"}],"wp:term":[{"taxonomy":"category","embeddable":true,"href":"https:\/\/noticiasveraces.com\/index.php?rest_route=%2Fwp%2Fv2%2Fcategories&post=7193"},{"taxonomy":"post_tag","embeddable":true,"href":"https:\/\/noticiasveraces.com\/index.php?rest_route=%2Fwp%2Fv2%2Ftags&post=7193"}],"curies":[{"name":"wp","href":"https:\/\/api.w.org\/{rel}","templated":true}]}}