{"id":7190,"date":"2024-12-20T13:15:37","date_gmt":"2024-12-20T17:15:37","guid":{"rendered":"https:\/\/noticiasveraces.com\/?p=7190"},"modified":"2024-12-20T13:15:37","modified_gmt":"2024-12-20T17:15:37","slug":"fernando-alonso-victima-del-mejor-avance-del-ano-en-la-formula-1","status":"publish","type":"post","link":"https:\/\/noticiasveraces.com\/?p=7190","title":{"rendered":"Fernando Alonso, &#8216;v\u00edctima&#8217; del mejor avance del a\u00f1o en la F\u00f3rmula 1"},"content":{"rendered":"<p> \n<\/p>\n<div id=\"intext\">\n<p>Esta vez, Fernando. <b>alonso <\/b>ha sido<b> &#8216;v\u00edctima&#8217; y no &#8216;h\u00e9roe&#8217;<\/b> en uno de los galardones -si as\u00ed podemos llamarlo- de final de temporada en la F\u00f3rmula 1. El Gran Circo ha anunciado este viernes que el <b>avance de franco colapinto<\/b> al asturiano en el <b>GP de Estados Unidos<\/b> (COTA) ha sido premiado como el mejor del a\u00f1o.<\/p>\n<p>El debutante argentino, que se ha quedado sin asiento para 2025, se llevar\u00e1 este honor tras dar buena cuenta de Fernando Alonso el 20 de octubre en un GP totalmente desastrosos para el piloto y la escuder\u00eda inglesa.<\/p>\n<h2 class=\"title-h2\">Colapinto enga\u00f1\u00f3 a &#8216;Magic&#8217;<\/h2>\n<p>Colapinto demostr\u00f3 sus cualidades <b>enga\u00f1ando a &#8216;Magia&#8217;<\/b>primero le hizo el amago de adelantarle por el exterior y enseguida dio un volantazo para sorprender por el interior. Sali\u00f3 con menos tracci\u00f3n y velocidad de la curva pero ese d\u00eda el Aston Martin estaba para sopitas y buen vino, es m\u00e1s, posiblemente fue<b> el noveno equipo en ritmo<\/b>solo por delante de los Kick Sauber. Alonso parti\u00f3 7\u00ba pero termin\u00f3 13\u00ba tras perder todas las posiciones en las primeras vueltas.<\/p>\n<p>El argentino, por su parte, <b>termino 10\u00ba y sumando 1 <\/b>punto para Williams en la que ser\u00eda la segunda vez que el debutante terminaba en el top 10 (tras el 8\u00ba del GP de Azerbaiy\u00e1n). Eso s\u00ed, a partir de ah\u00ed no volver\u00eda a sumar para la marca para la hist\u00f3rica escuder\u00eda brit\u00e1nica.<\/p>\n<h2 class=\"title-h2\">Colapinto, sin hueco en la F1<\/h2>\n<p>Franco Colapinto se despidi\u00f3 de la F\u00f3rmula 1 con un abandono en el GP de Abu Dabi, pero dej\u00f3 su sello personal durante las 9 carreras en las que sustituy\u00f3 a Logan Sargeant. La mala suerte para el sudamericano es que Carlos Sainz ya hab\u00eda <b>firmado con Williams para 2025<\/b>por lo que la escuder\u00eda no ha podido hacerle hueco en el equipo, (Albon ocupa el otro asiento), pero tampoco otras escuder\u00edas que ten\u00edan todav\u00eda alguna vacante.<\/p>\n<h2 class=\"title-h2\">Alonso ya encara su 22\u00ba temporada en la F1<\/h2>\n<p>El que s\u00ed seguir\u00e1 un a\u00f1o m\u00e1s al pie del ca\u00f1\u00f3n ser\u00e1 Fernando Alonso, que con 43 a\u00f1os comenzar\u00e1 en marzo su 22\u00ba temporada en el Gran Circo. El bicampe\u00f3n del mundo seguir\u00e1 corriendo en Aston Martin (tiene contrato hasta 2026) en una campa\u00f1a en la que se espera que sea, en cierta parte, una continuaci\u00f3n de 2024. La revoluci\u00f3n verdadera llegar\u00e1 en 2026. Por cierto, el mejor avance del a\u00f1o 2023 s\u00ed que cay\u00f3 del lado del ovetense tras una sublime maniobra <b>ante P\u00e9rez en la \u00faltima vuelta del GP de Brasil<\/b> que le termin\u00f3 valiendo el que es hasta ahora su \u00faltimo podio en F1.<\/p>\n<p><i>S\u00edguenos en nuestro canal de WhatsApp y no te pierdas la \u00faltima hora y toda la actualidad de antena3noticias.com<\/i><\/p>\n<div class=\"recirculation-video\" data-mod=\"a3mod_recirculation_video\">\n<div class=\"recirculation-video-wrapper\">\n<div>\n<div class=\"video-wrapper\">\n  <picture class=\"video-main-picture\"><source media=\"(min-width: 481px)\" srcset=\"https:\/\/fotografias.antena3.com\/clipping\/cmsimages01\/2024\/12\/17\/259F38E1-5611-4FFA-81FB-DA7A09715C98\/albert-cogul-expedicion-cim-project-alcanzar-campo-base-everest_94.jpg?crop=1920,1080,x0,y0&amp;width=800&amp;height=450&amp;optimize=medium&amp;format=webply\" width=\"800\" height=\"450\"><source media=\"(min-width: 391px) and (max-width: 480px)\" srcset=\"https:\/\/fotografias.antena3.com\/clipping\/cmsimages01\/2024\/12\/17\/259F38E1-5611-4FFA-81FB-DA7A09715C98\/albert-cogul-expedicion-cim-project-alcanzar-campo-base-everest_70.jpg?crop=1920,1080,x0,y0&amp;width=480&amp;height=270&amp;optimize=high&amp;format=webply\" width=\"480\" height=\"270\"><source media=\"(min-width: 321px) and (max-width: 390px)\" srcset=\"https:\/\/fotografias.antena3.com\/clipping\/cmsimages01\/2024\/12\/17\/259F38E1-5611-4FFA-81FB-DA7A09715C98\/albert-cogul-expedicion-cim-project-alcanzar-campo-base-everest_92.jpg?crop=1920,1078,x0,y2&amp;width=390&amp;height=219&amp;optimize=high&amp;format=webply\" width=\"390\" height=\"219\"><source media=\"(max-width: 320px)\" srcset=\"https:\/\/fotografias.antena3.com\/clipping\/cmsimages01\/2024\/12\/17\/259F38E1-5611-4FFA-81FB-DA7A09715C98\/albert-cogul-expedicion-cim-project-alcanzar-campo-base-everest_52.jpg?crop=1920,1080,x0,y0&amp;width=320&amp;height=180&amp;optimize=high&amp;format=webply\" width=\"320\" height=\"180\"><img decoding=\"async\" title=\"Albert Cogul y la expedici\u00f3n de CIM Project tras alcanzar el Campo Base del Everest\" alt=\"Albert Cogul y la expedici\u00f3n de CIM Project tras alcanzar el Campo Base del Everest\" width=\"480\" height=\"270\" src=\"https:\/\/fotografias.antena3.com\/clipping\/cmsimages01\/2024\/12\/17\/259F38E1-5611-4FFA-81FB-DA7A09715C98\/albert-cogul-expedicion-cim-project-alcanzar-campo-base-everest_70.jpg?crop=1920,1080,x0,y0&amp;width=480&amp;height=270&amp;optimize=high&amp;format=webply\" loading=\"lazy\" class=\"lazy\"\/><br \/>\n  <\/source><\/source><\/source><\/source><\/picture>\n <\/div>\n<\/div><\/div>\n<\/p><\/div>\n<\/div>\n\n","protected":false},"excerpt":{"rendered":"<p>Esta vez, Fernando. alonso ha sido &#8216;v\u00edctima&#8217; y no &#8216;h\u00e9roe&#8217; en uno de los galardones -si as\u00ed podemos llamarlo- de final de temporada en la F\u00f3rmula 1. El Gran Circo ha anunciado este viernes que el avance de franco colapinto al asturiano en el GP de Estados Unidos (COTA) ha sido premiado como el mejor &hellip;<\/p>\n","protected":false},"author":1,"featured_media":7192,"comment_status":"open","ping_status":"open","sticky":false,"template":"","format":"standard","meta":{"fifu_image_url":"https:\/\/fotografias.antena3.com\/clipping\/cmsimages01\/2024\/12\/20\/F67E2ED7-7F41-44C1-9CDE-766A23E9B69C\/fernando-alonso-americas-2024_69.jpg?crop=5362,3016,x0,y0&width=1280&height=720&optimize=low&format=jpg","fifu_image_alt":"","footnotes":""},"categories":[6],"tags":[],"class_list":["post-7190","post","type-post","status-publish","format-standard","has-post-thumbnail","","category-deportes"],"_links":{"self":[{"href":"https:\/\/noticiasveraces.com\/index.php?rest_route=\/wp\/v2\/posts\/7190","targetHints":{"allow":["GET"]}}],"collection":[{"href":"https:\/\/noticiasveraces.com\/index.php?rest_route=\/wp\/v2\/posts"}],"about":[{"href":"https:\/\/noticiasveraces.com\/index.php?rest_route=\/wp\/v2\/types\/post"}],"author":[{"embeddable":true,"href":"https:\/\/noticiasveraces.com\/index.php?rest_route=\/wp\/v2\/users\/1"}],"replies":[{"embeddable":true,"href":"https:\/\/noticiasveraces.com\/index.php?rest_route=%2Fwp%2Fv2%2Fcomments&post=7190"}],"version-history":[{"count":0,"href":"https:\/\/noticiasveraces.com\/index.php?rest_route=\/wp\/v2\/posts\/7190\/revisions"}],"wp:featuredmedia":[{"embeddable":true,"href":"https:\/\/noticiasveraces.com\/index.php?rest_route=\/wp\/v2\/media\/7192"}],"wp:attachment":[{"href":"https:\/\/noticiasveraces.com\/index.php?rest_route=%2Fwp%2Fv2%2Fmedia&parent=7190"}],"wp:term":[{"taxonomy":"category","embeddable":true,"href":"https:\/\/noticiasveraces.com\/index.php?rest_route=%2Fwp%2Fv2%2Fcategories&post=7190"},{"taxonomy":"post_tag","embeddable":true,"href":"https:\/\/noticiasveraces.com\/index.php?rest_route=%2Fwp%2Fv2%2Ftags&post=7190"}],"curies":[{"name":"wp","href":"https:\/\/api.w.org\/{rel}","templated":true}]}}