{"id":7188,"date":"2024-12-20T12:14:28","date_gmt":"2024-12-20T16:14:28","guid":{"rendered":"https:\/\/noticiasveraces.com\/?p=7188"},"modified":"2024-12-20T12:14:28","modified_gmt":"2024-12-20T16:14:28","slug":"ataque-ruso-dana-embajadas-de-portugal-y-argentina-en-kiev-dw-20-12-2024","status":"publish","type":"post","link":"https:\/\/noticiasveraces.com\/?p=7188","title":{"rendered":"Ataque ruso da\u00f1a embajadas de Portugal y Argentina en Kiev \u2013 DW \u2013 20\/12\/2024"},"content":{"rendered":"<p> \n<\/p>\n<div>\n<p>El ataque ruso con misiles lanzado este viernes (20.12.2024) contra la capital de Ucrania, Kiev, provoc\u00f3 da\u00f1os materiales \u00abrelativamente leves\u00bb en las embajadas de varios pa\u00edses, como Portugal, Argentina, Albania, Palestina y Montenegro, inform\u00f3 el ministro de Exteriores luso, Paulo Rangel, quien anunci\u00f3 la presentaci\u00f3n de una \u00abprotesta formal\u00bb a Rusia y convoc\u00f3 al representante de Mosc\u00fa en Lisboa.<\/p>\n<p>Rangel precis\u00f3 en declaraciones a los periodistas en Cascais (\u00e1rea metropolitana de Lisboa) que no tienen registro de heridos en el equipo de la embajada de Portugal en Kiev, que est\u00e1 en el mismo edificio que las de Argentina, Albania, Palestina y Montenegro, en el 12 de la avenida Ivana Fedorova. Seg\u00fan la informaci\u00f3n de la que \u00e9l dispone, la embajada portuguesa sufri\u00f3 la rotura de ventanas y puertas.<\/p>\n<p>\u00abEsto es altamente condenable. Cualquier ataque de Rusia a Ucrania ya Kiev merece nuestra m\u00e1s fuerte condena, pero es absolutamente inaceptable que pueda haber ataques que tengan impacto o afecten a instalaciones diplom\u00e1ticas\u00bb, defendi\u00f3 el ministro, quien dijo que el encargado de Negocios de la embajada rusa fue convocado para presentar una \u00abprotesta formal\u00bb, ya que el embajador no est\u00e1 en la capital.<\/p>\n<p><span data-slot-id=\"Article_InContent-1\" class=\"rich-text-ad\"\/><\/p>\n<h2>\u201cNinguna voluntad de paz\u201d<\/h2>\n<p>El ministro portugu\u00e9s insisti\u00f3 en que, seg\u00fan las reglas diplom\u00e1ticas internacionales, es \u00ababsolutamente inaceptable\u00bb que se ataque a las misiones diplom\u00e1ticas. Cuestionado sobre posibles acciones a nivel europeo, Rangel aleg\u00f3 que en primer lugar est\u00e1n centrados en dar una respuesta nacional y que impulsar\u00e1n diligencias \u00aba otro nivel un poco m\u00e1s tarde\u00bb.<\/p>\n<p>Entre las instalaciones afectadas tambi\u00e9n est\u00e1n las de la embajada de Macedonia del Norte, ubicadas en el distrito de Holosiiv, seg\u00fan informaron las autoridades del pa\u00eds. \u00abNo se han registrado heridos entre nuestro personal diplom\u00e1tico durante el ataque, pero s\u00ed da\u00f1os materiales en la embajada\u00bb, se\u00f1al\u00f3 el Ministerio de Asuntos Exteriores de Macedonia del Norte.<\/p>\n<p>La alta representante de la Uni\u00f3n Europea para Asuntos Exteriores y Seguridad, Kaja Kallas, conden\u00f3 el ataque contra Portugal en un mensaje publicado en la red social X (Twitter) y defendi\u00f3 que \u00abninguna representaci\u00f3n diplom\u00e1tica deber\u00eda ser blanco de ataque o incluso impactada\u00bb. \u00abEsto es otro ataque b\u00e1rbaro de Rusia contra objetivos civiles que no muestra ninguna voluntad de paz. Expreso mi total solidaridad al personal diplom\u00e1tico\u00bb, escribi\u00f3.<\/p>\n<p>DZC (EFE, AFP, Clar\u00edn)<\/p>\n<\/div>\n\n","protected":false},"excerpt":{"rendered":"<p>El ataque ruso con misiles lanzado este viernes (20.12.2024) contra la capital de Ucrania, Kiev, provoc\u00f3 da\u00f1os materiales \u00abrelativamente leves\u00bb en las embajadas de varios pa\u00edses, como Portugal, Argentina, Albania, Palestina y Montenegro, inform\u00f3 el ministro de Exteriores luso, Paulo Rangel, quien anunci\u00f3 la presentaci\u00f3n de una \u00abprotesta formal\u00bb a Rusia y convoc\u00f3 al representante &hellip;<\/p>\n","protected":false},"author":1,"featured_media":7189,"comment_status":"open","ping_status":"open","sticky":false,"template":"","format":"standard","meta":{"fifu_image_url":"https:\/\/static.dw.com\/image\/71118240_6.jpg","fifu_image_alt":"","footnotes":""},"categories":[13],"tags":[],"class_list":["post-7188","post","type-post","status-publish","format-standard","has-post-thumbnail","","category-mundo"],"_links":{"self":[{"href":"https:\/\/noticiasveraces.com\/index.php?rest_route=\/wp\/v2\/posts\/7188","targetHints":{"allow":["GET"]}}],"collection":[{"href":"https:\/\/noticiasveraces.com\/index.php?rest_route=\/wp\/v2\/posts"}],"about":[{"href":"https:\/\/noticiasveraces.com\/index.php?rest_route=\/wp\/v2\/types\/post"}],"author":[{"embeddable":true,"href":"https:\/\/noticiasveraces.com\/index.php?rest_route=\/wp\/v2\/users\/1"}],"replies":[{"embeddable":true,"href":"https:\/\/noticiasveraces.com\/index.php?rest_route=%2Fwp%2Fv2%2Fcomments&post=7188"}],"version-history":[{"count":0,"href":"https:\/\/noticiasveraces.com\/index.php?rest_route=\/wp\/v2\/posts\/7188\/revisions"}],"wp:featuredmedia":[{"embeddable":true,"href":"https:\/\/noticiasveraces.com\/index.php?rest_route=\/wp\/v2\/media\/7189"}],"wp:attachment":[{"href":"https:\/\/noticiasveraces.com\/index.php?rest_route=%2Fwp%2Fv2%2Fmedia&parent=7188"}],"wp:term":[{"taxonomy":"category","embeddable":true,"href":"https:\/\/noticiasveraces.com\/index.php?rest_route=%2Fwp%2Fv2%2Fcategories&post=7188"},{"taxonomy":"post_tag","embeddable":true,"href":"https:\/\/noticiasveraces.com\/index.php?rest_route=%2Fwp%2Fv2%2Ftags&post=7188"}],"curies":[{"name":"wp","href":"https:\/\/api.w.org\/{rel}","templated":true}]}}