{"id":7177,"date":"2024-12-20T11:13:20","date_gmt":"2024-12-20T15:13:20","guid":{"rendered":"https:\/\/noticiasveraces.com\/?p=7177"},"modified":"2024-12-20T11:13:20","modified_gmt":"2024-12-20T15:13:20","slug":"ataque-con-cuchillo-en-escuela-croata-deja-un-nino-de-7-anos-muerto-y-6-heridos-dice-la-policia","status":"publish","type":"post","link":"https:\/\/noticiasveraces.com\/?p=7177","title":{"rendered":"Ataque con cuchillo en escuela croata deja un ni\u00f1o de 7 a\u00f1os muerto y 6 heridos, dice la polic\u00eda"},"content":{"rendered":"<p> \n<\/p>\n<div>\n<ul>\n<li><strong>Un ataque con cuchillo en una escuela de la capital de Croacia dej\u00f3 una ni\u00f1a de 7 a\u00f1os muerta y un profesor y otros cinco estudiantes heridos, dijo la polic\u00eda.<\/strong><\/li>\n<li><strong>La polic\u00eda describi\u00f3 al atacante como un \u00abjoven\u00bb y dijo que hab\u00eda sido detenido.<\/strong><\/li>\n<li><strong>La televisi\u00f3n estatal HRT dijo que el atacante ingres\u00f3 a la escuela y fue directamente al primer sal\u00f3n de clases que encontr\u00f3 y atac\u00f3 a los ni\u00f1os.<\/strong><\/li>\n<\/ul>\n<p class=\"speakable\">ZAGREB, Croacia (AP) \u2014 Un adolescente armado con un cuchillo entr\u00f3 el viernes en una escuela en Zagreb, la capital de Croacia, matando a un estudiante de 7 a\u00f1os e hiriendo a tres ni\u00f1os m\u00e1s y a un maestro, dijeron las autoridades.<\/p>\n<p class=\"speakable\">Las autoridades dijeron que el ataque con cuchillo ocurri\u00f3 a las 9:50 am en la escuela primaria Precko en el vecindario del mismo nombre. Describieron al atacante como un hombre de 19 a\u00f1os y dijeron que hab\u00eda sido detenido despu\u00e9s de autolesionarse.<\/p>\n<p>El ministro del Interior croata, Davor Bozinovic, dijo que un ni\u00f1o muri\u00f3 mientras que tres ni\u00f1os y un maestro resultaron heridos.<\/p>\n<p><strong>TURISTA DE NYC APU\u00d1ALADO EN ZONA SWANKY DESPU\u00c9S DE 3 MUERTOS EN ATAQUE ALEATORIO MIENTRAS DA SLAMS TRUMP<\/strong><\/p>\n<div class=\"image-ct inline\">\n<div class=\"m\"><picture><source media=\"(max-width: 767px)\" srcset=\"https:\/\/a57.foxnews.com\/static.foxnews.com\/foxnews.com\/content\/uploads\/2024\/12\/343\/192\/croatia-school-attack.jpg?ve=1&amp;tl=1, https:\/\/a57.foxnews.com\/static.foxnews.com\/foxnews.com\/content\/uploads\/2024\/12\/686\/384\/croatia-school-attack.jpg?ve=1&amp;tl=1 2x\" height=\"192\" width=\"343\"><source media=\"(min-width: 768px) and (max-width: 1023px)\" srcset=\"https:\/\/a57.foxnews.com\/static.foxnews.com\/foxnews.com\/content\/uploads\/2024\/12\/672\/378\/croatia-school-attack.jpg?ve=1&amp;tl=1, https:\/\/a57.foxnews.com\/static.foxnews.com\/foxnews.com\/content\/uploads\/2024\/12\/1344\/756\/croatia-school-attack.jpg?ve=1&amp;tl=1 2x\" height=\"378\" width=\"672\"><source media=\"(min-width: 1024px) and (max-width: 1279px)\" srcset=\"https:\/\/a57.foxnews.com\/static.foxnews.com\/foxnews.com\/content\/uploads\/2024\/12\/931\/523\/croatia-school-attack.jpg?ve=1&amp;tl=1, https:\/\/a57.foxnews.com\/static.foxnews.com\/foxnews.com\/content\/uploads\/2024\/12\/1862\/1046\/croatia-school-attack.jpg?ve=1&amp;tl=1 2x\" height=\"523\" width=\"931\"><source media=\"(min-width: 1280px)\" srcset=\"https:\/\/a57.foxnews.com\/static.foxnews.com\/foxnews.com\/content\/uploads\/2024\/12\/720\/405\/croatia-school-attack.jpg?ve=1&amp;tl=1, https:\/\/a57.foxnews.com\/static.foxnews.com\/foxnews.com\/content\/uploads\/2024\/12\/1440\/810\/croatia-school-attack.jpg?ve=1&amp;tl=1 2x\" height=\"405\" width=\"720\"><img loading=\"lazy\" decoding=\"async\" src=\"https:\/\/a57.foxnews.com\/static.foxnews.com\/foxnews.com\/content\/uploads\/2024\/12\/1200\/675\/croatia-school-attack.jpg?ve=1&amp;tl=1\" alt=\"Dos polic\u00edas croatas hacen guardia frente a una escuela.\" width=\"1200\" height=\"675\"\/><\/source><\/source><\/source><\/source><\/picture><\/div>\n<div class=\"info\">\n<div class=\"caption\">\n<p><span>La polic\u00eda asegura el acceso a la escuela primaria donde una ni\u00f1a de 7 a\u00f1os muri\u00f3 y un maestro y otros cinco estudiantes resultaron heridos en un ataque con cuchillo en Zagreb, Croacia, el 20 de diciembre de 2024.<\/span> <span>(Foto AP\/Ronald Gorsic)<\/span><\/p>\n<\/div>\n<\/div>\n<\/div>\n<p>\u00abEl atacante es un joven de 19 a\u00f1os que fue alumno de esa escuela y todav\u00eda vive cerca\u00bb, dijo el ministro del Interior, Davor Bozinovic. \u00abAl final empez\u00f3 a lesionarse. La polic\u00eda impidi\u00f3 que se suicidara\u00bb.<\/p>\n<p>Bozinovic dijo que el atacante ten\u00eda previamente problemas de salud mental y que ya hab\u00eda intentado suicidarse: \u00abEs dif\u00edcil decir que esta persona estaba mentalmente equilibrada\u00bb.<\/p>\n<p>Im\u00e1genes de v\u00eddeo publicadas por los medios croatas mostraban a ni\u00f1os huyendo del edificio de la escuela y un helic\u00f3ptero m\u00e9dico aterrizando en el patio de la escuela.<\/p>\n<p>Las autoridades de Zagreb declararon el s\u00e1bado d\u00eda de luto. El presidente Zoran Milanovic dijo que \u00abno hay palabras para describir el dolor por la horrible e impensable tragedia que hoy nos conmocion\u00f3 a todos\u00bb. MILanovic pidi\u00f3 unidad y un esfuerzo para garantizar que las escuelas sean un lugar seguro y sin preocupaciones para los ni\u00f1os.<\/p>\n<p>El primer ministro Andrej Plenkovic dijo en una sesi\u00f3n del gobierno que est\u00e1 \u00abhorrorizado\u00bb por el ataque y que las autoridades todav\u00eda est\u00e1n trabajando para determinar exactamente qu\u00e9 pas\u00f3. Plenkovic dijo que varios ni\u00f1os han sido trasladados a varios hospitales de Zagreb.<\/p>\n<p>La televisi\u00f3n estatal HRT dijo que el atacante ingres\u00f3 a la escuela y fue directamente al primer sal\u00f3n de clases que encontr\u00f3 y atac\u00f3 a los ni\u00f1os.<\/p>\n<p><strong><u>HAGA CLIC AQU\u00cd PARA OBTENER LA APLICACI\u00d3N FOX NEWS<\/u><\/strong><\/p>\n<p>Los ataques a escuelas son raros en Croacia. En mayo pasado, un adolescente de la vecina Serbia abri\u00f3 fuego en una escuela de la capital, Belgrado, matando a nueve compa\u00f1eros de estudios y a un guardia escolar.<\/p>\n<p> <!----> <!----><\/div>\n\n","protected":false},"excerpt":{"rendered":"<p>Un ataque con cuchillo en una escuela de la capital de Croacia dej\u00f3 una ni\u00f1a de 7 a\u00f1os muerta y un profesor y otros cinco estudiantes heridos, dijo la polic\u00eda. La polic\u00eda describi\u00f3 al atacante como un \u00abjoven\u00bb y dijo que hab\u00eda sido detenido. La televisi\u00f3n estatal HRT dijo que el atacante ingres\u00f3 a la &hellip;<\/p>\n","protected":false},"author":1,"featured_media":7179,"comment_status":"open","ping_status":"open","sticky":false,"template":"","format":"standard","meta":{"fifu_image_url":"https:\/\/static.foxnews.com\/foxnews.com\/content\/uploads\/2024\/12\/croatia-school-attack.jpg","fifu_image_alt":"","footnotes":""},"categories":[13],"tags":[],"class_list":["post-7177","post","type-post","status-publish","format-standard","has-post-thumbnail","","category-mundo"],"_links":{"self":[{"href":"https:\/\/noticiasveraces.com\/index.php?rest_route=\/wp\/v2\/posts\/7177","targetHints":{"allow":["GET"]}}],"collection":[{"href":"https:\/\/noticiasveraces.com\/index.php?rest_route=\/wp\/v2\/posts"}],"about":[{"href":"https:\/\/noticiasveraces.com\/index.php?rest_route=\/wp\/v2\/types\/post"}],"author":[{"embeddable":true,"href":"https:\/\/noticiasveraces.com\/index.php?rest_route=\/wp\/v2\/users\/1"}],"replies":[{"embeddable":true,"href":"https:\/\/noticiasveraces.com\/index.php?rest_route=%2Fwp%2Fv2%2Fcomments&post=7177"}],"version-history":[{"count":0,"href":"https:\/\/noticiasveraces.com\/index.php?rest_route=\/wp\/v2\/posts\/7177\/revisions"}],"wp:featuredmedia":[{"embeddable":true,"href":"https:\/\/noticiasveraces.com\/index.php?rest_route=\/wp\/v2\/media\/7179"}],"wp:attachment":[{"href":"https:\/\/noticiasveraces.com\/index.php?rest_route=%2Fwp%2Fv2%2Fmedia&parent=7177"}],"wp:term":[{"taxonomy":"category","embeddable":true,"href":"https:\/\/noticiasveraces.com\/index.php?rest_route=%2Fwp%2Fv2%2Fcategories&post=7177"},{"taxonomy":"post_tag","embeddable":true,"href":"https:\/\/noticiasveraces.com\/index.php?rest_route=%2Fwp%2Fv2%2Ftags&post=7177"}],"curies":[{"name":"wp","href":"https:\/\/api.w.org\/{rel}","templated":true}]}}