{"id":7170,"date":"2024-12-20T09:05:17","date_gmt":"2024-12-20T13:05:17","guid":{"rendered":"https:\/\/noticiasveraces.com\/?p=7170"},"modified":"2024-12-20T09:05:17","modified_gmt":"2024-12-20T13:05:17","slug":"el-presidente-decidira-el-27-si-resuelve-el-bundestag-dw-20-12-2024","status":"publish","type":"post","link":"https:\/\/noticiasveraces.com\/?p=7170","title":{"rendered":"El presidente decidir\u00e1 el 27 si resuelve el Bundestag \u2013 DW \u2013 20\/12\/2024"},"content":{"rendered":"<p> \n<\/p>\n<div>\n<p>El presidente de Alemania, el socialdem\u00f3crata Frank-Walter Steinmeier, inform\u00f3 este viernes (20.12.2024) que anunciar\u00e1 su decisi\u00f3n sobre la disoluci\u00f3n de la C\u00e1mara Baja del Parlamento alem\u00e1n el pr\u00f3ximo d\u00eda 27 de diciembre, dos meses antes de las elecciones generales previstas para tras febrero rompieron el Gobierno de coalici\u00f3n liderado por el canciller, Olaf Scholz.<\/p>\n<p>\u00abTengo la intenci\u00f3n de tomar la decisi\u00f3n sobre la disoluci\u00f3n del Bundestag alem\u00e1n el 27 de diciembre, de conformidad con el art\u00edculo 68 de la Ley Fundamental\u00bb, indic\u00f3 en un comunicado el jefe del Estado alem\u00e1n, que explic\u00f3 que ha mantenido conversaciones con los l\u00edderes de los grupos parlamentarios para constatar que \u00abya no hay perspectivas de una mayor\u00eda parlamentaria estable para un Gobierno federal\u00bb.<\/p>\n<p>El canciller alem\u00e1n, tambi\u00e9n del Partido Socialdem\u00f3crata (SPD), perdi\u00f3 el pasado d\u00eda 16 la moci\u00f3n de confianza a la que se someti\u00f3 tras romperse el 6 de noviembre la coalici\u00f3n que \u00e9l encabezaba y que estaba formada por socialdem\u00f3cratas, ecologistas y liberales. La decisi\u00f3n del presidente federal es el \u00faltimo escollo constitucional que debe sortear antes de las elecciones anticipadas.<\/p>\n<h2>Un gobierno estable<\/h2>\n<p>Steinmeier ya hab\u00eda dicho -tras caerse la coalici\u00f3n- que no iba a oponerse a disolver el Parlamento porque el pa\u00eds necesitaba un Gobierno estable y pidi\u00f3 a los principales partidos, el SPD y el bloque CDU\/CSU, pactar una fecha para los comicios, que termin\u00f3 siendo el 23 de febrero. La Constituci\u00f3n alemana prev\u00e9 un plazo de 60 d\u00edas desde el momento en que se disuelve el Parlamento hasta que se celebran los comicios.<\/p>\n<p>Pese a que a\u00fan no se ha disuelto la C\u00e1mara Baja formalmente, los partidos alemanes ya est\u00e1n en plena precampa\u00f1a electoral y ya han designado a sus cabezas de lista o candidatos a canciller, al menos aquellas fuerzas que se creen con m\u00e1s posibilidades de poder formar Gobierno. o desempe\u00f1ar cuanto menos un papel clave en ello.<\/p>\n<p>Seg\u00fan la \u00faltima encuesta \u00abPolitbar\u00f3metro\u00bb difundida este viernes por la cadena de televisi\u00f3n p\u00fablica ZDF, la alianza entre la Uni\u00f3n Cristianodem\u00f3crata (CDU) y la Uni\u00f3n Socialcristiana (CSU) sigue en cabeza con el 31 por ciento. Como segunda fuerza figura la ultraderechista Alternativa para Alemania (AfD), que llega al 19 por ciento en intenci\u00f3n de voto. El SPD queda tercero, con un 15 por ciento.<\/p>\n<p>DZC (EFE, dpa)<\/p>\n<\/div>\n\n","protected":false},"excerpt":{"rendered":"<p>El presidente de Alemania, el socialdem\u00f3crata Frank-Walter Steinmeier, inform\u00f3 este viernes (20.12.2024) que anunciar\u00e1 su decisi\u00f3n sobre la disoluci\u00f3n de la C\u00e1mara Baja del Parlamento alem\u00e1n el pr\u00f3ximo d\u00eda 27 de diciembre, dos meses antes de las elecciones generales previstas para tras febrero rompieron el Gobierno de coalici\u00f3n liderado por el canciller, Olaf Scholz. \u00abTengo &hellip;<\/p>\n","protected":false},"author":1,"featured_media":7171,"comment_status":"open","ping_status":"open","sticky":false,"template":"","format":"standard","meta":{"fifu_image_url":"https:\/\/static.dw.com\/image\/70725227_6.jpg","fifu_image_alt":"","footnotes":""},"categories":[13],"tags":[],"class_list":["post-7170","post","type-post","status-publish","format-standard","has-post-thumbnail","","category-mundo"],"_links":{"self":[{"href":"https:\/\/noticiasveraces.com\/index.php?rest_route=\/wp\/v2\/posts\/7170","targetHints":{"allow":["GET"]}}],"collection":[{"href":"https:\/\/noticiasveraces.com\/index.php?rest_route=\/wp\/v2\/posts"}],"about":[{"href":"https:\/\/noticiasveraces.com\/index.php?rest_route=\/wp\/v2\/types\/post"}],"author":[{"embeddable":true,"href":"https:\/\/noticiasveraces.com\/index.php?rest_route=\/wp\/v2\/users\/1"}],"replies":[{"embeddable":true,"href":"https:\/\/noticiasveraces.com\/index.php?rest_route=%2Fwp%2Fv2%2Fcomments&post=7170"}],"version-history":[{"count":0,"href":"https:\/\/noticiasveraces.com\/index.php?rest_route=\/wp\/v2\/posts\/7170\/revisions"}],"wp:featuredmedia":[{"embeddable":true,"href":"https:\/\/noticiasveraces.com\/index.php?rest_route=\/wp\/v2\/media\/7171"}],"wp:attachment":[{"href":"https:\/\/noticiasveraces.com\/index.php?rest_route=%2Fwp%2Fv2%2Fmedia&parent=7170"}],"wp:term":[{"taxonomy":"category","embeddable":true,"href":"https:\/\/noticiasveraces.com\/index.php?rest_route=%2Fwp%2Fv2%2Fcategories&post=7170"},{"taxonomy":"post_tag","embeddable":true,"href":"https:\/\/noticiasveraces.com\/index.php?rest_route=%2Fwp%2Fv2%2Ftags&post=7170"}],"curies":[{"name":"wp","href":"https:\/\/api.w.org\/{rel}","templated":true}]}}