{"id":7121,"date":"2024-12-20T01:10:10","date_gmt":"2024-12-20T05:10:10","guid":{"rendered":"https:\/\/noticiasveraces.com\/?p=7121"},"modified":"2024-12-20T01:10:10","modified_gmt":"2024-12-20T05:10:10","slug":"el-precioso-gesto-de-alvaro-morata-con-el-ud-aldaia-tras-el-terrible-paso-de-la-dana-eternamente-agradecidos","status":"publish","type":"post","link":"https:\/\/noticiasveraces.com\/?p=7121","title":{"rendered":"El precioso gesto de \u00c1lvaro Morata con el UD Aldaia tras el terrible paso de la DANA: \u00abEternamente agradecidos&#8230;\u00bb"},"content":{"rendered":"<p> \n<\/p>\n<div id=\"intext\">\n<p>No ha pasado tanto tiempo desde que toda Espa\u00f1a se mantuviera en vilo ante la destrucci\u00f3n que parte de la pen\u00ednsula, concretamente la <b>Comunidad Valenciana<\/b>estaba sufriendo por<b> el paso de la peor DANA en la historia del pa\u00eds.<\/b> Dos d\u00edas terribles de inundaciones a finales de octubre terminaron cobr\u00e1ndose la vida de 231 personas y 4 desaparecidos (a d\u00eda de hoy), sin tener en cuenta los <b>innumerables da\u00f1os materiales<\/b> que dej\u00f3 la gota fr\u00eda, concretamente en los municipios valencianos, aunque algunas provincias andaluzas, catalanas y castellanomanchegas tambi\u00e9n se vieron afectadas.<\/p>\n<h2 class=\"title-h2\">El gesto de Morata<\/h2>\n<p>Ahora, m\u00e1s de un mes despu\u00e9s, decenas de millas de vecinos siguen trabajando d\u00eda y noche para intentar devolver la m\u00e1xima normalidad posible a sus calles y hogares. Y eso tambi\u00e9n incluye la vida deportiva de los m\u00e1s j\u00f3venes, por eso el futbolista \u00c1lvaro. <b>morata<\/b>delantero del AC Milan, ha tenido un precioso gesto con la localidad de Aldaia.<\/p>\n<h2 class=\"title-h2\">Se har\u00e1 cargo de reparar y rehabilitar el campo de f\u00fatbol.<\/h2>\n<p>El campe\u00f3n de Europa con Espa\u00f1a se ha decidido a afrontar <b>todos los costos de reparaci\u00f3n y rehabilitaci\u00f3n<\/b> de las instalaciones del campo de f\u00fatbol de la UD Aldaia.<\/p>\n<p>Morata, a trav\u00e9s de su Fundaci\u00f3n, se har\u00e1 cargo de financiar el nuevo <b>c\u00e9sped artificial<\/b>pero tambi\u00e9n de construir la <b>zona de vestuarios, las gradadas<\/b> y de reponer todo el material deportivo necesario para que vuelva la normalidad al polideportivo Jaume Ort\u00ed de Aldaia.<\/p>\n<p>Unas mejoras que se estiman que le &#8216;costar\u00e1&#8217; a la Fundaci\u00f3n \u00c1lvaro Morata de <b>350.000 a 400.000 euros<\/b>. Hay que recordar que el campo de f\u00fatbol y sus respectivas instalaciones quedaron completamente destrozadas por las <b>inundaciones <\/b>del 29 de octubre.<\/p>\n<h2 class=\"title-h2\">\u00abEstaremos eternamente agradecidos\u00bb<\/h2>\n<p>As\u00ed ha anunciado la noticia el propio club, la UD Aldaia: \u00abLa Fundaci\u00f3n de \u00c1lvaro Morata ha decidido despu\u00e9s de estudiar nuestra situaci\u00f3n tras la Dana, <b>venir a conocernos<\/b> y hablar con el Ayuntamiento de Aldaia, financiar la reconstrucci\u00f3n del campo de f\u00fatbol del polideportivo Jaume Ort\u00ed&#8230; Morata aportar\u00e1 el dinero necesario para restaurar el terreno de juego. La idea es no solo instalar el nuevo c\u00e9sped artificial, tambi\u00e9n construir la zona de vestuarios, las graduadas y comprar todo el material deportivo que se llev\u00f3 la riada. En total, calcula que el proyecto completo rondar\u00e1 los 350.000 o 400.000 euros que sufragar\u00e1 principalmente \u00c1lvaro Morata, pero tambi\u00e9n otros jugadores de la Selecci\u00f3n Espa\u00f1ola con los que ha contactado. Desde el Club <b>Estaremos eternamente agradecidos a \u00c1lvaro Morata. <\/b>ya la Fundaci\u00f3n\u00bb, reza el comunicado.<\/p>\n<p>El atacante madrile\u00f1o, por su parte, no est\u00e1 teniendo la mejor temporada posible en el Mil\u00e1n, equipo en el que &#8216;solo&#8217; ha marcado 5 goles en los 17 partidos en los que ha participado, el \u00fanico que ha anotado en Champions <b>fue al Madrid en el Santiago Bernab\u00e9u<\/b> (1-3 para los italianos).<\/p>\n<p><i>S\u00edguenos en nuestro canal de WhatsApp y no te pierdas la \u00faltima hora y toda la actualidad de antena3noticias.com<\/i><\/p>\n<div class=\"recirculation-video\" data-mod=\"a3mod_recirculation_video\">\n<div class=\"recirculation-video-wrapper\">\n<div>\n<div class=\"video-wrapper\">\n  <picture class=\"video-main-picture\"><source media=\"(min-width: 481px)\" srcset=\"https:\/\/fotografias.antena3.com\/clipping\/cmsimages01\/2024\/12\/17\/3B8FA5F6-558A-438C-A850-9045B31589AB\/formato-liga-unify-antigua-superliga_94.jpg?crop=1920,1080,x0,y1&amp;width=800&amp;height=450&amp;optimize=medium&amp;format=webply\" width=\"800\" height=\"450\"><source media=\"(min-width: 391px) and (max-width: 480px)\" srcset=\"https:\/\/fotografias.antena3.com\/clipping\/cmsimages01\/2024\/12\/17\/3B8FA5F6-558A-438C-A850-9045B31589AB\/formato-liga-unify-antigua-superliga_70.jpg?crop=1920,1080,x0,y1&amp;width=480&amp;height=270&amp;optimize=high&amp;format=webply\" width=\"480\" height=\"270\"><source media=\"(min-width: 321px) and (max-width: 390px)\" srcset=\"https:\/\/fotografias.antena3.com\/clipping\/cmsimages01\/2024\/12\/17\/3B8FA5F6-558A-438C-A850-9045B31589AB\/formato-liga-unify-antigua-superliga_92.jpg?crop=1920,1078,x0,y2&amp;width=390&amp;height=219&amp;optimize=high&amp;format=webply\" width=\"390\" height=\"219\"><source media=\"(max-width: 320px)\" srcset=\"https:\/\/fotografias.antena3.com\/clipping\/cmsimages01\/2024\/12\/17\/3B8FA5F6-558A-438C-A850-9045B31589AB\/formato-liga-unify-antigua-superliga_52.jpg?crop=1920,1080,x0,y1&amp;width=320&amp;height=180&amp;optimize=high&amp;format=webply\" width=\"320\" height=\"180\"><img decoding=\"async\" title=\"El formato de la Liga Unify, la antigua Superliga\" alt=\"El formato de la Liga Unify, la antigua Superliga\" width=\"480\" height=\"270\" src=\"https:\/\/fotografias.antena3.com\/clipping\/cmsimages01\/2024\/12\/17\/3B8FA5F6-558A-438C-A850-9045B31589AB\/formato-liga-unify-antigua-superliga_70.jpg?crop=1920,1080,x0,y1&amp;width=480&amp;height=270&amp;optimize=high&amp;format=webply\" loading=\"lazy\" class=\"lazy\"\/><br \/>\n  <\/source><\/source><\/source><\/source><\/picture>\n <\/div>\n<\/div><\/div>\n<\/p><\/div>\n<\/div>\n\n","protected":false},"excerpt":{"rendered":"<p>No ha pasado tanto tiempo desde que toda Espa\u00f1a se mantuviera en vilo ante la destrucci\u00f3n que parte de la pen\u00ednsula, concretamente la Comunidad Valencianaestaba sufriendo por el paso de la peor DANA en la historia del pa\u00eds. Dos d\u00edas terribles de inundaciones a finales de octubre terminaron cobr\u00e1ndose la vida de 231 personas y &hellip;<\/p>\n","protected":false},"author":1,"featured_media":7123,"comment_status":"open","ping_status":"open","sticky":false,"template":"","format":"standard","meta":{"fifu_image_url":"https:\/\/fotografias.antena3.com\/clipping\/cmsimages01\/2024\/12\/19\/966EF9E6-9C33-46D9-91A5-344CB53CA1F0\/asi-quedo-campo-futbol-aldaia-paso-dana_69.jpg?crop=3264,1836,x0,y0&width=1280&height=720&optimize=low&format=jpg","fifu_image_alt":"","footnotes":""},"categories":[6],"tags":[],"class_list":["post-7121","post","type-post","status-publish","format-standard","has-post-thumbnail","","category-deportes"],"_links":{"self":[{"href":"https:\/\/noticiasveraces.com\/index.php?rest_route=\/wp\/v2\/posts\/7121","targetHints":{"allow":["GET"]}}],"collection":[{"href":"https:\/\/noticiasveraces.com\/index.php?rest_route=\/wp\/v2\/posts"}],"about":[{"href":"https:\/\/noticiasveraces.com\/index.php?rest_route=\/wp\/v2\/types\/post"}],"author":[{"embeddable":true,"href":"https:\/\/noticiasveraces.com\/index.php?rest_route=\/wp\/v2\/users\/1"}],"replies":[{"embeddable":true,"href":"https:\/\/noticiasveraces.com\/index.php?rest_route=%2Fwp%2Fv2%2Fcomments&post=7121"}],"version-history":[{"count":0,"href":"https:\/\/noticiasveraces.com\/index.php?rest_route=\/wp\/v2\/posts\/7121\/revisions"}],"wp:featuredmedia":[{"embeddable":true,"href":"https:\/\/noticiasveraces.com\/index.php?rest_route=\/wp\/v2\/media\/7123"}],"wp:attachment":[{"href":"https:\/\/noticiasveraces.com\/index.php?rest_route=%2Fwp%2Fv2%2Fmedia&parent=7121"}],"wp:term":[{"taxonomy":"category","embeddable":true,"href":"https:\/\/noticiasveraces.com\/index.php?rest_route=%2Fwp%2Fv2%2Fcategories&post=7121"},{"taxonomy":"post_tag","embeddable":true,"href":"https:\/\/noticiasveraces.com\/index.php?rest_route=%2Fwp%2Fv2%2Ftags&post=7121"}],"curies":[{"name":"wp","href":"https:\/\/api.w.org\/{rel}","templated":true}]}}