{"id":7081,"date":"2024-12-19T18:55:15","date_gmt":"2024-12-19T22:55:15","guid":{"rendered":"https:\/\/noticiasveraces.com\/?p=7081"},"modified":"2024-12-19T18:55:15","modified_gmt":"2024-12-19T22:55:15","slug":"el-pentagono-dice-que-el-numero-de-tropas-estadounidenses-en-siria-es-el-doble-que-en-informes-anteriores","status":"publish","type":"post","link":"https:\/\/noticiasveraces.com\/?p=7081","title":{"rendered":"El Pent\u00e1gono dice que el n\u00famero de tropas estadounidenses en Siria es el doble que en informes anteriores"},"content":{"rendered":"<p> \n<\/p>\n<div>\n<p class=\"speakable\">El Pent\u00e1gono dice que hay 2.000 soldados estadounidenses desplegados en Siria, m\u00e1s del doble de lo que funcionarios del Departamento de Defensa han estado diciendo a los periodistas durante meses.<\/p>\n<p class=\"speakable\">\u00abLes hemos estado informando peri\u00f3dicamente que hay aproximadamente 900 tropas estadounidenses desplegadas en Siria\u00bb, dijo el secretario de prensa del Pent\u00e1gono, Brig. dijo el general Ryder a los periodistas durante una conferencia de prensa el jueves. \u00abA la luz de la situaci\u00f3n en Siria, y con gran inter\u00e9s, recientemente nos enteramos de que esas cifras eran m\u00e1s altas\u00bb.<\/p>\n<p>Ryder pidi\u00f3 analizar las cifras y dijo que se enter\u00f3 el jueves de que hay alrededor de 2.000 soldados estadounidenses en Siria.<\/p>\n<p>\u00abMe explicaron que estas fuerzas adicionales se consideran fuerzas rotacionales temporales que se despliegan para cumplir con los requisitos cambiantes de la misi\u00f3n, mientras que los 900 elementos principales est\u00e1n en despliegues a m\u00e1s largo plazo\u00bb, continu\u00f3. \u00abComo saben, para muchos de nuestros despliegues, los n\u00fameros fluctuar\u00e1n de vez en cuando, pero dado que este n\u00famero es significativamente mayor que el que hemos estado informando, quer\u00eda hac\u00e9rselo saber tan pronto como descubr\u00ed esta informaci\u00f3n. \u00ab.<\/p>\n<p><strong>EL PRINCIPAL ALIADO DE ESTADOS UNIDOS, EL COMANDANTE DE LAS SDF EN SIRIA ADVIERTE SOBRE EL REGRESO DE ISIS SI LOS ATAQUES A\u00c9REOS TURCOS NO SE DETIENEN<\/strong><\/p>\n<div class=\"image-ct inline\">\n<div class=\"m\"><picture><source media=\"(max-width: 767px)\" srcset=\"https:\/\/a57.foxnews.com\/static.foxnews.com\/foxnews.com\/content\/uploads\/2024\/09\/343\/192\/Pat-Ryder-Pentagon.jpg?ve=1&amp;tl=1, https:\/\/a57.foxnews.com\/static.foxnews.com\/foxnews.com\/content\/uploads\/2024\/09\/686\/384\/Pat-Ryder-Pentagon.jpg?ve=1&amp;tl=1 2x\" height=\"192\" width=\"343\"><source media=\"(min-width: 768px) and (max-width: 1023px)\" srcset=\"https:\/\/a57.foxnews.com\/static.foxnews.com\/foxnews.com\/content\/uploads\/2024\/09\/672\/378\/Pat-Ryder-Pentagon.jpg?ve=1&amp;tl=1, https:\/\/a57.foxnews.com\/static.foxnews.com\/foxnews.com\/content\/uploads\/2024\/09\/1344\/756\/Pat-Ryder-Pentagon.jpg?ve=1&amp;tl=1 2x\" height=\"378\" width=\"672\"><source media=\"(min-width: 1024px) and (max-width: 1279px)\" srcset=\"https:\/\/a57.foxnews.com\/static.foxnews.com\/foxnews.com\/content\/uploads\/2024\/09\/931\/523\/Pat-Ryder-Pentagon.jpg?ve=1&amp;tl=1, https:\/\/a57.foxnews.com\/static.foxnews.com\/foxnews.com\/content\/uploads\/2024\/09\/1862\/1046\/Pat-Ryder-Pentagon.jpg?ve=1&amp;tl=1 2x\" height=\"523\" width=\"931\"><source media=\"(min-width: 1280px)\" srcset=\"https:\/\/a57.foxnews.com\/static.foxnews.com\/foxnews.com\/content\/uploads\/2024\/09\/720\/405\/Pat-Ryder-Pentagon.jpg?ve=1&amp;tl=1, https:\/\/a57.foxnews.com\/static.foxnews.com\/foxnews.com\/content\/uploads\/2024\/09\/1440\/810\/Pat-Ryder-Pentagon.jpg?ve=1&amp;tl=1 2x\" height=\"405\" width=\"720\"><img loading=\"lazy\" decoding=\"async\" src=\"https:\/\/a57.foxnews.com\/static.foxnews.com\/foxnews.com\/content\/uploads\/2024\/09\/1200\/675\/Pat-Ryder-Pentagon.jpg?ve=1&amp;tl=1\" alt=\"Pat-Ryder-Pent\u00e1gono\" width=\"1200\" height=\"675\"\/><\/source><\/source><\/source><\/source><\/picture><\/div>\n<div class=\"info\">\n<div class=\"caption\">\n<p><span>El secretario de prensa del Pent\u00e1gono, el general Pat Ryder, dijo a los periodistas que hay m\u00e1s del doble de tropas estadounidenses en Siria de lo que se hab\u00eda informado anteriormente.<\/span> <span>(Transmisi\u00f3n en vivo del Pent\u00e1gono)<\/span><\/p>\n<\/div>\n<\/div>\n<\/div>\n<p>El portavoz principal dijo que existen consideraciones de seguridad diplom\u00e1tica y operativa con los despliegues y el n\u00famero de tropas asociadas con esos despliegues, como fue el caso con Siria.<\/p>\n<p>Ryder se\u00f1al\u00f3 que las tropas estaban en Siria antes de la ca\u00edda del presidente sirio Bashar al-Assad \u2013quien huy\u00f3 a Rusia a principios de este mes y puso fin a una lucha de casi 14 a\u00f1os para mantener el poder en su pa\u00eds\u2013 y ayudaron a aumentar la derrota de la misi\u00f3n ISIS.<\/p>\n<p>Despu\u00e9s de enterarse de la fluctuaci\u00f3n en el n\u00famero de tropas, la corresponsal del Pent\u00e1gono de Fox News, Jennifer Griffin, presion\u00f3 a Ryder sobre la correcci\u00f3n del n\u00famero de tropas y el momento.<\/p>\n<p><strong><u>GRUPO ESTADOUNIDENSE BUSCA A ESTADOUNIDENSES SECUESTRADOS EN SIRIA TRAS LA CA\u00cdDA DEL R\u00c9GIMEN DE ASSAD<\/u><\/strong><\/p>\n<div class=\"image-ct inline\">\n<div class=\"m\"><picture><source media=\"(max-width: 767px)\" srcset=\"https:\/\/a57.foxnews.com\/static.foxnews.com\/foxnews.com\/content\/uploads\/2024\/12\/343\/192\/syria-damascus-2.jpg?ve=1&amp;tl=1, https:\/\/a57.foxnews.com\/static.foxnews.com\/foxnews.com\/content\/uploads\/2024\/12\/686\/384\/syria-damascus-2.jpg?ve=1&amp;tl=1 2x\" height=\"192\" width=\"343\"><source media=\"(min-width: 768px) and (max-width: 1023px)\" srcset=\"https:\/\/a57.foxnews.com\/static.foxnews.com\/foxnews.com\/content\/uploads\/2024\/12\/672\/378\/syria-damascus-2.jpg?ve=1&amp;tl=1, https:\/\/a57.foxnews.com\/static.foxnews.com\/foxnews.com\/content\/uploads\/2024\/12\/1344\/756\/syria-damascus-2.jpg?ve=1&amp;tl=1 2x\" height=\"378\" width=\"672\"><source media=\"(min-width: 1024px) and (max-width: 1279px)\" srcset=\"https:\/\/a57.foxnews.com\/static.foxnews.com\/foxnews.com\/content\/uploads\/2024\/12\/931\/523\/syria-damascus-2.jpg?ve=1&amp;tl=1, https:\/\/a57.foxnews.com\/static.foxnews.com\/foxnews.com\/content\/uploads\/2024\/12\/1862\/1046\/syria-damascus-2.jpg?ve=1&amp;tl=1 2x\" height=\"523\" width=\"931\"><source media=\"(min-width: 1280px)\" srcset=\"https:\/\/a57.foxnews.com\/static.foxnews.com\/foxnews.com\/content\/uploads\/2024\/12\/720\/405\/syria-damascus-2.jpg?ve=1&amp;tl=1, https:\/\/a57.foxnews.com\/static.foxnews.com\/foxnews.com\/content\/uploads\/2024\/12\/1440\/810\/syria-damascus-2.jpg?ve=1&amp;tl=1 2x\" height=\"405\" width=\"720\"><img loading=\"lazy\" decoding=\"async\" src=\"https:\/\/a57.foxnews.com\/static.foxnews.com\/foxnews.com\/content\/uploads\/2024\/12\/1200\/675\/syria-damascus-2.jpg?ve=1&amp;tl=1\" alt=\"La gente celebra en Damasco tras la ca\u00edda del r\u00e9gimen de Assad\" width=\"1200\" height=\"675\"\/><\/source><\/source><\/source><\/source><\/picture><\/div>\n<div class=\"info\">\n<div class=\"caption\">\n<p><span>La gente agita armas en el aire mientras se re\u00fane para celebrar la ca\u00edda del r\u00e9gimen sirio en la Plaza Omeya el 8 de diciembre en Damasco, Siria. <\/span> <span>(Ali Haj Suleiman\/Getty Images)<\/span><\/p>\n<\/div>\n<\/div>\n<\/div>\n<p>\u00abEsto es m\u00e1s del doble de la cantidad de tropas que nos han dicho desde hace bastante tiempo. Entonces, \u00bfestamos hablando de que esto ha estado sucediendo durante meses? \u00bfDurante a\u00f1os?\u00bb -Pregunt\u00f3 Griffin. \u00ab\u00bfEs esto algo que acaba de suceder este verano? Necesitamos un marco de tiempo\u00bb.<\/p>\n<p>\u00abS\u00ed, creo que probablemente ser\u00eda justo decir que, como m\u00ednimo, meses\u00bb, dijo Ryder. \u00abVolver\u00e9 y mirar\u00e9. Pero es&#8230; s\u00ed, ha estado sucediendo por un tiempo\u00bb.<\/p>\n<p>La noticia de tropas adicionales en Siria llega cuando el inter\u00e9s en la regi\u00f3n es excepcionalmente alto, especialmente despu\u00e9s de la ca\u00edda de Assad.<\/p>\n<p><strong><u>EL EMBAJADOR DE ISRAEL EN LA ONU INSISTE EN QUE LA NACI\u00d3N &#8216;NO SE INVOLUCRA&#8217; EN EL CAMBIO DE R\u00c9GIMEN SIRIO<\/u><\/strong><\/p>\n<div class=\"image-ct inline\">\n<div class=\"m\"><picture><source media=\"(max-width: 767px)\" srcset=\"https:\/\/a57.foxnews.com\/static.foxnews.com\/foxnews.com\/content\/uploads\/2024\/12\/343\/192\/gettyimages-1487582111-1-scaled.jpg?ve=1&amp;tl=1, https:\/\/a57.foxnews.com\/static.foxnews.com\/foxnews.com\/content\/uploads\/2024\/12\/686\/384\/gettyimages-1487582111-1-scaled.jpg?ve=1&amp;tl=1 2x\" height=\"192\" width=\"343\"><source media=\"(min-width: 768px) and (max-width: 1023px)\" srcset=\"https:\/\/a57.foxnews.com\/static.foxnews.com\/foxnews.com\/content\/uploads\/2024\/12\/672\/378\/gettyimages-1487582111-1-scaled.jpg?ve=1&amp;tl=1, https:\/\/a57.foxnews.com\/static.foxnews.com\/foxnews.com\/content\/uploads\/2024\/12\/1344\/756\/gettyimages-1487582111-1-scaled.jpg?ve=1&amp;tl=1 2x\" height=\"378\" width=\"672\"><source media=\"(min-width: 1024px) and (max-width: 1279px)\" srcset=\"https:\/\/a57.foxnews.com\/static.foxnews.com\/foxnews.com\/content\/uploads\/2024\/12\/931\/523\/gettyimages-1487582111-1-scaled.jpg?ve=1&amp;tl=1, https:\/\/a57.foxnews.com\/static.foxnews.com\/foxnews.com\/content\/uploads\/2024\/12\/1862\/1046\/gettyimages-1487582111-1-scaled.jpg?ve=1&amp;tl=1 2x\" height=\"523\" width=\"931\"><source media=\"(min-width: 1280px)\" srcset=\"https:\/\/a57.foxnews.com\/static.foxnews.com\/foxnews.com\/content\/uploads\/2024\/12\/720\/405\/gettyimages-1487582111-1-scaled.jpg?ve=1&amp;tl=1, https:\/\/a57.foxnews.com\/static.foxnews.com\/foxnews.com\/content\/uploads\/2024\/12\/1440\/810\/gettyimages-1487582111-1-scaled.jpg?ve=1&amp;tl=1 2x\" height=\"405\" width=\"720\"><img loading=\"lazy\" decoding=\"async\" src=\"https:\/\/a57.foxnews.com\/static.foxnews.com\/foxnews.com\/content\/uploads\/2024\/12\/1200\/675\/gettyimages-1487582111-1-scaled.jpg?ve=1&amp;tl=1\" alt=\"Bashar al-Assad\" width=\"1200\" height=\"675\"\/><\/source><\/source><\/source><\/source><\/picture><\/div>\n<div class=\"info\">\n<div class=\"caption\">\n<p><span>DAMASCO, SIRIA &#8211; 3 DE MAYO: El entonces presidente de Siria, Bashar al-Assad, visto durante la firma del programa integral de cooperaci\u00f3n estrat\u00e9gica y de largo plazo entre Ir\u00e1n y Siria, el 3 de mayo de 2023, en Damasco, Siria.<\/span> <span>(Borna News\/Matin Ghasemi\/Aksonline ATPImages\/Getty Images)<\/span><\/p>\n<\/div>\n<\/div>\n<\/div>\n<p>Los ataques del ej\u00e9rcito turco contra las Fuerzas Democr\u00e1ticas Sirias (FDS) han aumentado desde que el presidente sirio huy\u00f3 a Rusia el 8 de diciembre. En una entrevista con Fox News este mes, el general Mazloum Abdi, comandante de las FDS, advirti\u00f3 que si su Los combatientes kurdos tienen que huir, ISIS regresar\u00eda.<\/p>\n<p>Tambi\u00e9n dijo que la mitad de sus combatientes que custodiaban los campamentos de ISIS tuvieron que retirarse.<\/p>\n<p>\u00abTodas las prisiones todav\u00eda est\u00e1n bajo nuestro control. Sin embargo, las prisiones y los campos se encuentran en una situaci\u00f3n cr\u00edtica porque \u00bfqui\u00e9n los vigila? Se van y tienen que proteger a sus familias\u00bb, dijo el general Mazloum. \u00abPuedo darles un ejemplo, como la prisi\u00f3n del ISIS de Raqqa, que contiene alrededor de 1.000 excombatientes del ISIS. El n\u00famero de guardias all\u00ed se ha reducido a la mitad, lo que los coloca en una posici\u00f3n fr\u00e1gil\u00bb. <\/p>\n<p><strong><u>HAGA CLIC AQU\u00cd PARA OBTENER LA APLICACI\u00d3N FOX NEWS<\/u><\/strong><\/p>\n<p>Fox News inform\u00f3 anteriormente que Estados Unidos ten\u00eda 900 soldados en el este de Siria, pero ahora ese n\u00famero es de unos 2.000, y probablemente tendr\u00edan que retirarse si los combatientes kurdos aliados se retiran bajo el ataque del ej\u00e9rcito turco, que considera a los kurdos como una amenaza terrorista.<\/p>\n<p> <!----> <\/p>\n<div class=\"article-meta\">\n<div class=\"author-bio\">\n<p>Greg Wehner es reportero de noticias de \u00faltima hora de Fox News Digital.<\/p>\n<p>Se pueden enviar sugerencias e ideas para historias a Greg.Wehner@Fox.com y en Twitter @GregWehner.<\/p>\n<\/div>\n<\/div>\n<\/div>\n\n","protected":false},"excerpt":{"rendered":"<p>El Pent\u00e1gono dice que hay 2.000 soldados estadounidenses desplegados en Siria, m\u00e1s del doble de lo que funcionarios del Departamento de Defensa han estado diciendo a los periodistas durante meses. \u00abLes hemos estado informando peri\u00f3dicamente que hay aproximadamente 900 tropas estadounidenses desplegadas en Siria\u00bb, dijo el secretario de prensa del Pent\u00e1gono, Brig. dijo el general &hellip;<\/p>\n","protected":false},"author":1,"featured_media":7083,"comment_status":"open","ping_status":"open","sticky":false,"template":"","format":"standard","meta":{"fifu_image_url":"https:\/\/static.foxnews.com\/foxnews.com\/content\/uploads\/2024\/05\/Military-Sexual-Assault.jpg","fifu_image_alt":"","footnotes":""},"categories":[13],"tags":[],"class_list":["post-7081","post","type-post","status-publish","format-standard","has-post-thumbnail","","category-mundo"],"_links":{"self":[{"href":"https:\/\/noticiasveraces.com\/index.php?rest_route=\/wp\/v2\/posts\/7081","targetHints":{"allow":["GET"]}}],"collection":[{"href":"https:\/\/noticiasveraces.com\/index.php?rest_route=\/wp\/v2\/posts"}],"about":[{"href":"https:\/\/noticiasveraces.com\/index.php?rest_route=\/wp\/v2\/types\/post"}],"author":[{"embeddable":true,"href":"https:\/\/noticiasveraces.com\/index.php?rest_route=\/wp\/v2\/users\/1"}],"replies":[{"embeddable":true,"href":"https:\/\/noticiasveraces.com\/index.php?rest_route=%2Fwp%2Fv2%2Fcomments&post=7081"}],"version-history":[{"count":0,"href":"https:\/\/noticiasveraces.com\/index.php?rest_route=\/wp\/v2\/posts\/7081\/revisions"}],"wp:featuredmedia":[{"embeddable":true,"href":"https:\/\/noticiasveraces.com\/index.php?rest_route=\/wp\/v2\/media\/7083"}],"wp:attachment":[{"href":"https:\/\/noticiasveraces.com\/index.php?rest_route=%2Fwp%2Fv2%2Fmedia&parent=7081"}],"wp:term":[{"taxonomy":"category","embeddable":true,"href":"https:\/\/noticiasveraces.com\/index.php?rest_route=%2Fwp%2Fv2%2Fcategories&post=7081"},{"taxonomy":"post_tag","embeddable":true,"href":"https:\/\/noticiasveraces.com\/index.php?rest_route=%2Fwp%2Fv2%2Ftags&post=7081"}],"curies":[{"name":"wp","href":"https:\/\/api.w.org\/{rel}","templated":true}]}}