{"id":6974,"date":"2024-12-19T01:00:14","date_gmt":"2024-12-19T05:00:14","guid":{"rendered":"https:\/\/noticiasveraces.com\/?p=6974"},"modified":"2024-12-19T01:00:14","modified_gmt":"2024-12-19T05:00:14","slug":"red-bull-anuncia-la-salida-de-checo-perez-y-ya-suenan-nombres-como-nuevo-companero-de-verstappen","status":"publish","type":"post","link":"https:\/\/noticiasveraces.com\/?p=6974","title":{"rendered":"Red Bull anuncia la salida de &#8216;Checo&#8217; P\u00e9rez y ya suenan nombres como nuevo compa\u00f1ero de Verstappen"},"content":{"rendered":"<p> \n<\/p>\n<div id=\"intext\">\n<p>Ya es oficial.<b> &#8216;Checo&#8217; P\u00e9rez <\/b>no ocupar\u00e1 un asiento de <b>toro rojo<\/b> en 2025. La marca austriaca ha emitido un este comunicado mi\u00e9rcoles anunciando la salida del piloto mexicano y agradeci\u00e9ndole su paso por la escuder\u00eda.<\/p>\n<p>Tras una temporada dif\u00edcil, especialmente en las sesiones de clasificaci\u00f3n, <b>&#8216;Checo&#8217; P\u00e9rez abandona Red Bull con cinco victorias<\/b> en circuitos urbanos en cuatro a\u00f1os y habiendo contribuido a ganar dos t\u00edtulos en el Campeonato Mundial de Constructores, pero siendo tambi\u00e9n una losa para la marca austriaca especialmente esta temporada, donde ha quedado m\u00e1s cerca del \u00faltimo clasificado que de su compa\u00f1ero, y campe\u00f3n del mundo. por cuarto a\u00f1o consecutivo, Max Verstappen. Checo comenz\u00f3 bien la temporada sumando cinco podios en las seis primeras carreras, pero a partir del GP de M\u00f3naco comenz\u00f3 a cosechar resultados muy p\u00e9simos para una escuder\u00eda que optaba a ganar el Mundial de Constructores.<\/p>\n<p>El piloto mexicano termina su etapa \u00abincre\u00edblemente agradecido\u00bb a estos cuatro a\u00f1os en los que ha corrido con su <b>compa\u00f1ero Max Verstappen<\/b>. \u00abHa sido un honor\u00bb, dice P\u00e9rez en el comunicado emitido por Red Bull.<\/p>\n<h2 class=\"title-h2\">Asiento libre en Red Bull<\/h2>\n<p>La salida de <b>&#8216;Checo&#8217; deja un asiento libre en la escuder\u00eda de la bebida energ\u00e9tica<\/b>. Una posici\u00f3n vacante que todav\u00eda no se sabe por qui\u00e9n estar\u00e1 ocupada y que desde la marca aseguran que se anunciar\u00e1 \u00aba su debido tiempo\u00bb.<\/p>\n<p><b>cristian horner<\/b>director general de Red Bull, ha querido destacar la trayectoria de P\u00e9rez en su escuder\u00eda: \u00abDemostr\u00f3 ser un extraordinario piloto de equipo\u00bb. \u00abSus cinco victorias, todas en circuitos urbanos, fueron una marca espectacular de su determinaci\u00f3n por ir siempre al l\u00edmite\u00bb.<\/p>\n<h2 class=\"title-h2\">Lawson, el que m\u00e1s papeletas tiene de sustituirle<\/h2>\n<p>No obstante, los rumores apuntan a que ser\u00e1 Liam Lawson el piloto que reemplazar\u00e1 al mexicano en 2025, el neozeland\u00e9s de 22 a\u00f1os ha dado la cara en RB sustituyendo a Ricciardo y ha supuesto un dolor de cabeza para pilotos como Fernando Alonso, que han criticado su llegada a la F\u00f3rmula 1 tras varios movimientos algo arriesgados en carreras.<\/p>\n<p><span><i><span>S\u00edguenos en nuestro <\/span><span>canal de whatsapp<\/span><span>  y no te pierdas la \u00faltima hora y toda la actualidad de antena3noticias.com<\/span><\/i><\/span><\/p>\n<div class=\"recirculation-video\" data-mod=\"a3mod_recirculation_video\">\n<div class=\"recirculation-video-wrapper\">\n<div>\n<div class=\"video-wrapper\">\n  <picture class=\"video-main-picture\"><source media=\"(min-width: 481px)\" srcset=\"https:\/\/fotografias.antena3.com\/clipping\/cmsimages01\/2024\/12\/17\/259F38E1-5611-4FFA-81FB-DA7A09715C98\/albert-cogul-expedicion-cim-project-alcanzar-campo-base-everest_94.jpg?crop=1920,1080,x0,y0&amp;width=800&amp;height=450&amp;optimize=medium&amp;format=webply\" width=\"800\" height=\"450\"><source media=\"(min-width: 391px) and (max-width: 480px)\" srcset=\"https:\/\/fotografias.antena3.com\/clipping\/cmsimages01\/2024\/12\/17\/259F38E1-5611-4FFA-81FB-DA7A09715C98\/albert-cogul-expedicion-cim-project-alcanzar-campo-base-everest_70.jpg?crop=1920,1080,x0,y0&amp;width=480&amp;height=270&amp;optimize=high&amp;format=webply\" width=\"480\" height=\"270\"><source media=\"(min-width: 321px) and (max-width: 390px)\" srcset=\"https:\/\/fotografias.antena3.com\/clipping\/cmsimages01\/2024\/12\/17\/259F38E1-5611-4FFA-81FB-DA7A09715C98\/albert-cogul-expedicion-cim-project-alcanzar-campo-base-everest_92.jpg?crop=1920,1078,x0,y2&amp;width=390&amp;height=219&amp;optimize=high&amp;format=webply\" width=\"390\" height=\"219\"><source media=\"(max-width: 320px)\" srcset=\"https:\/\/fotografias.antena3.com\/clipping\/cmsimages01\/2024\/12\/17\/259F38E1-5611-4FFA-81FB-DA7A09715C98\/albert-cogul-expedicion-cim-project-alcanzar-campo-base-everest_52.jpg?crop=1920,1080,x0,y0&amp;width=320&amp;height=180&amp;optimize=high&amp;format=webply\" width=\"320\" height=\"180\"><img decoding=\"async\" title=\"Albert Cogul y la expedici\u00f3n de CIM Project tras alcanzar el Campo Base del Everest\" alt=\"Albert Cogul y la expedici\u00f3n de CIM Project tras alcanzar el Campo Base del Everest\" width=\"480\" height=\"270\" src=\"https:\/\/fotografias.antena3.com\/clipping\/cmsimages01\/2024\/12\/17\/259F38E1-5611-4FFA-81FB-DA7A09715C98\/albert-cogul-expedicion-cim-project-alcanzar-campo-base-everest_70.jpg?crop=1920,1080,x0,y0&amp;width=480&amp;height=270&amp;optimize=high&amp;format=webply\" loading=\"lazy\" class=\"lazy\"\/><br \/>\n  <\/source><\/source><\/source><\/source><\/picture>\n <\/div>\n<\/div><\/div>\n<\/p><\/div>\n<\/div>\n\n","protected":false},"excerpt":{"rendered":"<p>Ya es oficial. &#8216;Checo&#8217; P\u00e9rez no ocupar\u00e1 un asiento de toro rojo en 2025. La marca austriaca ha emitido un este comunicado mi\u00e9rcoles anunciando la salida del piloto mexicano y agradeci\u00e9ndole su paso por la escuder\u00eda. Tras una temporada dif\u00edcil, especialmente en las sesiones de clasificaci\u00f3n, &#8216;Checo&#8217; P\u00e9rez abandona Red Bull con cinco victorias en &hellip;<\/p>\n","protected":false},"author":1,"featured_media":6976,"comment_status":"open","ping_status":"open","sticky":false,"template":"","format":"standard","meta":{"fifu_image_url":"https:\/\/fotografias.antena3.com\/clipping\/cmsimages02\/2024\/09\/15\/10BB9696-1BB2-43B9-8454-6BFBA89807AA\/carlos-sainz-checo-perez-trazado-baku_69.jpg?crop=4766,2681,x0,y0&width=1280&height=720&optimize=low&format=jpg","fifu_image_alt":"","footnotes":""},"categories":[6],"tags":[],"class_list":["post-6974","post","type-post","status-publish","format-standard","has-post-thumbnail","","category-deportes"],"_links":{"self":[{"href":"https:\/\/noticiasveraces.com\/index.php?rest_route=\/wp\/v2\/posts\/6974","targetHints":{"allow":["GET"]}}],"collection":[{"href":"https:\/\/noticiasveraces.com\/index.php?rest_route=\/wp\/v2\/posts"}],"about":[{"href":"https:\/\/noticiasveraces.com\/index.php?rest_route=\/wp\/v2\/types\/post"}],"author":[{"embeddable":true,"href":"https:\/\/noticiasveraces.com\/index.php?rest_route=\/wp\/v2\/users\/1"}],"replies":[{"embeddable":true,"href":"https:\/\/noticiasveraces.com\/index.php?rest_route=%2Fwp%2Fv2%2Fcomments&post=6974"}],"version-history":[{"count":0,"href":"https:\/\/noticiasveraces.com\/index.php?rest_route=\/wp\/v2\/posts\/6974\/revisions"}],"wp:featuredmedia":[{"embeddable":true,"href":"https:\/\/noticiasveraces.com\/index.php?rest_route=\/wp\/v2\/media\/6976"}],"wp:attachment":[{"href":"https:\/\/noticiasveraces.com\/index.php?rest_route=%2Fwp%2Fv2%2Fmedia&parent=6974"}],"wp:term":[{"taxonomy":"category","embeddable":true,"href":"https:\/\/noticiasveraces.com\/index.php?rest_route=%2Fwp%2Fv2%2Fcategories&post=6974"},{"taxonomy":"post_tag","embeddable":true,"href":"https:\/\/noticiasveraces.com\/index.php?rest_route=%2Fwp%2Fv2%2Ftags&post=6974"}],"curies":[{"name":"wp","href":"https:\/\/api.w.org\/{rel}","templated":true}]}}