{"id":6967,"date":"2024-12-18T23:20:18","date_gmt":"2024-12-19T03:20:18","guid":{"rendered":"https:\/\/noticiasveraces.com\/?p=6967"},"modified":"2024-12-18T23:20:18","modified_gmt":"2024-12-19T03:20:18","slug":"el-congo-dice-que-la-enfermedad-misteriosa-detras-de-docenas-de-muertes-de-mujeres-y-ninos-finalmente-fue-identificada-como-malaria-grave","status":"publish","type":"post","link":"https:\/\/noticiasveraces.com\/?p=6967","title":{"rendered":"El Congo dice que la enfermedad misteriosa detr\u00e1s de docenas de muertes de mujeres y ni\u00f1os finalmente fue identificada como malaria grave"},"content":{"rendered":"<p> \n<\/p>\n<div id=\"\">\n<p><em>Johannesburgo<\/em> \u2014 Durante semanas se la denomin\u00f3 simplemente \u00abEnfermedad X\u00bb. Pero el <span class=\"link\">misteriosa enfermedad parecida a la gripe<\/span> que ha matado a m\u00e1s de 143 personas (principalmente mujeres y ni\u00f1os peque\u00f1os) en la Rep\u00fablica Democr\u00e1tica del Congo finalmente ha sido identificado.<\/p>\n<p>\u00abEl misterio finalmente se ha resuelto\u00bb, declar\u00f3 el martes el Ministerio de Salud del Congo en un comunicado. \u00abEs un caso grave de malaria en forma de enfermedad respiratoria\u00bb.<\/p>\n<p>La agencia de salud dijo que la desnutrici\u00f3n en la regi\u00f3n m\u00e1s afectada hab\u00eda debilitado la inmunidad de la poblaci\u00f3n local, dej\u00e1ndola m\u00e1s vulnerable a la enfermedad. Las personas que contrajeron la infecci\u00f3n por malaria han presentado s\u00edntomas que incluyen dolor de cabeza, fiebre, tos y dolor de cuerpo.  <\/p>\n<p>El ministro de salud del Congo hab\u00eda dicho a los periodistas que el pa\u00eds estaba en \u00abalerta m\u00e1xima\u00bb por la propagaci\u00f3n de la enfermedad no identificada previamente, y funcionarios de salud dijeron a CBS News a principios de diciembre que la lejan\u00eda del epicentro del brote y la falta de un diagn\u00f3stico hac\u00edan dif\u00edcil para lanzar una respuesta concertada.<\/p>\n<figure class=\"embed embed--type-image is-image embed--float-none embed--size-medium\"><span class=\"img embed__content\"><img loading=\"lazy\" decoding=\"async\" src=\"https:\/\/assets3.cbsnewsstatic.com\/hub\/i\/r\/2024\/12\/18\/423e0bc6-32cb-4db9-a723-c6be7fde6593\/thumbnail\/620x413\/ba002afc3c7eeb44e96fc3833631e394\/congo-roger-kamba-ap24340447091887.jpg?v=fa9977353833f46f40b07abcd9d5240b#\" alt=\"Enfermedad del Congo \" height=\"413\" width=\"620\" class=\" lazyload\" data-srcset=\"https:\/\/assets3.cbsnewsstatic.com\/hub\/i\/r\/2024\/12\/18\/423e0bc6-32cb-4db9-a723-c6be7fde6593\/thumbnail\/620x413\/ba002afc3c7eeb44e96fc3833631e394\/congo-roger-kamba-ap24340447091887.jpg?v=fa9977353833f46f40b07abcd9d5240b 1x, https:\/\/assets3.cbsnewsstatic.com\/hub\/i\/r\/2024\/12\/18\/423e0bc6-32cb-4db9-a723-c6be7fde6593\/thumbnail\/1240x826\/c2bf7ee1eddc739f52f1b02d846f751f\/congo-roger-kamba-ap24340447091887.jpg?v=fa9977353833f46f40b07abcd9d5240b 2x\" srcset=\"data:image\/svg+xml,%3Csvg%20xmlns%3D'http%3A%2F%2Fwww.w3.org%2F2000%2Fsvg'%20viewBox%3D'0%200%20620%20413'%2F%3E\"\/><\/span><figcaption class=\"embed__caption-container\"><span class=\"embed__caption\">El ministro de salud del Congo, Roger Kamba, asiste a una conferencia de prensa en Kinshasa, Congo, en una fotograf\u00eda de archivo del 5 de diciembre de 2024.<\/span><\/p>\n<p>                  <span class=\"embed__credit\"><\/p>\n<p>                Samy Ntumba Shambuyi\/AP<\/p>\n<p>                          <\/span><br \/>\n              <\/figcaption><\/figure>\n<p>Se reportaron al menos 592 casos despu\u00e9s de que el Ministerio de Salud del Congo lanzara la alerta por primera vez el 29 de octubre. El ministerio dijo que la enfermedad ten\u00eda una tasa de mortalidad del 6,25%. Seg\u00fan la Organizaci\u00f3n Mundial de la Salud, m\u00e1s de la mitad de las muertes registradas fueron ni\u00f1os menores de cinco a\u00f1os que estaban gravemente desnutridos cuando contrajeron la enfermedad.<\/p>\n<p>En una rueda de prensa celebrada el 10 de diciembre, el director general de la OMS, Tedros Adhanom Ghebreyesus, dijo que 10 de 12 muestras de pacientes que padec\u00edan la misteriosa enfermedad hab\u00edan dado positivo en malaria, pero dijo que en ese momento todav\u00eda estaban realizando pruebas para detectar otras enfermedades.<\/p>\n<p>El gobierno congole\u00f1o hab\u00eda enviado un equipo de intervenci\u00f3n r\u00e1pida a la provincia de Kwango, 435 millas al sureste de la capital Kinshasa, compuesto por epidemi\u00f3logos y otros expertos m\u00e9dicos. Su objetivo era identificar la enfermedad y montar una respuesta adecuada. Los funcionarios del gobierno hab\u00edan advertido anteriormente a los lugare\u00f1os que evitaran tocar a las personas infectadas con la enfermedad o los cuerpos de los que hab\u00edan muerto.<\/p>\n<p>El Congo ha sufrido muchos brotes de enfermedades en los \u00faltimos a\u00f1os, incluidas la fiebre tifoidea, la malaria y la anemia. El pa\u00eds tambi\u00e9n se ha enfrentado a una <span class=\"link\">brote de mox<\/span>con m\u00e1s de 47.000 casos sospechosos y m\u00e1s de 1.000 muertes sospechosas por la enfermedad, seg\u00fan la OMS. <\/p>\n<p>Se estaban distribuyendo medicamentos contra la malaria proporcionados por la OMS en los centros de salud locales en el Congo, y funcionarios de la OMS dijeron que m\u00e1s suministros m\u00e9dicos llegar\u00edan al pa\u00eds el mi\u00e9rcoles. <\/p>\n<p>Es la temporada de lluvias en el Congo, en la que a menudo aumentan los casos de malaria y, sin duda, complicar\u00e1 el tratamiento de quienes corren mayor riesgo.<\/p>\n<p>    <!-- data-recirc-source=\"queryly\" --><\/p>\n<aside class=\"component list recirculation component--type-recirculation \">\n<p><h3 class=\"component__title\">M\u00e1s de CBS News<\/h3>\n<\/p>\n<\/aside>\n<p><!-- tags --><\/p>\n<div class=\"content-author\">\n<p>      sara carter<\/p>\n<div class=\"content-author__bio\">\n<div class=\"content-author__image\">\n<p>              <span class=\"img \"><img loading=\"lazy\" decoding=\"async\" src=\"https:\/\/assets1.cbsnewsstatic.com\/hub\/i\/r\/2024\/06\/07\/add5f62b-56b2-4706-aadf-2f3da6820b7c\/thumbnail\/80x80\/fbab4479292cd1840ddcc64a2fa52cd7\/3a8fd9c1-ab43-4f18-a479-a95e50384ab3.jpg?v=fa9977353833f46f40b07abcd9d5240b#\" alt=\"3a8fd9c1-ab43-4f18-a479-a95e50384ab3.jpg \" height=\"80\" width=\"80\" class=\" lazyload\" data-srcset=\"https:\/\/assets1.cbsnewsstatic.com\/hub\/i\/r\/2024\/06\/07\/add5f62b-56b2-4706-aadf-2f3da6820b7c\/thumbnail\/80x80\/fbab4479292cd1840ddcc64a2fa52cd7\/3a8fd9c1-ab43-4f18-a479-a95e50384ab3.jpg?v=fa9977353833f46f40b07abcd9d5240b 1x, https:\/\/assets3.cbsnewsstatic.com\/hub\/i\/r\/2024\/06\/07\/add5f62b-56b2-4706-aadf-2f3da6820b7c\/thumbnail\/160x160\/ddc3589bff63664cd2abbb96bd638343\/3a8fd9c1-ab43-4f18-a479-a95e50384ab3.jpg?v=fa9977353833f46f40b07abcd9d5240b 2x\" srcset=\"data:image\/svg+xml,%3Csvg%20xmlns%3D'http%3A%2F%2Fwww.w3.org%2F2000%2Fsvg'%20viewBox%3D'0%200%2080%2080'%2F%3E\"\/><\/span><\/p><\/div>\n<div class=\"content-author__full-information\">\n<p class=\"content-author__text\">Sarah Carter es una productora galardonada de CBS News con sede en Johannesburgo, Sud\u00e1frica. Ha trabajado en CBS News desde 1997, luego de trabajar como independiente para organizaciones como The New York Times, National Geographic, PBS Frontline y NPR.<\/p>\n<\/p><\/div>\n<\/p><\/div>\n<\/p><\/div>\n<\/p><\/div>\n\n","protected":false},"excerpt":{"rendered":"<p>Johannesburgo \u2014 Durante semanas se la denomin\u00f3 simplemente \u00abEnfermedad X\u00bb. Pero el misteriosa enfermedad parecida a la gripe que ha matado a m\u00e1s de 143 personas (principalmente mujeres y ni\u00f1os peque\u00f1os) en la Rep\u00fablica Democr\u00e1tica del Congo finalmente ha sido identificado. \u00abEl misterio finalmente se ha resuelto\u00bb, declar\u00f3 el martes el Ministerio de Salud del &hellip;<\/p>\n","protected":false},"author":1,"featured_media":6969,"comment_status":"open","ping_status":"open","sticky":false,"template":"","format":"standard","meta":{"fifu_image_url":"https:\/\/assets3.cbsnewsstatic.com\/hub\/i\/r\/2024\/12\/18\/423e0bc6-32cb-4db9-a723-c6be7fde6593\/thumbnail\/620x413\/ba002afc3c7eeb44e96fc3833631e394\/congo-roger-kamba-ap24340447091887.jpg?v=fa9977353833f46f40b07abcd9d5240b#","fifu_image_alt":"","footnotes":""},"categories":[8],"tags":[],"class_list":["post-6967","post","type-post","status-publish","format-standard","has-post-thumbnail","","category-salud"],"_links":{"self":[{"href":"https:\/\/noticiasveraces.com\/index.php?rest_route=\/wp\/v2\/posts\/6967","targetHints":{"allow":["GET"]}}],"collection":[{"href":"https:\/\/noticiasveraces.com\/index.php?rest_route=\/wp\/v2\/posts"}],"about":[{"href":"https:\/\/noticiasveraces.com\/index.php?rest_route=\/wp\/v2\/types\/post"}],"author":[{"embeddable":true,"href":"https:\/\/noticiasveraces.com\/index.php?rest_route=\/wp\/v2\/users\/1"}],"replies":[{"embeddable":true,"href":"https:\/\/noticiasveraces.com\/index.php?rest_route=%2Fwp%2Fv2%2Fcomments&post=6967"}],"version-history":[{"count":0,"href":"https:\/\/noticiasveraces.com\/index.php?rest_route=\/wp\/v2\/posts\/6967\/revisions"}],"wp:featuredmedia":[{"embeddable":true,"href":"https:\/\/noticiasveraces.com\/index.php?rest_route=\/wp\/v2\/media\/6969"}],"wp:attachment":[{"href":"https:\/\/noticiasveraces.com\/index.php?rest_route=%2Fwp%2Fv2%2Fmedia&parent=6967"}],"wp:term":[{"taxonomy":"category","embeddable":true,"href":"https:\/\/noticiasveraces.com\/index.php?rest_route=%2Fwp%2Fv2%2Fcategories&post=6967"},{"taxonomy":"post_tag","embeddable":true,"href":"https:\/\/noticiasveraces.com\/index.php?rest_route=%2Fwp%2Fv2%2Ftags&post=6967"}],"curies":[{"name":"wp","href":"https:\/\/api.w.org\/{rel}","templated":true}]}}