{"id":6959,"date":"2024-12-18T22:35:14","date_gmt":"2024-12-19T02:35:14","guid":{"rendered":"https:\/\/noticiasveraces.com\/?p=6959"},"modified":"2024-12-18T22:35:14","modified_gmt":"2024-12-19T02:35:14","slug":"scholz-representara-a-macron-en-la-cumbre-del-consejo-europeo-dw-18-12-2024","status":"publish","type":"post","link":"https:\/\/noticiasveraces.com\/?p=6959","title":{"rendered":"Scholz representar\u00e1 a Macron en la cumbre del Consejo Europeo \u2013 DW \u2013 18\/12\/2024"},"content":{"rendered":"<p> \n<\/p>\n<div>\n<p>El canciller de Alemania, Olaf Scholz, representar\u00e1 en el Consejo Europeo de ma\u00f1ana jueves en Bruselas al presidente franc\u00e9s, Emmanuel Macron, que realizar\u00e1 una visita al siniestrado departamento de Mayotte, anunciada este mi\u00e9rcoles (18.12.2024) el El\u00edseo, que record\u00f3 que la decisi\u00f3n se enmarca en una pr\u00e1ctica establecida entre Francia y Alemania.<\/p>\n<p>En el encuentro se espera que los l\u00edderes europeos hablen sobre la guerra en Ucrania, la situaci\u00f3n en Medio Oriente y la migraci\u00f3n irregular dentro del bloque. Macron, en cambio, s\u00ed participar\u00e1 esta noche en la cena de trabajo de la cumbre Uni\u00f3n Europea-Balcanes, que tendr\u00e1 lugar tambi\u00e9n en Bruselas.<\/p>\n<p>El presidente franc\u00e9s actuar\u00e1 a continuaci\u00f3n el largo desplazamiento a Mayotte (8.000 kil\u00f3metros), territorio galo en el Oc\u00e9ano \u00cdndico, para asegurar a los habitantes el compromiso del Estado con la ayuda y la reconstrucci\u00f3n y supervisar la marcha de las operaciones, tras el paso destructor. del ciclon Chido, el pasado fin de semana, tragedia en la que se estima perdieron la vida cientos de personas.<\/p>\n<p>Desde all\u00ed se desplazar\u00e1 a Yibuti, donde el s\u00e1bado se realizar\u00e1 la tradicional visita a tropas francesas destacadas en el exterior con motivo de las fiestas navide\u00f1as.<\/p>\n<p>Macron tambi\u00e9n realizar\u00e1 una visita bilateral a ese peque\u00f1o pa\u00eds africano, que se independiz\u00f3 de Francia en 1977, en una estancia que se extender\u00e1 al s\u00e1bado, cuando tambi\u00e9n llevar\u00e1 a cabo una breve visita a Etiop\u00eda.<\/p>\n<p>(efe, dpa\/mn)<\/p>\n<\/div>\n\n","protected":false},"excerpt":{"rendered":"<p>El canciller de Alemania, Olaf Scholz, representar\u00e1 en el Consejo Europeo de ma\u00f1ana jueves en Bruselas al presidente franc\u00e9s, Emmanuel Macron, que realizar\u00e1 una visita al siniestrado departamento de Mayotte, anunciada este mi\u00e9rcoles (18.12.2024) el El\u00edseo, que record\u00f3 que la decisi\u00f3n se enmarca en una pr\u00e1ctica establecida entre Francia y Alemania. En el encuentro se &hellip;<\/p>\n","protected":false},"author":1,"featured_media":6960,"comment_status":"open","ping_status":"open","sticky":false,"template":"","format":"standard","meta":{"fifu_image_url":"https:\/\/static.dw.com\/image\/69208612_6.jpg","fifu_image_alt":"","footnotes":""},"categories":[13],"tags":[],"class_list":["post-6959","post","type-post","status-publish","format-standard","has-post-thumbnail","","category-mundo"],"_links":{"self":[{"href":"https:\/\/noticiasveraces.com\/index.php?rest_route=\/wp\/v2\/posts\/6959","targetHints":{"allow":["GET"]}}],"collection":[{"href":"https:\/\/noticiasveraces.com\/index.php?rest_route=\/wp\/v2\/posts"}],"about":[{"href":"https:\/\/noticiasveraces.com\/index.php?rest_route=\/wp\/v2\/types\/post"}],"author":[{"embeddable":true,"href":"https:\/\/noticiasveraces.com\/index.php?rest_route=\/wp\/v2\/users\/1"}],"replies":[{"embeddable":true,"href":"https:\/\/noticiasveraces.com\/index.php?rest_route=%2Fwp%2Fv2%2Fcomments&post=6959"}],"version-history":[{"count":0,"href":"https:\/\/noticiasveraces.com\/index.php?rest_route=\/wp\/v2\/posts\/6959\/revisions"}],"wp:featuredmedia":[{"embeddable":true,"href":"https:\/\/noticiasveraces.com\/index.php?rest_route=\/wp\/v2\/media\/6960"}],"wp:attachment":[{"href":"https:\/\/noticiasveraces.com\/index.php?rest_route=%2Fwp%2Fv2%2Fmedia&parent=6959"}],"wp:term":[{"taxonomy":"category","embeddable":true,"href":"https:\/\/noticiasveraces.com\/index.php?rest_route=%2Fwp%2Fv2%2Fcategories&post=6959"},{"taxonomy":"post_tag","embeddable":true,"href":"https:\/\/noticiasveraces.com\/index.php?rest_route=%2Fwp%2Fv2%2Ftags&post=6959"}],"curies":[{"name":"wp","href":"https:\/\/api.w.org\/{rel}","templated":true}]}}