{"id":6892,"date":"2024-12-18T11:11:16","date_gmt":"2024-12-18T15:11:16","guid":{"rendered":"https:\/\/noticiasveraces.com\/?p=6892"},"modified":"2024-12-18T11:11:16","modified_gmt":"2024-12-18T15:11:16","slug":"compre-un-abrigo-de-disenador-similar-a-625-de-zara-tindall-por-solo-19-en-debenhams-real-noticias","status":"publish","type":"post","link":"https:\/\/noticiasveraces.com\/?p=6892","title":{"rendered":"Compre un abrigo de dise\u00f1ador similar a \u00a3 625 de Zara Tindall por solo \u00a3 19 en Debenhams | Real | Noticias"},"content":{"rendered":"<p> \n<\/p>\n<div>\n<p>Zara Tindall cautiv\u00f3 a los fan\u00e1ticos despu\u00e9s de usar un atuendo espectacular durante el fin de semana. La mujer de 43 a\u00f1os luc\u00eda elegante y con clase mientras vest\u00eda un conjunto de dise\u00f1ador que cost\u00f3 miles de d\u00f3lares.<\/p>\n<p>La hija de la princesa Ana asisti\u00f3 el viernes a la reuni\u00f3n navide\u00f1a en el hip\u00f3dromo de Cheltenham. Pero toda la atenci\u00f3n se centr\u00f3 en su elegante y moderna chaqueta.<\/p>\n<p>Sali\u00f3 con la impresionante gabardina Fairfax and Favor en color canela. Si quieres conseguir su aspecto exacto, puedes <span style=\"text-decoration: underline;\"><strong>C\u00f3mprelo aqu\u00ed ahora por \u00a3 625.<\/strong><\/span><\/p>\n<p>El director creativo lo describe como: \u00abEste modelo de gamuza ultraelegante es la \u00faltima palabra en abrigos para ocasiones especiales, pero es una adici\u00f3n igualmente elegante a su l\u00ednea informal\u00bb. Marcus Fairfax Fountaine y Felix Favor Parker fundaron la marca Britsh en 2013 y ha ido viento en popa.<\/p>\n<\/div>\n<div>\n<p>Sin embargo, si no busca gastar dinero pero desea recrear su apariencia con un presupuesto limitado, Express.co.uk lo tiene cubierto.<\/p>\n<\/div>\n<div>\n<p>La gabardina NastyGal Essentials es una aut\u00e9ntica ganga y no querr\u00e1s perderte esta gran oferta en Debenhams.<\/p>\n<p><span style=\"text-decoration: underline;\"><strong>Puedes comprarlo aqu\u00ed ahora por s\u00f3lo \u00a319<\/strong><\/span>  &#8211; Esto significa que obtienes m\u00e1s del 80% de descuento en esta compra. Originalmente costaba \u00a3 95, pero se ahorrar\u00e1 \u00a3 76 en total.<\/p>\n<p>Los tama\u00f1os var\u00edan desde el 4 hasta el 18, pero est\u00e1 volando de los estantes, as\u00ed que debes ser r\u00e1pido: presenta un impresionante color camel con botones grandes de color marr\u00f3n oscuro. <\/p>\n<\/div>\n<div>\n<p>Los fan\u00e1ticos se volvieron locos con su apariencia, ya que las gabardinas son un cl\u00e1sico atemporal que se puede usar a\u00f1o tras a\u00f1o. Muchas de las protagonistas de la Familia Real han salido vistiendo estilos similares a los de Zara. <\/p>\n<p>En X, anteriormente conocido como Twitter, un usuario escribi\u00f3: \u00ab\u00a1\u00a1\u00a1Ese abrigo!!!!!! Es hermoso\u00bb. Un segundo a\u00f1adi\u00f3: \u00abMe encanta el abrigo nuevo\u00bb. \u00abZara rara vez da un paso en falso. Siempre con un estilo impecable\u00bb, a\u00f1ade una tercera persona.<\/p>\n<p>Mientras que otro estuvo de acuerdo diciendo: \u00abElla siempre se ve tan c\u00f3moda y elegante, ese abrigo es simplemente \u00a1GUAU!\u00bb.<\/p>\n<\/div>\n<div>\n<p>Sin embargo, si buscas un dise\u00f1o que te mantenga abrigado pero te gustar\u00eda mantener tus gastos dentro de un presupuesto ajustado, dir\u00edgete a ASOS.<\/p>\n<p>Actualmente tienen en stock el abrigo extragrande de tacto suave de Stradivarius en color camel que cuesta \u00a3 59,99 y <span style=\"text-decoration: underline;\"><strong>Puedes comprarlo aqu\u00ed ahora si haces clic en este enlace.<\/strong><\/span>.<\/p>\n<p>Aunque, si el tono bronceado no es tu color favorito y prefieres darle un toque atrevido a tu guardarropa de invierno, \u00bfpor qu\u00e9 no elegirlo en color rojo? <span style=\"text-decoration: underline;\"><strong>haciendo clic aqu\u00ed<\/strong><\/span>. <\/p>\n<p>Alternativamente, tambi\u00e9n lo venden en un color beige m\u00e1s claro que <span style=\"text-decoration: underline;\"><strong>puedes comprar aqu\u00ed ahora<\/strong><\/span>.<\/p>\n<\/div>\n\n","protected":false},"excerpt":{"rendered":"<p>Zara Tindall cautiv\u00f3 a los fan\u00e1ticos despu\u00e9s de usar un atuendo espectacular durante el fin de semana. La mujer de 43 a\u00f1os luc\u00eda elegante y con clase mientras vest\u00eda un conjunto de dise\u00f1ador que cost\u00f3 miles de d\u00f3lares. La hija de la princesa Ana asisti\u00f3 el viernes a la reuni\u00f3n navide\u00f1a en el hip\u00f3dromo de &hellip;<\/p>\n","protected":false},"author":1,"featured_media":6893,"comment_status":"open","ping_status":"open","sticky":false,"template":"","format":"standard","meta":{"fifu_image_url":"https:\/\/cdn.images.express.co.uk\/img\/dynamic\/106\/1200x630\/5836475.jpg","fifu_image_alt":"","footnotes":""},"categories":[763],"tags":[],"class_list":["post-6892","post","type-post","status-publish","format-standard","has-post-thumbnail","","category-estilo-de-vida"],"_links":{"self":[{"href":"https:\/\/noticiasveraces.com\/index.php?rest_route=\/wp\/v2\/posts\/6892","targetHints":{"allow":["GET"]}}],"collection":[{"href":"https:\/\/noticiasveraces.com\/index.php?rest_route=\/wp\/v2\/posts"}],"about":[{"href":"https:\/\/noticiasveraces.com\/index.php?rest_route=\/wp\/v2\/types\/post"}],"author":[{"embeddable":true,"href":"https:\/\/noticiasveraces.com\/index.php?rest_route=\/wp\/v2\/users\/1"}],"replies":[{"embeddable":true,"href":"https:\/\/noticiasveraces.com\/index.php?rest_route=%2Fwp%2Fv2%2Fcomments&post=6892"}],"version-history":[{"count":0,"href":"https:\/\/noticiasveraces.com\/index.php?rest_route=\/wp\/v2\/posts\/6892\/revisions"}],"wp:featuredmedia":[{"embeddable":true,"href":"https:\/\/noticiasveraces.com\/index.php?rest_route=\/wp\/v2\/media\/6893"}],"wp:attachment":[{"href":"https:\/\/noticiasveraces.com\/index.php?rest_route=%2Fwp%2Fv2%2Fmedia&parent=6892"}],"wp:term":[{"taxonomy":"category","embeddable":true,"href":"https:\/\/noticiasveraces.com\/index.php?rest_route=%2Fwp%2Fv2%2Fcategories&post=6892"},{"taxonomy":"post_tag","embeddable":true,"href":"https:\/\/noticiasveraces.com\/index.php?rest_route=%2Fwp%2Fv2%2Ftags&post=6892"}],"curies":[{"name":"wp","href":"https:\/\/api.w.org\/{rel}","templated":true}]}}