{"id":6883,"date":"2024-12-18T09:40:14","date_gmt":"2024-12-18T13:40:14","guid":{"rendered":"https:\/\/noticiasveraces.com\/?p=6883"},"modified":"2024-12-18T09:40:14","modified_gmt":"2024-12-18T13:40:14","slug":"las-tensiones-entre-israel-y-turquia-aumentan-por-siria-es-hora-de-prestar-atencion","status":"publish","type":"post","link":"https:\/\/noticiasveraces.com\/?p=6883","title":{"rendered":"Las tensiones entre Israel y Turqu\u00eda aumentan por Siria: &#8216;es hora de prestar atenci\u00f3n&#8217;"},"content":{"rendered":"<p> \n<\/p>\n<div>\n<div class=\"article-gating gated-overlay\">\n<div class=\"article-gating-wrapper\">\n<p>\u00danase a Fox News para acceder a este contenido<\/p>\n<p>Adem\u00e1s, acceso especial a art\u00edculos seleccionados y otro contenido premium con su cuenta, sin cargo.<\/p>\n<div class=\"article-gating-legal tablet-desktop\">Al ingresar su correo electr\u00f3nico y presionar Continuar, acepta los T\u00e9rminos de uso y la Pol\u00edtica de privacidad de Fox News, que incluye nuestro Aviso de incentivo financiero.\n    <\/div>\n<p><span>Por favor, introduce una direcci\u00f3n de correo electr\u00f3nico v\u00e1lida.<\/span><\/p>\n<footer class=\"article-gating-footer\">\u00bfTienes problemas? Haga clic aqu\u00ed.<\/footer>\n<\/div>\n<\/div>\n<p class=\"speakable\">Israel rechaz\u00f3 las acusaciones turcas el martes tras la condena de Ankara a las acciones militares israel\u00edes en Siria, mientras Turqu\u00eda intensifica sus propias operaciones en el pa\u00eds devastado por la guerra. Las crecientes tensiones han profundizado la brecha entre las dos naciones y han generado preocupaciones sobre la estabilidad regional y el destino de las fuerzas kurdas respaldadas por Estados Unidos que luchan contra ISIS.<\/p>\n<p class=\"speakable\">El lunes, el Ministerio de Asuntos Exteriores turco critic\u00f3 a Israel por ampliar los asentamientos en los Altos del Gol\u00e1n, calific\u00e1ndolo de parte de la \u00abexpansi\u00f3n de las fronteras mediante la ocupaci\u00f3n\u00bb de Israel. Turqu\u00eda inst\u00f3 a Israel a cumplir con el Acuerdo de Separaci\u00f3n de 1974, que estableci\u00f3 un alto el fuego entre Israel y Siria.<\/p>\n<p>Sin embargo, el primer ministro israel\u00ed, Benjam\u00edn Netanyahu, declar\u00f3 nulo el acuerdo, argumentando que ya no se aplicaba despu\u00e9s de que las fuerzas leales al presidente sirio Bashar al-Assad abandonaran sus posiciones en el lado sirio durante la guerra civil del pa\u00eds. Netanyahu ha descrito los Altos del Gol\u00e1n como un amortiguador de seguridad vital y parte integral de la estrategia de defensa de Israel contra Ir\u00e1n y Hezbollah, que operan en Siria.<\/p>\n<p><strong>TRUMP DICE QUE TURQU\u00cdA &#8216;Hizo UNA TOMA DE PODER NO AMIGABLE&#8217; EN SIRIA MIENTRAS EL ALTO EL FUEGO MEDIADO POR ESTADOS UNIDOS PARECE FALLAR<\/strong><\/p>\n<div class=\"image-ct inline\">\n<div class=\"m\"><picture><source media=\"(max-width: 767px)\" srcset=\"https:\/\/a57.foxnews.com\/static.foxnews.com\/foxnews.com\/content\/uploads\/2024\/12\/343\/192\/whatsapp-image-2024-12-17-at-19.22.15-1.jpeg?ve=1&amp;tl=1, https:\/\/a57.foxnews.com\/static.foxnews.com\/foxnews.com\/content\/uploads\/2024\/12\/686\/384\/whatsapp-image-2024-12-17-at-19.22.15-1.jpeg?ve=1&amp;tl=1 2x\" height=\"192\" width=\"343\"><source media=\"(min-width: 768px) and (max-width: 1023px)\" srcset=\"https:\/\/a57.foxnews.com\/static.foxnews.com\/foxnews.com\/content\/uploads\/2024\/12\/672\/378\/whatsapp-image-2024-12-17-at-19.22.15-1.jpeg?ve=1&amp;tl=1, https:\/\/a57.foxnews.com\/static.foxnews.com\/foxnews.com\/content\/uploads\/2024\/12\/1344\/756\/whatsapp-image-2024-12-17-at-19.22.15-1.jpeg?ve=1&amp;tl=1 2x\" height=\"378\" width=\"672\"><source media=\"(min-width: 1024px) and (max-width: 1279px)\" srcset=\"https:\/\/a57.foxnews.com\/static.foxnews.com\/foxnews.com\/content\/uploads\/2024\/12\/931\/523\/whatsapp-image-2024-12-17-at-19.22.15-1.jpeg?ve=1&amp;tl=1, https:\/\/a57.foxnews.com\/static.foxnews.com\/foxnews.com\/content\/uploads\/2024\/12\/1862\/1046\/whatsapp-image-2024-12-17-at-19.22.15-1.jpeg?ve=1&amp;tl=1 2x\" height=\"523\" width=\"931\"><source media=\"(min-width: 1280px)\" srcset=\"https:\/\/a57.foxnews.com\/static.foxnews.com\/foxnews.com\/content\/uploads\/2024\/12\/720\/405\/whatsapp-image-2024-12-17-at-19.22.15-1.jpeg?ve=1&amp;tl=1, https:\/\/a57.foxnews.com\/static.foxnews.com\/foxnews.com\/content\/uploads\/2024\/12\/1440\/810\/whatsapp-image-2024-12-17-at-19.22.15-1.jpeg?ve=1&amp;tl=1 2x\" height=\"405\" width=\"720\"><img loading=\"lazy\" decoding=\"async\" src=\"https:\/\/a57.foxnews.com\/static.foxnews.com\/foxnews.com\/content\/uploads\/2024\/12\/1200\/675\/whatsapp-image-2024-12-17-at-19.22.15-1.jpeg?ve=1&amp;tl=1\" alt=\"El primer ministro Benjam\u00edn Netanyahu se reuni\u00f3 el martes en Monte Herm\u00f3n con el ministro de Defensa, Israel Katz, el jefe de Estado Mayor, el teniente coronel Herzi Halevi, el comandante del Comando Norte, mayor general Uri Gordin, y el jefe del Shin Bet, Ronen Bar.\" width=\"1200\" height=\"675\"\/><\/source><\/source><\/source><\/source><\/picture><\/div>\n<div class=\"info\">\n<div class=\"caption\">\n<p><span>El primer ministro Benjam\u00edn Netanyahu se reuni\u00f3 el martes en Monte Herm\u00f3n con el ministro de Defensa, Israel Katz, el jefe de Estado Mayor, el teniente coronel Herzi Halevi, el comandante del Comando Norte, mayor general Uri Gordin, y el jefe del Shin Bet, Ronen Bar.<\/span> <span>(FDI)<\/span><\/p>\n<\/div>\n<\/div>\n<\/div>\n<p>El martes, el Ministerio de Asuntos Exteriores de Israel emiti\u00f3 una respuesta sobre X. \u00abTurqu\u00eda ha invadido sistem\u00e1ticamente el territorio sirio&#8230; Aproximadamente el 15% del territorio de Siria est\u00e1 bajo control respaldado por Turqu\u00eda. En estas zonas, se utiliza la moneda turca y el banco turco han estado funcionando sucursales y servicios postales.<\/p>\n<p>\u00abAdem\u00e1s, el ej\u00e9rcito turco bombardea la infraestructura en la regi\u00f3n aut\u00f3noma del noreste de Siria utilizando aviones y veh\u00edculos a\u00e9reos no tripulados. Turqu\u00eda apoya a las fuerzas yihadistas que operan contra los kurdos en Siria. El \u00faltimo pa\u00eds que puede hablar de ocupaci\u00f3n en Siria es Turqu\u00eda\u2026 No hay justificaci\u00f3n para los turcos. agresi\u00f3n y violencia contra los kurdos en Siria!\u00bb<\/p>\n<div class=\"image-ct inline\">\n<div class=\"m\"><picture><source media=\"(max-width: 767px)\" srcset=\"https:\/\/a57.foxnews.com\/static.foxnews.com\/foxnews.com\/content\/uploads\/2024\/12\/343\/192\/idf-golan.jpeg?ve=1&amp;tl=1, https:\/\/a57.foxnews.com\/static.foxnews.com\/foxnews.com\/content\/uploads\/2024\/12\/686\/384\/idf-golan.jpeg?ve=1&amp;tl=1 2x\" height=\"192\" width=\"343\"><source media=\"(min-width: 768px) and (max-width: 1023px)\" srcset=\"https:\/\/a57.foxnews.com\/static.foxnews.com\/foxnews.com\/content\/uploads\/2024\/12\/672\/378\/idf-golan.jpeg?ve=1&amp;tl=1, https:\/\/a57.foxnews.com\/static.foxnews.com\/foxnews.com\/content\/uploads\/2024\/12\/1344\/756\/idf-golan.jpeg?ve=1&amp;tl=1 2x\" height=\"378\" width=\"672\"><source media=\"(min-width: 1024px) and (max-width: 1279px)\" srcset=\"https:\/\/a57.foxnews.com\/static.foxnews.com\/foxnews.com\/content\/uploads\/2024\/12\/931\/523\/idf-golan.jpeg?ve=1&amp;tl=1, https:\/\/a57.foxnews.com\/static.foxnews.com\/foxnews.com\/content\/uploads\/2024\/12\/1862\/1046\/idf-golan.jpeg?ve=1&amp;tl=1 2x\" height=\"523\" width=\"931\"><source media=\"(min-width: 1280px)\" srcset=\"https:\/\/a57.foxnews.com\/static.foxnews.com\/foxnews.com\/content\/uploads\/2024\/12\/720\/405\/idf-golan.jpeg?ve=1&amp;tl=1, https:\/\/a57.foxnews.com\/static.foxnews.com\/foxnews.com\/content\/uploads\/2024\/12\/1440\/810\/idf-golan.jpeg?ve=1&amp;tl=1 2x\" height=\"405\" width=\"720\"><img loading=\"lazy\" decoding=\"async\" src=\"https:\/\/a57.foxnews.com\/static.foxnews.com\/foxnews.com\/content\/uploads\/2024\/12\/1200\/675\/idf-golan.jpeg?ve=1&amp;tl=1\" alt=\"Las Fuerzas de Defensa de Israel anunciaron que estaban reforzando su frontera con Siria en los Altos del Gol\u00e1n tras los acontecimientos en Siria.\" width=\"1200\" height=\"675\"\/><\/source><\/source><\/source><\/source><\/picture><\/div>\n<div class=\"info\">\n<div class=\"caption\">\n<p><span>Las Fuerzas de Defensa de Israel anunciaron que estaban reforzando su frontera con Siria en los Altos del Gol\u00e1n tras los acontecimientos en Siria.<\/span> <span>(Unidad del Portavoz de las FDI).<\/span><\/p>\n<\/div>\n<\/div>\n<\/div>\n<p>El intercambio inusualmente intenso refleja un nuevo punto bajo en las relaciones bilaterales, seg\u00fan Gallia Lindenstrauss, investigadora principal del Instituto de Estudios de Seguridad Nacional. \u00abLas relaciones entre Israel y Turqu\u00eda est\u00e1n ahora en su punto m\u00e1s bajo en d\u00e9cadas\u00bb, dijo a Fox News Digital. \u00abEn mayo, Turqu\u00eda impuso una prohibici\u00f3n comercial total a Israel, cortando todos los v\u00ednculos directos. Esto no tiene precedentes para los pa\u00edses que mantienen relaciones diplom\u00e1ticas\u00bb.<\/p>\n<p>La ret\u00f3rica del presidente turco, Recep Tayyip Erdo\u011fan, ha empeorado a\u00fan m\u00e1s los lazos. Su apoyo a Ham\u00e1s, que llev\u00f3 a cabo el ataque del 7 de octubre contra Israel, y sus acusaciones de \u00abgenocidio\u00bb en Gaza han provocado la ira israel\u00ed. \u00abDebemos ser muy fuertes para que Israel no pueda hacer estas cosas rid\u00edculas a Palestina\u00bb, dijo Erdo\u011fan en julio. \u00abAs\u00ed como entramos en Karabaj, as\u00ed como entramos en Libia, podr\u00edamos hacer lo mismo que ellos\u00bb.<\/p>\n<p><strong>EL PRINCIPAL ALIADO DE ESTADOS UNIDOS, EL COMANDANTE DE LAS SDF EN SIRIA ADVIERTE SOBRE EL REGRESO DE ISIS SI LOS ATAQUES A\u00c9REOS TURCOS NO SE DETIENEN<\/strong><\/p>\n<div class=\"image-ct inline\">\n<div class=\"m\"><picture><source media=\"(max-width: 767px)\" srcset=\"https:\/\/a57.foxnews.com\/static.foxnews.com\/foxnews.com\/content\/uploads\/2023\/10\/343\/192\/Erdogan.jpg?ve=1&amp;tl=1, https:\/\/a57.foxnews.com\/static.foxnews.com\/foxnews.com\/content\/uploads\/2023\/10\/686\/384\/Erdogan.jpg?ve=1&amp;tl=1 2x\" height=\"192\" width=\"343\"><source media=\"(min-width: 768px) and (max-width: 1023px)\" srcset=\"https:\/\/a57.foxnews.com\/static.foxnews.com\/foxnews.com\/content\/uploads\/2023\/10\/672\/378\/Erdogan.jpg?ve=1&amp;tl=1, https:\/\/a57.foxnews.com\/static.foxnews.com\/foxnews.com\/content\/uploads\/2023\/10\/1344\/756\/Erdogan.jpg?ve=1&amp;tl=1 2x\" height=\"378\" width=\"672\"><source media=\"(min-width: 1024px) and (max-width: 1279px)\" srcset=\"https:\/\/a57.foxnews.com\/static.foxnews.com\/foxnews.com\/content\/uploads\/2023\/10\/931\/523\/Erdogan.jpg?ve=1&amp;tl=1, https:\/\/a57.foxnews.com\/static.foxnews.com\/foxnews.com\/content\/uploads\/2023\/10\/1862\/1046\/Erdogan.jpg?ve=1&amp;tl=1 2x\" height=\"523\" width=\"931\"><source media=\"(min-width: 1280px)\" srcset=\"https:\/\/a57.foxnews.com\/static.foxnews.com\/foxnews.com\/content\/uploads\/2023\/10\/720\/405\/Erdogan.jpg?ve=1&amp;tl=1, https:\/\/a57.foxnews.com\/static.foxnews.com\/foxnews.com\/content\/uploads\/2023\/10\/1440\/810\/Erdogan.jpg?ve=1&amp;tl=1 2x\" height=\"405\" width=\"720\"><img loading=\"lazy\" decoding=\"async\" src=\"https:\/\/a57.foxnews.com\/static.foxnews.com\/foxnews.com\/content\/uploads\/2023\/10\/1200\/675\/Erdogan.jpg?ve=1&amp;tl=1\" alt=\"Manifestaci\u00f3n de Erdogan en Turqu\u00eda\" width=\"1200\" height=\"675\"\/><\/source><\/source><\/source><\/source><\/picture><\/div>\n<div class=\"info\">\n<div class=\"caption\">\n<p><span>El presidente turco, Recep Tayyip Erdo\u011fan, habla a los asistentes durante una manifestaci\u00f3n para mostrar su solidaridad con los palestinos, en Estambul el s\u00e1bado 28 de octubre.<\/span> <span>(AP\/Emrah Gurel)<\/span><\/p>\n<\/div>\n<\/div>\n<\/div>\n<p>Erdo\u011fan tambi\u00e9n ha instado a las naciones isl\u00e1micas a unirse contra Israel, calific\u00e1ndolo de \u00abla amenaza m\u00e1s concreta a la paz regional y global\u00bb. Lindenstrauss destac\u00f3 el apoyo de Turqu\u00eda a Ham\u00e1s como una importante fuente de tensi\u00f3n. \u00abTurqu\u00eda respalda a Hamas y quiere que Hamas siga al mando en Gaza despu\u00e9s de la guerra\u00bb, explic\u00f3.<\/p>\n<p>Israel sigue cada vez m\u00e1s preocupado por el fortalecimiento militar de Turqu\u00eda en el norte de Siria. Lindenstrauss afirm\u00f3 que las ambiciones de Ankara est\u00e1n creciendo. \u00abTurqu\u00eda ha tenido el control de las zonas del norte y ha apoyado a los rebeldes contra Assad\u00bb, dijo. \u00abLa pregunta ahora es si la influencia de Turqu\u00eda se extender\u00e1 m\u00e1s al sur, posicionando a Ankara como patrocinadora del r\u00e9gimen emergente\u00bb.<\/p>\n<p>Lindenstrauss destac\u00f3 la dependencia de Turqu\u00eda del respaldo financiero de Qatar, haciendo referencia a la reciente reuni\u00f3n de Erdo\u011fan con el emir de Qatar. \u00abTurqu\u00eda no puede mantener su influencia en Siria por s\u00ed sola\u00bb, afirm\u00f3. \u00abNecesita la cooperaci\u00f3n de los Estados del Golfo, particularmente de Qatar, Arabia Saudita y los Emiratos \u00c1rabes Unidos, para financiar la reconstrucci\u00f3n de Siria\u00bb.<\/p>\n<p><strong>EE.UU. ADVIERTE A LOS AMERICANOS QUE HUYAN DE SIRIA O SE PREPAREN PARA &#8216;REFUGIARSE EN EL LUGAR POR PER\u00cdODOS EXTENDIDOS&#8217;<\/strong><\/p>\n<div class=\"image-ct inline\">\n<div class=\"m\"><picture><source media=\"(max-width: 767px)\" srcset=\"https:\/\/a57.foxnews.com\/static.foxnews.com\/foxnews.com\/content\/uploads\/2024\/12\/343\/192\/ap24339791707150-scaled.jpg?ve=1&amp;tl=1, https:\/\/a57.foxnews.com\/static.foxnews.com\/foxnews.com\/content\/uploads\/2024\/12\/686\/384\/ap24339791707150-scaled.jpg?ve=1&amp;tl=1 2x\" height=\"192\" width=\"343\"><source media=\"(min-width: 768px) and (max-width: 1023px)\" srcset=\"https:\/\/a57.foxnews.com\/static.foxnews.com\/foxnews.com\/content\/uploads\/2024\/12\/672\/378\/ap24339791707150-scaled.jpg?ve=1&amp;tl=1, https:\/\/a57.foxnews.com\/static.foxnews.com\/foxnews.com\/content\/uploads\/2024\/12\/1344\/756\/ap24339791707150-scaled.jpg?ve=1&amp;tl=1 2x\" height=\"378\" width=\"672\"><source media=\"(min-width: 1024px) and (max-width: 1279px)\" srcset=\"https:\/\/a57.foxnews.com\/static.foxnews.com\/foxnews.com\/content\/uploads\/2024\/12\/931\/523\/ap24339791707150-scaled.jpg?ve=1&amp;tl=1, https:\/\/a57.foxnews.com\/static.foxnews.com\/foxnews.com\/content\/uploads\/2024\/12\/1862\/1046\/ap24339791707150-scaled.jpg?ve=1&amp;tl=1 2x\" height=\"523\" width=\"931\"><source media=\"(min-width: 1280px)\" srcset=\"https:\/\/a57.foxnews.com\/static.foxnews.com\/foxnews.com\/content\/uploads\/2024\/12\/720\/405\/ap24339791707150-scaled.jpg?ve=1&amp;tl=1, https:\/\/a57.foxnews.com\/static.foxnews.com\/foxnews.com\/content\/uploads\/2024\/12\/1440\/810\/ap24339791707150-scaled.jpg?ve=1&amp;tl=1 2x\" height=\"405\" width=\"720\"><img loading=\"lazy\" decoding=\"async\" src=\"https:\/\/a57.foxnews.com\/static.foxnews.com\/foxnews.com\/content\/uploads\/2024\/12\/1200\/675\/ap24339791707150-scaled.jpg?ve=1&amp;tl=1\" alt=\"Los rebeldes en el noroeste de Siria se apoderaron de veh\u00edculos militares pertenecientes al r\u00e9gimen a lo largo de la ruta hacia el aeropuerto de Kweris en el campo oriental de Alepo el 2 de diciembre de 2024.\" width=\"1200\" height=\"675\"\/><\/source><\/source><\/source><\/source><\/picture><\/div>\n<div class=\"info\">\n<div class=\"caption\">\n<p><span>Los rebeldes en el noroeste de Siria se apoderaron de veh\u00edculos militares pertenecientes al r\u00e9gimen a lo largo de la ruta hacia el aeropuerto de Kweris en el campo oriental de Alepo el 2 de diciembre de 2024.<\/span> <span>(Rami Alsayed\/NurPhoto v\u00eda APRami Alsayed\/NurPhoto v\u00eda AP)<\/span><\/p>\n<\/div>\n<\/div>\n<\/div>\n<p>El foco de Turqu\u00eda sigue siendo desmantelar el control kurdo en el norte de Siria, particularmente alrededor de Kobani, una ciudad simb\u00f3lica para los kurdos. La estrategia actual de Ankara recuerda su invasi\u00f3n de 2019, que desplaz\u00f3 a cientos de miles de civiles.<\/p>\n<p>\u00abLos kurdos controlan las prisiones que albergan a miles de combatientes del ISIS\u00bb, dijo Lindenstrauss. \u00abEstas prisiones son fundamentales para Estados Unidos, Israel y Occidente. Debilitar el control kurdo corre el riesgo de desestabilizar la regi\u00f3n y un resurgimiento de ISIS\u00bb.<\/p>\n<p><strong>HAGA CLIC AQU\u00cd PARA OBTENER LA APLICACI\u00d3N FOX NEWS<\/strong><strong> <\/strong><\/p>\n<div class=\"image-ct inline\">\n<div class=\"m\"><picture><source media=\"(max-width: 767px)\" srcset=\"https:\/\/a57.foxnews.com\/static.foxnews.com\/foxnews.com\/content\/uploads\/2024\/12\/343\/192\/ap24339595941472-scaled.jpg?ve=1&amp;tl=1, https:\/\/a57.foxnews.com\/static.foxnews.com\/foxnews.com\/content\/uploads\/2024\/12\/686\/384\/ap24339595941472-scaled.jpg?ve=1&amp;tl=1 2x\" height=\"192\" width=\"343\"><source media=\"(min-width: 768px) and (max-width: 1023px)\" srcset=\"https:\/\/a57.foxnews.com\/static.foxnews.com\/foxnews.com\/content\/uploads\/2024\/12\/672\/378\/ap24339595941472-scaled.jpg?ve=1&amp;tl=1, https:\/\/a57.foxnews.com\/static.foxnews.com\/foxnews.com\/content\/uploads\/2024\/12\/1344\/756\/ap24339595941472-scaled.jpg?ve=1&amp;tl=1 2x\" height=\"378\" width=\"672\"><source media=\"(min-width: 1024px) and (max-width: 1279px)\" srcset=\"https:\/\/a57.foxnews.com\/static.foxnews.com\/foxnews.com\/content\/uploads\/2024\/12\/931\/523\/ap24339595941472-scaled.jpg?ve=1&amp;tl=1, https:\/\/a57.foxnews.com\/static.foxnews.com\/foxnews.com\/content\/uploads\/2024\/12\/1862\/1046\/ap24339595941472-scaled.jpg?ve=1&amp;tl=1 2x\" height=\"523\" width=\"931\"><source media=\"(min-width: 1280px)\" srcset=\"https:\/\/a57.foxnews.com\/static.foxnews.com\/foxnews.com\/content\/uploads\/2024\/12\/720\/405\/ap24339595941472-scaled.jpg?ve=1&amp;tl=1, https:\/\/a57.foxnews.com\/static.foxnews.com\/foxnews.com\/content\/uploads\/2024\/12\/1440\/810\/ap24339595941472-scaled.jpg?ve=1&amp;tl=1 2x\" height=\"405\" width=\"720\"><img loading=\"lazy\" decoding=\"async\" src=\"https:\/\/a57.foxnews.com\/static.foxnews.com\/foxnews.com\/content\/uploads\/2024\/12\/1200\/675\/ap24339595941472-scaled.jpg?ve=1&amp;tl=1\" alt=\"Los kurdos desplazados abandonan el campo de refugiados en el norte de Alepo y huyen a Afrin el 4 de diciembre de 2024.\" width=\"1200\" height=\"675\"\/><\/source><\/source><\/source><\/source><\/picture><\/div>\n<div class=\"info\">\n<div class=\"caption\">\n<p><span>Los kurdos desplazados abandonan el campo de refugiados en el norte de Alepo y huyen a Afrin el 4 de diciembre de 2024.<\/span> <span>(Ugur Yildirim\/DIA Images\/Abaca\/Sipa USA(Sipa v\u00eda AP Images)<\/span><\/p>\n<\/div>\n<\/div>\n<\/div>\n<p>A medida que Turqu\u00eda profundiza su presencia en Siria, los analistas advierten que los enfrentamientos con Israel podr\u00edan volverse inevitables. El Dr. Hay Eytan Cohen Yanarocak, del Centro Moshe Dayan de la Universidad de Tel Aviv, estableci\u00f3 paralelismos con las intervenciones de Turqu\u00eda en Libia y Azerbaiy\u00e1n. \u00abSi las fuerzas turcas se acercan a las operaciones israel\u00edes o a sus aliados, el riesgo de enfrentamientos no deseados aumentar\u00e1 dram\u00e1ticamente\u00bb, dijo a la agencia de noticias TPS-IL.<\/p>\n<p>A pesar de la dura ret\u00f3rica, los expertos sostienen que ambos pa\u00edses comparten el inter\u00e9s de evitar un conflicto directo. \u00abLos principales intereses de Turqu\u00eda est\u00e1n en el norte de Siria, mientras que Israel se centra en el sur\u00bb, dijo Lindenstrauss. \u00abIsrael y Turqu\u00eda lograron establecer canales de desconflicto con Rusia en Siria para evitar fricciones. Mecanismos similares ser\u00e1n necesarios aqu\u00ed, incluso si operan silenciosamente\u00bb.<\/p>\n<p>Yanarocak advirti\u00f3 sobre riesgos crecientes. \u00abEl cielo es el l\u00edmite de hasta qu\u00e9 punto esta situaci\u00f3n podr\u00eda deteriorarse\u00bb, afirm\u00f3. \u00abEs hora de prestar atenci\u00f3n\u00bb.<\/p>\n<\/div>\n\n","protected":false},"excerpt":{"rendered":"<p>\u00danase a Fox News para acceder a este contenido Adem\u00e1s, acceso especial a art\u00edculos seleccionados y otro contenido premium con su cuenta, sin cargo. Al ingresar su correo electr\u00f3nico y presionar Continuar, acepta los T\u00e9rminos de uso y la Pol\u00edtica de privacidad de Fox News, que incluye nuestro Aviso de incentivo financiero. Por favor, introduce &hellip;<\/p>\n","protected":false},"author":1,"featured_media":6885,"comment_status":"open","ping_status":"open","sticky":false,"template":"","format":"standard","meta":{"fifu_image_url":"https:\/\/static.foxnews.com\/foxnews.com\/content\/uploads\/2024\/05\/netanyahu-erdogan.jpg","fifu_image_alt":"","footnotes":""},"categories":[13],"tags":[],"class_list":["post-6883","post","type-post","status-publish","format-standard","has-post-thumbnail","","category-mundo"],"_links":{"self":[{"href":"https:\/\/noticiasveraces.com\/index.php?rest_route=\/wp\/v2\/posts\/6883","targetHints":{"allow":["GET"]}}],"collection":[{"href":"https:\/\/noticiasveraces.com\/index.php?rest_route=\/wp\/v2\/posts"}],"about":[{"href":"https:\/\/noticiasveraces.com\/index.php?rest_route=\/wp\/v2\/types\/post"}],"author":[{"embeddable":true,"href":"https:\/\/noticiasveraces.com\/index.php?rest_route=\/wp\/v2\/users\/1"}],"replies":[{"embeddable":true,"href":"https:\/\/noticiasveraces.com\/index.php?rest_route=%2Fwp%2Fv2%2Fcomments&post=6883"}],"version-history":[{"count":0,"href":"https:\/\/noticiasveraces.com\/index.php?rest_route=\/wp\/v2\/posts\/6883\/revisions"}],"wp:featuredmedia":[{"embeddable":true,"href":"https:\/\/noticiasveraces.com\/index.php?rest_route=\/wp\/v2\/media\/6885"}],"wp:attachment":[{"href":"https:\/\/noticiasveraces.com\/index.php?rest_route=%2Fwp%2Fv2%2Fmedia&parent=6883"}],"wp:term":[{"taxonomy":"category","embeddable":true,"href":"https:\/\/noticiasveraces.com\/index.php?rest_route=%2Fwp%2Fv2%2Fcategories&post=6883"},{"taxonomy":"post_tag","embeddable":true,"href":"https:\/\/noticiasveraces.com\/index.php?rest_route=%2Fwp%2Fv2%2Ftags&post=6883"}],"curies":[{"name":"wp","href":"https:\/\/api.w.org\/{rel}","templated":true}]}}