{"id":6880,"date":"2024-12-18T08:33:45","date_gmt":"2024-12-18T12:33:45","guid":{"rendered":"https:\/\/noticiasveraces.com\/?p=6880"},"modified":"2024-12-18T08:33:45","modified_gmt":"2024-12-18T12:33:45","slug":"antes-de-los-adornos-los-arboles-de-navidad-estaban-cubiertos-de-adornos-comestibles-como-manzanas","status":"publish","type":"post","link":"https:\/\/noticiasveraces.com\/?p=6880","title":{"rendered":"Antes de los adornos, los \u00e1rboles de Navidad estaban cubiertos de adornos comestibles como manzanas."},"content":{"rendered":"<p> \n<\/p>\n<div>\n<p class=\"speakable\">La elecci\u00f3n y decoraci\u00f3n de un \u00e1rbol de Navidad para exhibir durante la temporada navide\u00f1a es una tradici\u00f3n querida con una larga historia. <\/p>\n<p class=\"speakable\">Hoy en d\u00eda, los \u00e1rboles de Navidad suelen estar decorados con una variedad de adornos, incluidos adornos de vidrio, creaciones caseras, bastones de caramelo, oropel y luces brillantes, pero no siempre fue as\u00ed. Hubo un momento en la historia en el que los \u00e1rboles de Navidad se adornaban con elementos comestibles, incluidas manzanas, para conmemorar la fiesta de Ad\u00e1n y Eva el 24 de diciembre. <\/p>\n<p>A Alemania se le atribuye el inicio de la tradici\u00f3n del \u00e1rbol de Navidad, seg\u00fan History.com, con registros del siglo XVI que hablan de cristianos que llevaban \u00e1rboles a sus hogares para la festividad. <\/p>\n<div class=\"image-ct inline\">\n<div class=\"m\"><picture><source media=\"(max-width: 767px)\" srcset=\"https:\/\/a57.foxnews.com\/static.foxnews.com\/foxnews.com\/content\/uploads\/2023\/12\/343\/192\/christmas-tree-decorating.jpg?ve=1&amp;tl=1, https:\/\/a57.foxnews.com\/static.foxnews.com\/foxnews.com\/content\/uploads\/2023\/12\/686\/384\/christmas-tree-decorating.jpg?ve=1&amp;tl=1 2x\" height=\"192\" width=\"343\"><source media=\"(min-width: 768px) and (max-width: 1023px)\" srcset=\"https:\/\/a57.foxnews.com\/static.foxnews.com\/foxnews.com\/content\/uploads\/2023\/12\/672\/378\/christmas-tree-decorating.jpg?ve=1&amp;tl=1, https:\/\/a57.foxnews.com\/static.foxnews.com\/foxnews.com\/content\/uploads\/2023\/12\/1344\/756\/christmas-tree-decorating.jpg?ve=1&amp;tl=1 2x\" height=\"378\" width=\"672\"><source media=\"(min-width: 1024px) and (max-width: 1279px)\" srcset=\"https:\/\/a57.foxnews.com\/static.foxnews.com\/foxnews.com\/content\/uploads\/2023\/12\/931\/523\/christmas-tree-decorating.jpg?ve=1&amp;tl=1, https:\/\/a57.foxnews.com\/static.foxnews.com\/foxnews.com\/content\/uploads\/2023\/12\/1862\/1046\/christmas-tree-decorating.jpg?ve=1&amp;tl=1 2x\" height=\"523\" width=\"931\"><source media=\"(min-width: 1280px)\" srcset=\"https:\/\/a57.foxnews.com\/static.foxnews.com\/foxnews.com\/content\/uploads\/2023\/12\/720\/405\/christmas-tree-decorating.jpg?ve=1&amp;tl=1, https:\/\/a57.foxnews.com\/static.foxnews.com\/foxnews.com\/content\/uploads\/2023\/12\/1440\/810\/christmas-tree-decorating.jpg?ve=1&amp;tl=1 2x\" height=\"405\" width=\"720\"><img loading=\"lazy\" decoding=\"async\" src=\"https:\/\/a57.foxnews.com\/static.foxnews.com\/foxnews.com\/content\/uploads\/2023\/12\/1200\/675\/christmas-tree-decorating.jpg?ve=1&amp;tl=1\" alt=\"Padre e hijo decorando un \u00e1rbol de Navidad\" width=\"1200\" height=\"675\"\/><\/source><\/source><\/source><\/source><\/picture><\/div>\n<div class=\"info\">\n<div class=\"caption\">\n<p><span>Los \u00e1rboles de Navidad no siempre estuvieron decorados con una gran variedad de adornos. Durante los primeros d\u00edas del \u00e1rbol de Navidad, estaban cubiertos de manzanas rojas.<\/span> <span>(iStock)<\/span><\/p>\n<\/div>\n<\/div>\n<\/div>\n<p><strong>EL PRESIDENTE FRANKLIN D. ROOSEVELT VENDI\u00d3 \u00c1RBOLES DE NAVIDAD A RESIDENTES LOCALES EN SU PROPIA FINCA EN LA D\u00c9CADA DE 1930<\/strong><\/p>\n<p>El \u00e1rbol de Navidad ha ido evolucionando con el tiempo, sobre todo en la forma en la que est\u00e1 decorado. <\/p>\n<p>En el siglo XVII, era t\u00edpico que un \u00e1rbol de Navidad estuviera decorado con manzanas, seg\u00fan la Asociaci\u00f3n Nacional de \u00c1rboles de Navidad. <\/p>\n<p>La fiesta de Ad\u00e1n y Eva, celebrada el 24 de diciembre, fue honrada con una \u00abObra del Para\u00edso\u00bb, que contaba la historia de Ad\u00e1n y Eva. <\/p>\n<p>La obra presentaba un \u00ab\u00c1rbol del Para\u00edso\u00bb, seg\u00fan el sitio web The Catholic Company, que estaba decorado con manzanas.<\/p>\n<div class=\"image-ct inline\">\n<div class=\"m\"><picture><source media=\"(max-width: 767px)\" srcset=\"https:\/\/a57.foxnews.com\/static.foxnews.com\/foxnews.com\/content\/uploads\/2018\/09\/343\/192\/appleorchard.jpg?ve=1&amp;tl=1, https:\/\/a57.foxnews.com\/static.foxnews.com\/foxnews.com\/content\/uploads\/2018\/09\/686\/384\/appleorchard.jpg?ve=1&amp;tl=1 2x\" height=\"192\" width=\"343\"><source media=\"(min-width: 768px) and (max-width: 1023px)\" srcset=\"https:\/\/a57.foxnews.com\/static.foxnews.com\/foxnews.com\/content\/uploads\/2018\/09\/672\/378\/appleorchard.jpg?ve=1&amp;tl=1, https:\/\/a57.foxnews.com\/static.foxnews.com\/foxnews.com\/content\/uploads\/2018\/09\/1344\/756\/appleorchard.jpg?ve=1&amp;tl=1 2x\" height=\"378\" width=\"672\"><source media=\"(min-width: 1024px) and (max-width: 1279px)\" srcset=\"https:\/\/a57.foxnews.com\/static.foxnews.com\/foxnews.com\/content\/uploads\/2018\/09\/931\/523\/appleorchard.jpg?ve=1&amp;tl=1, https:\/\/a57.foxnews.com\/static.foxnews.com\/foxnews.com\/content\/uploads\/2018\/09\/1862\/1046\/appleorchard.jpg?ve=1&amp;tl=1 2x\" height=\"523\" width=\"931\"><source media=\"(min-width: 1280px)\" srcset=\"https:\/\/a57.foxnews.com\/static.foxnews.com\/foxnews.com\/content\/uploads\/2018\/09\/720\/405\/appleorchard.jpg?ve=1&amp;tl=1, https:\/\/a57.foxnews.com\/static.foxnews.com\/foxnews.com\/content\/uploads\/2018\/09\/1440\/810\/appleorchard.jpg?ve=1&amp;tl=1 2x\" height=\"405\" width=\"720\"><img loading=\"lazy\" decoding=\"async\" src=\"https:\/\/a57.foxnews.com\/static.foxnews.com\/foxnews.com\/content\/uploads\/2018\/09\/1200\/675\/appleorchard.jpg?ve=1&amp;tl=1\" alt=\"Dos jugosas manzanas rojas en una c\u00e1lida tarde de verano.\" width=\"1200\" height=\"675\"\/><\/source><\/source><\/source><\/source><\/picture><\/div>\n<div class=\"info\">\n<div class=\"caption\">\n<p><span>Se colocaron manzanas en el \u00ab\u00c1rbol del Para\u00edso\u00bb utilizado en la obra que cuenta la historia de Ad\u00e1n y Eva.<\/span> <span>(iStock)<\/span><\/p>\n<\/div>\n<\/div>\n<\/div>\n<p><strong>C\u00d3MO DECIR &#8216;FELIZ NAVIDAD&#8217; EN 10 IDIOMAS A AMIGOS DE TODO EL MUNDO<\/strong><\/p>\n<p>En Alemania era popular instalar \u00ab\u00e1rboles del para\u00edso\u00bb en los hogares, seg\u00fan varias fuentes, incluidas Britannica y CatholicProfiles.org. <\/p>\n<p>Luego, en el siglo XVIII, se colgaban puntas de hojas perennes de los techos de las casas, tambi\u00e9n decoradas con manzanas, nueces doradas y tiras de papel rojo, seg\u00fan la Asociaci\u00f3n Nacional de \u00c1rboles de Navidad. <\/p>\n<p>Seg\u00fan la fuente, no fue hasta el siglo XIX que el \u00e1rbol de Navidad lleg\u00f3 a los Estados Unidos gracias a los colonos alemanes. <\/p>\n<div class=\"image-ct inline\">\n<div class=\"m\"><picture><source media=\"(max-width: 767px)\" srcset=\"https:\/\/a57.foxnews.com\/static.foxnews.com\/foxnews.com\/content\/uploads\/2023\/10\/343\/192\/iStock-616219384.jpg?ve=1&amp;tl=1, https:\/\/a57.foxnews.com\/static.foxnews.com\/foxnews.com\/content\/uploads\/2023\/10\/686\/384\/iStock-616219384.jpg?ve=1&amp;tl=1 2x\" height=\"192\" width=\"343\"><source media=\"(min-width: 768px) and (max-width: 1023px)\" srcset=\"https:\/\/a57.foxnews.com\/static.foxnews.com\/foxnews.com\/content\/uploads\/2023\/10\/672\/378\/iStock-616219384.jpg?ve=1&amp;tl=1, https:\/\/a57.foxnews.com\/static.foxnews.com\/foxnews.com\/content\/uploads\/2023\/10\/1344\/756\/iStock-616219384.jpg?ve=1&amp;tl=1 2x\" height=\"378\" width=\"672\"><source media=\"(min-width: 1024px) and (max-width: 1279px)\" srcset=\"https:\/\/a57.foxnews.com\/static.foxnews.com\/foxnews.com\/content\/uploads\/2023\/10\/931\/523\/iStock-616219384.jpg?ve=1&amp;tl=1, https:\/\/a57.foxnews.com\/static.foxnews.com\/foxnews.com\/content\/uploads\/2023\/10\/1862\/1046\/iStock-616219384.jpg?ve=1&amp;tl=1 2x\" height=\"523\" width=\"931\"><source media=\"(min-width: 1280px)\" srcset=\"https:\/\/a57.foxnews.com\/static.foxnews.com\/foxnews.com\/content\/uploads\/2023\/10\/720\/405\/iStock-616219384.jpg?ve=1&amp;tl=1, https:\/\/a57.foxnews.com\/static.foxnews.com\/foxnews.com\/content\/uploads\/2023\/10\/1440\/810\/iStock-616219384.jpg?ve=1&amp;tl=1 2x\" height=\"405\" width=\"720\"><img loading=\"lazy\" decoding=\"async\" src=\"https:\/\/a57.foxnews.com\/static.foxnews.com\/foxnews.com\/content\/uploads\/2023\/10\/1200\/675\/iStock-616219384.jpg?ve=1&amp;tl=1\" alt=\"Ni\u00f1os colgando adornos navide\u00f1os\" width=\"1200\" height=\"675\"\/><\/source><\/source><\/source><\/source><\/picture><\/div>\n<div class=\"info\">\n<div class=\"caption\">\n<p><span>Hoy en d\u00eda, las familias cubren sus \u00e1rboles de Navidad con una variedad de adornos festivos.<\/span> <span>(iStock)<\/span><\/p>\n<\/div>\n<\/div>\n<\/div>\n<p><strong>HAGA CLIC AQU\u00cd PARA OBTENER LA APLICACI\u00d3N FOX NEWS<\/strong> <\/p>\n<p>En ese momento, los \u00e1rboles de Navidad no eran los grandes exhibidores que son ahora, y simplemente estaban colocados encima de una mesa, seg\u00fan la Asociaci\u00f3n Nacional de \u00c1rboles de Navidad. <\/p>\n<p>Luego, a mediados del siglo XIX, los \u00e1rboles comenzaron a venderse comercialmente en los EE. UU. A finales del siglo XIX, los adornos de vidrio se convirtieron en una decoraci\u00f3n com\u00fan para el \u00e1rbol de Navidad, seg\u00fan la Asociaci\u00f3n Nacional de \u00c1rboles de Navidad. <\/p>\n<p>Hoy en d\u00eda, cada familia tiene sus propias tradiciones y preferencias a la hora de decorar el \u00e1rbol de Navidad. <\/p>\n<p>Algunos optan por un dise\u00f1o muy complementario y se ci\u00f1en a uno o dos colores. Otros optan por un arreglo combinado, combinando adornos caseros con otros m\u00e1s cl\u00e1sicos, as\u00ed como luces de colores, cintas y m\u00e1s. <\/p>\n<p> <!----> <\/p>\n<div class=\"article-meta\">\n<div class=\"author-bio\">\n<p>Ashlyn Messier es escritora de Fox News Digital. <\/p>\n<\/div>\n<\/div>\n<\/div>\n\n","protected":false},"excerpt":{"rendered":"<p>La elecci\u00f3n y decoraci\u00f3n de un \u00e1rbol de Navidad para exhibir durante la temporada navide\u00f1a es una tradici\u00f3n querida con una larga historia. Hoy en d\u00eda, los \u00e1rboles de Navidad suelen estar decorados con una variedad de adornos, incluidos adornos de vidrio, creaciones caseras, bastones de caramelo, oropel y luces brillantes, pero no siempre fue &hellip;<\/p>\n","protected":false},"author":1,"featured_media":6882,"comment_status":"open","ping_status":"open","sticky":false,"template":"","format":"standard","meta":{"fifu_image_url":"https:\/\/static.foxnews.com\/foxnews.com\/content\/uploads\/2023\/12\/christmas-tree-decorating.jpg","fifu_image_alt":"","footnotes":""},"categories":[13],"tags":[],"class_list":["post-6880","post","type-post","status-publish","format-standard","has-post-thumbnail","","category-mundo"],"_links":{"self":[{"href":"https:\/\/noticiasveraces.com\/index.php?rest_route=\/wp\/v2\/posts\/6880","targetHints":{"allow":["GET"]}}],"collection":[{"href":"https:\/\/noticiasveraces.com\/index.php?rest_route=\/wp\/v2\/posts"}],"about":[{"href":"https:\/\/noticiasveraces.com\/index.php?rest_route=\/wp\/v2\/types\/post"}],"author":[{"embeddable":true,"href":"https:\/\/noticiasveraces.com\/index.php?rest_route=\/wp\/v2\/users\/1"}],"replies":[{"embeddable":true,"href":"https:\/\/noticiasveraces.com\/index.php?rest_route=%2Fwp%2Fv2%2Fcomments&post=6880"}],"version-history":[{"count":0,"href":"https:\/\/noticiasveraces.com\/index.php?rest_route=\/wp\/v2\/posts\/6880\/revisions"}],"wp:featuredmedia":[{"embeddable":true,"href":"https:\/\/noticiasveraces.com\/index.php?rest_route=\/wp\/v2\/media\/6882"}],"wp:attachment":[{"href":"https:\/\/noticiasveraces.com\/index.php?rest_route=%2Fwp%2Fv2%2Fmedia&parent=6880"}],"wp:term":[{"taxonomy":"category","embeddable":true,"href":"https:\/\/noticiasveraces.com\/index.php?rest_route=%2Fwp%2Fv2%2Fcategories&post=6880"},{"taxonomy":"post_tag","embeddable":true,"href":"https:\/\/noticiasveraces.com\/index.php?rest_route=%2Fwp%2Fv2%2Ftags&post=6880"}],"curies":[{"name":"wp","href":"https:\/\/api.w.org\/{rel}","templated":true}]}}