{"id":6873,"date":"2024-12-18T07:13:13","date_gmt":"2024-12-18T11:13:13","guid":{"rendered":"https:\/\/noticiasveraces.com\/?p=6873"},"modified":"2024-12-18T07:13:13","modified_gmt":"2024-12-18T11:13:13","slug":"sierra-leona-decide-no-ampliar-la-cuarentena-por-el-ebola","status":"publish","type":"post","link":"https:\/\/noticiasveraces.com\/?p=6873","title":{"rendered":"Sierra Leona decide no ampliar la cuarentena por el \u00e9bola"},"content":{"rendered":"<p> \n<\/p>\n<div id=\"\">\n<figure class=\"bbc-1qn0xuy\">\n<div class=\"bbc-j1srjl\" style=\"padding-bottom:56.25%\"><img loading=\"lazy\" decoding=\"async\" srcset=\"https:\/\/ichef.bbci.co.uk\/ace\/ws\/240\/amz\/worldservice\/live\/assets\/images\/2014\/09\/21\/140921201004_sierra_leone_ebola_624x351_ap.jpg.webp 240w, https:\/\/ichef.bbci.co.uk\/ace\/ws\/320\/amz\/worldservice\/live\/assets\/images\/2014\/09\/21\/140921201004_sierra_leone_ebola_624x351_ap.jpg.webp 320w, https:\/\/ichef.bbci.co.uk\/ace\/ws\/480\/amz\/worldservice\/live\/assets\/images\/2014\/09\/21\/140921201004_sierra_leone_ebola_624x351_ap.jpg.webp 480w, https:\/\/ichef.bbci.co.uk\/ace\/ws\/624\/amz\/worldservice\/live\/assets\/images\/2014\/09\/21\/140921201004_sierra_leone_ebola_624x351_ap.jpg.webp 624w\" sizes=\"auto, (min-width: 1008px) 760px, 100vw\" alt=\"Calles desiertas en Freetown, Sierra Leona\" width=\"624\" height=\"351\" src=\"aspect-ratio:624 \/ 351\" class=\"bbc-139onq\"\/><\/p>\n<p class=\"bbc-by8ykd\" role=\"text\"><span class=\"bbc-m04vo2\">Fuente de la imagen, <\/span><span lang=\"en-GB\">AP<\/span><\/p>\n<\/div>\n<\/figure>\n<p><time datetime=\"2014-09-21\" class=\"bbc-1dafq0j e1mklfmt0\">21 septiembre 2014<\/time><\/p>\n<div dir=\"ltr\" class=\"bbc-19j92fr ebmt73l0\">\n<p dir=\"ltr\" class=\"bbc-hhl7in e17g058b0\"><b>En Sierra Leona, las autoridades decidieron no extender la cuarentena de tres d\u00edas a causa del \u00e9bola, que debe llegar a su fin dentro de pocas horas.<\/b><\/p>\n<\/div>\n<div dir=\"ltr\" class=\"bbc-19j92fr ebmt73l0\">\n<p dir=\"ltr\" class=\"bbc-hhl7in e17g058b0\">Las autoridades dijeron que el toque de queda de 72 horas para enfrentar el virus fue un \u00e9xito.<\/p>\n<\/div>\n<div dir=\"ltr\" class=\"bbc-19j92fr ebmt73l0\">\n<p dir=\"ltr\" class=\"bbc-hhl7in e17g058b0\">Antes de tomar la decisi\u00f3n de no extenderlo, el jefe del centro de emergencia que supervisa la operaci\u00f3n expres\u00f3 que no hab\u00eda concluido en algunas ciudades, incluida la capital, Freetown.<\/p>\n<\/div>\n<div dir=\"ltr\" class=\"bbc-19j92fr ebmt73l0\">\n<p dir=\"ltr\" class=\"bbc-hhl7in e17g058b0\">M\u00e1s de 90 cad\u00e1veres fueron retirados durante la cuarentena y m\u00e1s de 100 personas se presentaron voluntariamente ante las autoridades sanitarias.<\/p>\n<\/div>\n<section aria-label=\"Publicidad 2\" aria-hidden=\"true\" role=\"region\" data-e2e=\"advertisement\" class=\"bbc-geybui\"\/>\n<div dir=\"ltr\" class=\"bbc-19j92fr ebmt73l0\">\n<p dir=\"ltr\" class=\"bbc-hhl7in e17g058b0\">Entretanto, el sindicato de maestros de Nigeria pidi\u00f3 que se aplazara el inicio del per\u00edodo escolar debido a la incidencia del virus.<\/p>\n<\/div>\n<div dir=\"ltr\" class=\"bbc-19j92fr ebmt73l0\">\n<p dir=\"ltr\" class=\"bbc-hhl7in e17g058b0\">Los estudiantes deben regresar este lunes a las clases, despu\u00e9s de unas vacaciones de verano m\u00e1s largas de lo normal a causa del brote del \u00e9bola.<\/p>\n<\/div>\n<div dir=\"ltr\" class=\"bbc-19j92fr ebmt73l0\">\n<p dir=\"ltr\" class=\"bbc-hhl7in e17g058b0\">El presidente del sindicato, Michael Olukuya, declar\u00f3 que las medidas de seguridad para contener el virus no est\u00e1n en vigor.<\/p>\n<\/div>\n<div dir=\"ltr\" class=\"bbc-19j92fr ebmt73l0\">\n<p dir=\"ltr\" class=\"bbc-hhl7in e17g058b0\">El presidente Goodluck Jonathan desestim\u00f3 el pedido de aplazamiento.<\/p>\n<\/div>\n<div dir=\"ltr\" class=\"bbc-19j92fr ebmt73l0\">\n<p dir=\"ltr\" class=\"bbc-hhl7in e17g058b0\">El gobierno lleg\u00f3 a decir que las escuelas permanecer\u00edan cerradas hasta mediados de octubre, pero se adelant\u00f3 la fecha cuando empez\u00f3 a bajar el n\u00famero de casos confirmados.<\/p>\n<\/div>\n<\/div>\n\n","protected":false},"excerpt":{"rendered":"<p>Fuente de la imagen, AP 21 septiembre 2014 En Sierra Leona, las autoridades decidieron no extender la cuarentena de tres d\u00edas a causa del \u00e9bola, que debe llegar a su fin dentro de pocas horas. Las autoridades dijeron que el toque de queda de 72 horas para enfrentar el virus fue un \u00e9xito. Antes de &hellip;<\/p>\n","protected":false},"author":1,"featured_media":6874,"comment_status":"open","ping_status":"open","sticky":false,"template":"","format":"standard","meta":{"fifu_image_url":"aspect-ratio:624%20\/%20351","fifu_image_alt":"","footnotes":""},"categories":[8],"tags":[],"class_list":["post-6873","post","type-post","status-publish","format-standard","has-post-thumbnail","","category-salud"],"_links":{"self":[{"href":"https:\/\/noticiasveraces.com\/index.php?rest_route=\/wp\/v2\/posts\/6873","targetHints":{"allow":["GET"]}}],"collection":[{"href":"https:\/\/noticiasveraces.com\/index.php?rest_route=\/wp\/v2\/posts"}],"about":[{"href":"https:\/\/noticiasveraces.com\/index.php?rest_route=\/wp\/v2\/types\/post"}],"author":[{"embeddable":true,"href":"https:\/\/noticiasveraces.com\/index.php?rest_route=\/wp\/v2\/users\/1"}],"replies":[{"embeddable":true,"href":"https:\/\/noticiasveraces.com\/index.php?rest_route=%2Fwp%2Fv2%2Fcomments&post=6873"}],"version-history":[{"count":0,"href":"https:\/\/noticiasveraces.com\/index.php?rest_route=\/wp\/v2\/posts\/6873\/revisions"}],"wp:featuredmedia":[{"embeddable":true,"href":"https:\/\/noticiasveraces.com\/index.php?rest_route=\/wp\/v2\/media\/6874"}],"wp:attachment":[{"href":"https:\/\/noticiasveraces.com\/index.php?rest_route=%2Fwp%2Fv2%2Fmedia&parent=6873"}],"wp:term":[{"taxonomy":"category","embeddable":true,"href":"https:\/\/noticiasveraces.com\/index.php?rest_route=%2Fwp%2Fv2%2Fcategories&post=6873"},{"taxonomy":"post_tag","embeddable":true,"href":"https:\/\/noticiasveraces.com\/index.php?rest_route=%2Fwp%2Fv2%2Ftags&post=6873"}],"curies":[{"name":"wp","href":"https:\/\/api.w.org\/{rel}","templated":true}]}}