{"id":6865,"date":"2024-12-18T06:14:21","date_gmt":"2024-12-18T10:14:21","guid":{"rendered":"https:\/\/noticiasveraces.com\/?p=6865"},"modified":"2024-12-18T06:14:21","modified_gmt":"2024-12-18T10:14:21","slug":"nadie-va-a-decir-por-quien-debo-luchar-como-debo-comportarme","status":"publish","type":"post","link":"https:\/\/noticiasveraces.com\/?p=6865","title":{"rendered":"\u00abNadie va a decir por qui\u00e9n debo luchar, c\u00f3mo debo comportarme\u00bb"},"content":{"rendered":"<p> \n<\/p>\n<div id=\"intext\">\n<p>Vin\u00edcius Jr. fue elegido anoche como el mejor jugador de la temporada y <b>recibi\u00f3 el premio The Best<\/b> de la FIFA en la gala celebrada en Doha. Esta vez el brasile\u00f1o s\u00ed fue el m\u00e1s votado, a diferencia de lo que ocurri\u00f3 el pasado 28 de octubre en Par\u00eds con el Bal\u00f3n de Oro. El jugador carioca qued\u00f3 <b>primero en la votacion<\/b> -en la que votaban seleccionadores, capitanes, aficionados y periodistas- por delante de Rodri y Jude Bellingham.<\/p>\n<p>El delantero de 24 a\u00f1os de S\u00e3o Gon\u00e7alo dej\u00f3 un contundente mensaje en sus redes sociales tras recibir el premio The Best y asegur\u00f3 que ha logrado ser \u00abel mejor jugador del mundo\u00bb pese a que muchos trataron \u00abde invalidarme, de disminuirme\u00bb.<\/p>\n<p>\u00abHoy le escribo a ese chico que vio tantos \u00eddolos levantar este trofeo&#8230; <b>Tu tiempo ha llegado. O mejor a\u00fan, ha llegado mi hora de decir&#8230; S\u00ed, soy el mejor jugador del mundo y he luchado duro por ello.<\/b>. Trataron y trataron de invalidarme, de disminuirme. Pero no est\u00e1n listos. <b>Nadie va a decir por qui\u00e9n debo luchar, c\u00f3mo debo comportarme.<\/b>. Cuando estuve en S\u00e3o Gon\u00e7alo, el sistema no se preocup\u00f3 por m\u00ed. Casi me tragan\u00bb, escribi\u00f3 el brasile\u00f1o en su cuenta de Instagram.<\/p>\n<p>\u00abGan\u00e9 por m\u00ed, por mi familia. Con mucho apoyo en el camino: Flamengo, Real Madrid, selecci\u00f3n brasile\u00f1a, mis cientos de compa\u00f1eros durante esos a\u00f1os&#8230; las personas que me acompa\u00f1an diariamente a mi rutina que me admira&#8230; THE MEJOR JUGADOR DEL MUNDO\u00bb, finaliza el delantero del Real Madrid.<\/p>\n<h2 class=\"title-h2\">\u00abEstaba tan lejos que parec\u00eda imposible llegar hasta aqu\u00ed\u00bb<\/h2>\n<p>Un mensaje que lleg\u00f3 minutos despu\u00e9s de recoger en Doha el premio The Best de manos de Infantino. All\u00ed recalc\u00f3 lo complicado que ha sido llegar hasta ese momento.<\/p>\n<p>\u00abEstaba tan lejos que parec\u00eda imposible llegar hasta aqu\u00ed y es muy importante para m\u00ed. <b>Tuve una infancia viendo la pobreza y el crimen, poder llegar hasta aqu\u00ed es muy importante para m\u00ed y hace ver a muchos ni\u00f1os que todo es posible.<\/b>\u00ab, asegur\u00f3 en su discurso.<\/p>\n<p>\u00abAgradecer tambi\u00e9n al presidente (Florentino P\u00e9rez), a Jos\u00e9 \u00c1ngel (S\u00e1nchez, director ejecutivo del club) y al entrenador Carlo (Ancelotti), que siempre me ayud\u00f3 mucho. Tambi\u00e9n a Juni (Calafat, jefe de ojeadores) por confiar en m\u00ed cuando Ten\u00eda apenas 16 a\u00f1os. He podido demostrar que pod\u00eda marcar diferencias y hacer grandes cosas en la temporada. Quiero seguir jugando mucho tiempo para el Real Madrid, que es el mejor club del mundo, y tambi\u00e9n agradezco a Flamengo ya todos los jugadores de. la selecci\u00f3n brasile\u00f1a\u00bb, sentenci\u00f3 Vin\u00edcius.<\/p>\n<p>Minutos despu\u00e9s comparec\u00eda ante el micr\u00f3fono de Real Madrid TV y Vin\u00edcius agradeci\u00f3 la ayuda a sus compa\u00f1eros para llegar a realizar su mejor f\u00fatbol y dar su mejor versi\u00f3n.<\/p>\n<p>\u00abMuy contento, agradecer a todos los jugadores que me han ayudado y que me ayudan todos los d\u00edas para que pueda tener la cabeza tranquila y hacer mi mejor futbol y estar en mi mejor versi\u00f3n\u00bb, apunt\u00f3 Vin\u00edcius.<\/p>\n<p>\u00abMuy importante porque mucha gente ha votado por m\u00ed. Todos los jugadores, capitanes, entrenadores&#8230; es algo importante y bueno para m\u00ed porque s\u00e9 que estoy en el camino correcto. Muchas veces dijeron que no podr\u00eda llegar hasta aqu\u00ed, pero <b>Siempre tuve la cabeza tranquila y ahora soy el mejor jugador del mundo.<\/b>\u00ab, concluy\u00f3 el delantero brasile\u00f1o.<\/p>\n<p><i>S\u00edguenos en nuestro canal de WhatsApp y no te pierdas la \u00faltima hora y toda la actualidad de antena3noticias.com<\/i><\/p>\n<div class=\"recirculation-video\" data-mod=\"a3mod_recirculation_video\">\n<div class=\"recirculation-video-wrapper\">\n<div>\n<div class=\"video-wrapper\">\n  <picture class=\"video-main-picture\"><source media=\"(min-width: 481px)\" srcset=\"https:\/\/fotografias.antena3.com\/clipping\/cmsimages01\/2024\/12\/18\/43E712D8-1F1E-48E0-BAB8-EF58EA488BEE\/aitana-bonmati-posa-premio-the-best-2024_94.jpg?crop=7858,4420,x0,y360&amp;width=800&amp;height=450&amp;optimize=medium&amp;format=webply\" width=\"800\" height=\"450\"><source media=\"(min-width: 391px) and (max-width: 480px)\" srcset=\"https:\/\/fotografias.antena3.com\/clipping\/cmsimages01\/2024\/12\/18\/43E712D8-1F1E-48E0-BAB8-EF58EA488BEE\/aitana-bonmati-posa-premio-the-best-2024_70.jpg?crop=7858,4420,x0,y360&amp;width=480&amp;height=270&amp;optimize=high&amp;format=webply\" width=\"480\" height=\"270\"><source media=\"(min-width: 321px) and (max-width: 390px)\" srcset=\"https:\/\/fotografias.antena3.com\/clipping\/cmsimages01\/2024\/12\/18\/43E712D8-1F1E-48E0-BAB8-EF58EA488BEE\/aitana-bonmati-posa-premio-the-best-2024_92.jpg?crop=7858,4413,x0,y364&amp;width=390&amp;height=219&amp;optimize=high&amp;format=webply\" width=\"390\" height=\"219\"><source media=\"(max-width: 320px)\" srcset=\"https:\/\/fotografias.antena3.com\/clipping\/cmsimages01\/2024\/12\/18\/43E712D8-1F1E-48E0-BAB8-EF58EA488BEE\/aitana-bonmati-posa-premio-the-best-2024_52.jpg?crop=7858,4420,x0,y360&amp;width=320&amp;height=180&amp;optimize=high&amp;format=webply\" width=\"320\" height=\"180\"><img decoding=\"async\" title=\"Aitana Bonmat\u00ed posa con el premio The Best 2024\" alt=\"Aitana Bonmat\u00ed posa con el premio The Best 2024\" width=\"480\" height=\"270\" src=\"https:\/\/fotografias.antena3.com\/clipping\/cmsimages01\/2024\/12\/18\/43E712D8-1F1E-48E0-BAB8-EF58EA488BEE\/aitana-bonmati-posa-premio-the-best-2024_70.jpg?crop=7858,4420,x0,y360&amp;width=480&amp;height=270&amp;optimize=high&amp;format=webply\" loading=\"lazy\" class=\"lazy\"\/><br \/>\n  <\/source><\/source><\/source><\/source><\/picture>\n <\/div>\n<\/div><\/div>\n<\/p><\/div>\n<\/div>\n\n","protected":false},"excerpt":{"rendered":"<p>Vin\u00edcius Jr. fue elegido anoche como el mejor jugador de la temporada y recibi\u00f3 el premio The Best de la FIFA en la gala celebrada en Doha. Esta vez el brasile\u00f1o s\u00ed fue el m\u00e1s votado, a diferencia de lo que ocurri\u00f3 el pasado 28 de octubre en Par\u00eds con el Bal\u00f3n de Oro. El &hellip;<\/p>\n","protected":false},"author":1,"featured_media":6867,"comment_status":"open","ping_status":"open","sticky":false,"template":"","format":"standard","meta":{"fifu_image_url":"https:\/\/fotografias.antena3.com\/clipping\/cmsimages01\/2024\/12\/18\/7410FD2F-A89A-4DA8-870E-38C7E6F9AF65\/vinicius-rcibe-premio-the-best-manos-infantino_69.jpg?crop=3000,1688,x0,y0&width=1280&height=720&optimize=low&format=jpg","fifu_image_alt":"","footnotes":""},"categories":[6],"tags":[],"class_list":["post-6865","post","type-post","status-publish","format-standard","has-post-thumbnail","","category-deportes"],"_links":{"self":[{"href":"https:\/\/noticiasveraces.com\/index.php?rest_route=\/wp\/v2\/posts\/6865","targetHints":{"allow":["GET"]}}],"collection":[{"href":"https:\/\/noticiasveraces.com\/index.php?rest_route=\/wp\/v2\/posts"}],"about":[{"href":"https:\/\/noticiasveraces.com\/index.php?rest_route=\/wp\/v2\/types\/post"}],"author":[{"embeddable":true,"href":"https:\/\/noticiasveraces.com\/index.php?rest_route=\/wp\/v2\/users\/1"}],"replies":[{"embeddable":true,"href":"https:\/\/noticiasveraces.com\/index.php?rest_route=%2Fwp%2Fv2%2Fcomments&post=6865"}],"version-history":[{"count":0,"href":"https:\/\/noticiasveraces.com\/index.php?rest_route=\/wp\/v2\/posts\/6865\/revisions"}],"wp:featuredmedia":[{"embeddable":true,"href":"https:\/\/noticiasveraces.com\/index.php?rest_route=\/wp\/v2\/media\/6867"}],"wp:attachment":[{"href":"https:\/\/noticiasveraces.com\/index.php?rest_route=%2Fwp%2Fv2%2Fmedia&parent=6865"}],"wp:term":[{"taxonomy":"category","embeddable":true,"href":"https:\/\/noticiasveraces.com\/index.php?rest_route=%2Fwp%2Fv2%2Fcategories&post=6865"},{"taxonomy":"post_tag","embeddable":true,"href":"https:\/\/noticiasveraces.com\/index.php?rest_route=%2Fwp%2Fv2%2Ftags&post=6865"}],"curies":[{"name":"wp","href":"https:\/\/api.w.org\/{rel}","templated":true}]}}