{"id":6836,"date":"2024-12-17T23:40:01","date_gmt":"2024-12-18T03:40:01","guid":{"rendered":"https:\/\/noticiasveraces.com\/?p=6836"},"modified":"2024-12-17T23:40:01","modified_gmt":"2024-12-18T03:40:01","slug":"no-os-podeis-imaginar-lo-feliz-que-habeis-hecho-a-un-abuelo","status":"publish","type":"post","link":"https:\/\/noticiasveraces.com\/?p=6836","title":{"rendered":"\u00abNo os pod\u00e9is imaginar lo feliz que hab\u00e9is hecho a un abuelo\u00bb"},"content":{"rendered":"<p> \n<\/p>\n<div id=\"intext\">\n<p><b>Carlos Sainz <\/b>se ha despedido este martes de forma definitiva de Ferrari, la escuder\u00eda en la que ha estado las cuatro \u00faltimas temporadas y ha logrado <b>cuatro victorias<\/b>, <b>25 podios y seis postes<\/b>. La escuder\u00eda italiana ha brindado un bonito y <b>emotivo homenaje al piloto madrile\u00f1o<\/b> este mi\u00e9rcoles en Fiorano (M\u00f3dena), donde ha podido rodar junto a su padre al volante de dos monoplazas, los F1-75 de 2022.<\/p>\n<p>Padre e hijo pudieron rodar en el circuito de <b>Fiorano<\/b>en M\u00f3dena, sede habitual de Ferrari, y como explic\u00f3 el equipo italiano en un comunicado oficial, el padre de Carlos Sainz \u00abaunque comenz\u00f3 con un trompo, tard\u00f3 relativamente poco en coger ritmo y compuso varias vueltas con tiempos constantes\u00bb.<\/p>\n<p>Fue la segunda vez que se mont\u00f3 en un monoplaza, pues el cuatro veces campe\u00f3n del Dakar y bicampe\u00f3n mundial de rallys ya se subi\u00f3 en 2006 en el R25 de Fernando Alonso. Despu\u00e9s de rodar con el<b> F1-75<\/b>como colof\u00f3n a la jornada, condujeron un coche mucho m\u00e1s antiguo, un cl\u00e1sico como el <b>55 735 LM del a\u00f1o 1995<\/b>.<\/p>\n<p>\u00abQuiero agradeceros mucho a todos, <b>no os pod\u00e9is imaginar lo feliz que hab\u00e9is hecho a un abuelo hoy<\/b>\u00ab, admiti\u00f3 Carlos Sainz padre.<\/p>\n<p><b>\u00abUn abuelo de 62 a\u00f1os que prueba un Ferrari y gana el Dakar&#8230;\u00bb<\/b>respondi\u00f3 con iron\u00eda su hijo Carlos, desatando las risas de los presentes.<\/p>\n<p>El d\u00eda para el recuerdo de la familia Sainz en Fiorano finaliz\u00f3 con una foto de grupo con todo el equipo en la que particip\u00f3 tambi\u00e9n el director de equipo, el franc\u00e9s. <b>Fred Vasseur<\/b>y el piloto monegasco <b>Carlos Leclerc<\/b>.<\/p>\n<p>Sainz se despidi\u00f3 de manera definitiva de la que ha sido su casa las \u00faltimas cuatro temporadas deseando feliz Navidad y con un \u00abnos vemos el pr\u00f3ximo a\u00f1o en la pista\u00bb que recibi\u00f3 el aplauso de los presentes. Carlos Sainz pilotar\u00e1 en 2025 con la escuder\u00eda Williams.<\/p>\n<p><i>S\u00edguenos en nuestro canal de WhatsApp y no te pierdas la \u00faltima hora y toda la actualidad de antena3noticias.com<\/i><\/p>\n<div class=\"recirculation-video\" data-mod=\"a3mod_recirculation_video\">\n<div class=\"recirculation-video-wrapper\">\n<div>\n<div class=\"video-wrapper\">\n  <picture class=\"video-main-picture\"><source media=\"(min-width: 481px)\" srcset=\"https:\/\/fotografias.antena3.com\/clipping\/cmsimages01\/2024\/12\/16\/1587AE72-EFAC-484E-9D50-5A9EDB3DC050\/pep-guardiola-lamenta-gol-united_94.jpg?crop=2300,1294,x0,y0&amp;width=800&amp;height=450&amp;optimize=medium&amp;format=webply\" width=\"800\" height=\"450\"><source media=\"(min-width: 391px) and (max-width: 480px)\" srcset=\"https:\/\/fotografias.antena3.com\/clipping\/cmsimages01\/2024\/12\/16\/1587AE72-EFAC-484E-9D50-5A9EDB3DC050\/pep-guardiola-lamenta-gol-united_70.jpg?crop=2300,1294,x0,y0&amp;width=480&amp;height=270&amp;optimize=high&amp;format=webply\" width=\"480\" height=\"270\"><source media=\"(min-width: 321px) and (max-width: 390px)\" srcset=\"https:\/\/fotografias.antena3.com\/clipping\/cmsimages01\/2024\/12\/16\/1587AE72-EFAC-484E-9D50-5A9EDB3DC050\/pep-guardiola-lamenta-gol-united_92.jpg?crop=2300,1292,x0,y0&amp;width=390&amp;height=219&amp;optimize=high&amp;format=webply\" width=\"390\" height=\"219\"><source media=\"(max-width: 320px)\" srcset=\"https:\/\/fotografias.antena3.com\/clipping\/cmsimages01\/2024\/12\/16\/1587AE72-EFAC-484E-9D50-5A9EDB3DC050\/pep-guardiola-lamenta-gol-united_52.jpg?crop=2300,1294,x0,y0&amp;width=320&amp;height=180&amp;optimize=high&amp;format=webply\" width=\"320\" height=\"180\"><img decoding=\"async\" title=\"Pep Guardiola se lamenta tras un gol del United\" alt=\"Pep Guardiola se lamenta tras un gol del United\" width=\"480\" height=\"270\" src=\"https:\/\/fotografias.antena3.com\/clipping\/cmsimages01\/2024\/12\/16\/1587AE72-EFAC-484E-9D50-5A9EDB3DC050\/pep-guardiola-lamenta-gol-united_70.jpg?crop=2300,1294,x0,y0&amp;width=480&amp;height=270&amp;optimize=high&amp;format=webply\" loading=\"lazy\" class=\"lazy\"\/><br \/>\n  <\/source><\/source><\/source><\/source><\/picture>\n <\/div>\n<\/div><\/div>\n<\/p><\/div>\n<\/div>\n\n","protected":false},"excerpt":{"rendered":"<p>Carlos Sainz se ha despedido este martes de forma definitiva de Ferrari, la escuder\u00eda en la que ha estado las cuatro \u00faltimas temporadas y ha logrado cuatro victorias, 25 podios y seis postes. La escuder\u00eda italiana ha brindado un bonito y emotivo homenaje al piloto madrile\u00f1o este mi\u00e9rcoles en Fiorano (M\u00f3dena), donde ha podido rodar &hellip;<\/p>\n","protected":false},"author":1,"featured_media":6838,"comment_status":"open","ping_status":"open","sticky":false,"template":"","format":"standard","meta":{"fifu_image_url":"https:\/\/fotografias.antena3.com\/clipping\/cmsimages01\/2024\/12\/17\/2BE06509-0339-4AA7-A8E5-22AFDC9228F1\/carlos-sainz-junto-padre-fiorano-modena_69.jpg?crop=1920,1080,x0,y0&width=1280&height=720&optimize=low&format=jpg","fifu_image_alt":"","footnotes":""},"categories":[6],"tags":[],"class_list":["post-6836","post","type-post","status-publish","format-standard","has-post-thumbnail","","category-deportes"],"_links":{"self":[{"href":"https:\/\/noticiasveraces.com\/index.php?rest_route=\/wp\/v2\/posts\/6836","targetHints":{"allow":["GET"]}}],"collection":[{"href":"https:\/\/noticiasveraces.com\/index.php?rest_route=\/wp\/v2\/posts"}],"about":[{"href":"https:\/\/noticiasveraces.com\/index.php?rest_route=\/wp\/v2\/types\/post"}],"author":[{"embeddable":true,"href":"https:\/\/noticiasveraces.com\/index.php?rest_route=\/wp\/v2\/users\/1"}],"replies":[{"embeddable":true,"href":"https:\/\/noticiasveraces.com\/index.php?rest_route=%2Fwp%2Fv2%2Fcomments&post=6836"}],"version-history":[{"count":0,"href":"https:\/\/noticiasveraces.com\/index.php?rest_route=\/wp\/v2\/posts\/6836\/revisions"}],"wp:featuredmedia":[{"embeddable":true,"href":"https:\/\/noticiasveraces.com\/index.php?rest_route=\/wp\/v2\/media\/6838"}],"wp:attachment":[{"href":"https:\/\/noticiasveraces.com\/index.php?rest_route=%2Fwp%2Fv2%2Fmedia&parent=6836"}],"wp:term":[{"taxonomy":"category","embeddable":true,"href":"https:\/\/noticiasveraces.com\/index.php?rest_route=%2Fwp%2Fv2%2Fcategories&post=6836"},{"taxonomy":"post_tag","embeddable":true,"href":"https:\/\/noticiasveraces.com\/index.php?rest_route=%2Fwp%2Fv2%2Ftags&post=6836"}],"curies":[{"name":"wp","href":"https:\/\/api.w.org\/{rel}","templated":true}]}}