{"id":6802,"date":"2024-12-17T17:23:30","date_gmt":"2024-12-17T21:23:30","guid":{"rendered":"https:\/\/noticiasveraces.com\/?p=6802"},"modified":"2024-12-17T17:23:30","modified_gmt":"2024-12-17T21:23:30","slug":"vinicius-jr-gana-el-premio-the-best-2024-de-la-fifa","status":"publish","type":"post","link":"https:\/\/noticiasveraces.com\/?p=6802","title":{"rendered":"Vin\u00edcius Jr gana el premio The Best 2024 de la FIFA"},"content":{"rendered":"<p> \n<\/p>\n<div id=\"intext\">\n<p><b>Vinicius Jr.<\/b>delantero del <b>real madrid<\/b>se ha coronado este martes en Doha con el primer premio <b>El mejor<\/b> de su carrera, el premio que otorga la FIFA al mejor jugador del a\u00f1o. El delantero del Real Madrid sucede en el palmar\u00e9s a <b>leo messi<\/b>ganador del galard\u00f3n en los dos \u00faltimos a\u00f1os.<\/p>\n<p>A diferencia de lo ocurrido el pasado mes de octubre, cuando el brasile\u00f1o <b>no acudi\u00f3<\/b> a la <b>gala del balon de oro<\/b> En Par\u00eds, Vin\u00edcius s\u00ed estuvo presente en la gala de la FIFA en Doha y se mostr\u00f3 muy agradecido por el premio.<\/p>\n<p>\u00abParec\u00eda imposible llegar hasta aqu\u00ed cuando era peque\u00f1o. <b>Ver la pobreza y el crimen de peque\u00f1o y poder llegar hasta aqu\u00ed es muy importante para m\u00ed<\/b>. Quiero agradecer a todos. Quiero seguir por mucho tiempo jugando en el Real Madrid, adem\u00e1s de agradecer al Flamengo que es donde empec\u00e9\u00bb, indic\u00f3 el jugador brasile\u00f1o.<\/p>\n<h2 class=\"title-h2\">Palmar\u00e9s The Best de la FIFA<\/h2>\n<p>Cristiano Ronaldo (2016)<\/p>\n<p>Cristiano Ronaldo (2017)<\/p>\n<p>Luka Modric (2018)<\/p>\n<p>Leo Messi (2019)<\/p>\n<p>Robert Lewandowski (2020)<\/p>\n<p>Robert lewandowski (2021)<\/p>\n<p>Leo Messi (2022)<\/p>\n<p>Leo Messi (2023)<\/p>\n<p>Vin\u00edcius Jr (2024)<\/p>\n<h2 class=\"title-h2\">Aitana Bonmat\u00ed, segunda The Best de su carrera<\/h2>\n<p>la espa\u00f1ola <b>Aitana Bonmat\u00ed<\/b>centrocampista del Barcelona, \u200b\u200blogr\u00f3 su <b>segundo premio The Best a mejor jugadora del mundo por segundo a\u00f1o consecutivo<\/b>. Bonmat\u00ed, que tambi\u00e9n recibi\u00f3 hace unas semanas <b>su segundo Bal\u00f3n de Oro<\/b>gan\u00f3 este a\u00f1o todos los t\u00edtulos posibles con el conjunto azulgrana, entre ellos la Liga de Campeones y la Liga F, as\u00ed como la Liga de Naciones femenina con la selecci\u00f3n espa\u00f1ola.<\/p>\n<p>\u00abComo sab\u00e9is ma\u00f1ana tenemos un gran partido ante el City. Esto es un trabajo de equipo, la temporada pasada lo seguimos todo con el Baf\u00e7a. Fue un a\u00f1o muy dif\u00edcil de repetir\u00bb, se\u00f1al\u00f3 Bonmat\u00ed a trav\u00e9s de una videoconferencia.<\/p>\n<h2 class=\"title-h2\">Ancelotti, The Best un mejor entrenador<\/h2>\n<p>El italiano <b>carlo anceloti<\/b> recibi\u00f3 en Doha el <b>premio The Best al mejor entrenador del mundo<\/b>. El entrenador del Real Madrid se dirigi\u00f3 al equipo madridista a ganar la Liga de Campeones, LaLiga y las Supercopas de Europa y de Espa\u00f1a, y este mi\u00e9rcoles podr\u00eda conseguir tambi\u00e9n la Copa Intercontinental ante el Pachuca mexicano.<\/p>\n<p>Es la primera vez que el italiano recibe este reconocimiento, en el que releva al espa\u00f1ol Pep Guardiola, y lo consigue semanas despu\u00e9s de ser galardonado con el trofeo Johan Cruyff del Bal\u00f3n de Oro. Adem\u00e1s, tras ser segundo en 2022, es el primer t\u00e9cnico de su pa\u00eds con este premio desde Claudio Ranieri en 2016.<\/p>\n<p>\u00abVeo muchas caras familiares de jugadores que dirig\u00ed aqu\u00ed. Es <b>un gran honor recibir este reconocimiento de la FIFA<\/b>. Gracias a su presidente, quiero compartir este galard\u00f3n con mi club, con mi presidente Florentino P\u00e9rez que me dio la oportunidad de ser el entrenador del mejor club del mundo, <b>Tambi\u00e9n con mis jugadores que no siempre pero a veces me escuchan.<\/b>\u00ab, brome\u00f3 Ancelotti.<\/p>\n<p>\u00abEmpec\u00e9 jugando al f\u00fatbol hace 48 a\u00f1os y me ha dado mucho. Muchas emociones positivas, algunas negativas, pero gracias a este deporte sigo vivo\u00bb, admiti\u00f3 el italiano.<\/p>\n<p><i>S\u00edguenos en nuestro canal de WhatsApp y no te pierdas la \u00faltima hora y toda la actualidad de antena3noticias.com<\/i><\/p>\n<div class=\"recirculation-video\" data-mod=\"a3mod_recirculation_video\">\n<div class=\"recirculation-video-wrapper\">\n<div>\n<div class=\"video-wrapper\">\n  <picture class=\"video-main-picture\"><source media=\"(min-width: 481px)\" srcset=\"https:\/\/fotografias.antena3.com\/clipping\/cmsimages01\/2024\/12\/17\/2BE06509-0339-4AA7-A8E5-22AFDC9228F1\/carlos-sainz-junto-padre-fiorano-modena_94.jpg?crop=1920,1080,x0,y0&amp;width=800&amp;height=450&amp;optimize=medium&amp;format=webply\" width=\"800\" height=\"450\"><source media=\"(min-width: 391px) and (max-width: 480px)\" srcset=\"https:\/\/fotografias.antena3.com\/clipping\/cmsimages01\/2024\/12\/17\/2BE06509-0339-4AA7-A8E5-22AFDC9228F1\/carlos-sainz-junto-padre-fiorano-modena_70.jpg?crop=1920,1080,x0,y0&amp;width=480&amp;height=270&amp;optimize=high&amp;format=webply\" width=\"480\" height=\"270\"><source media=\"(min-width: 321px) and (max-width: 390px)\" srcset=\"https:\/\/fotografias.antena3.com\/clipping\/cmsimages01\/2024\/12\/17\/2BE06509-0339-4AA7-A8E5-22AFDC9228F1\/carlos-sainz-junto-padre-fiorano-modena_92.jpg?crop=1920,1078,x0,y1&amp;width=390&amp;height=219&amp;optimize=high&amp;format=webply\" width=\"390\" height=\"219\"><source media=\"(max-width: 320px)\" srcset=\"https:\/\/fotografias.antena3.com\/clipping\/cmsimages01\/2024\/12\/17\/2BE06509-0339-4AA7-A8E5-22AFDC9228F1\/carlos-sainz-junto-padre-fiorano-modena_52.jpg?crop=1920,1080,x0,y0&amp;width=320&amp;height=180&amp;optimize=high&amp;format=webply\" width=\"320\" height=\"180\"><img decoding=\"async\" title=\"Carlos Sainz junto a su padre en Fiorano (M\u00f3dena)\" alt=\"Carlos Sainz junto a su padre en Fiorano (M\u00f3dena)\" width=\"480\" height=\"270\" src=\"https:\/\/fotografias.antena3.com\/clipping\/cmsimages01\/2024\/12\/17\/2BE06509-0339-4AA7-A8E5-22AFDC9228F1\/carlos-sainz-junto-padre-fiorano-modena_70.jpg?crop=1920,1080,x0,y0&amp;width=480&amp;height=270&amp;optimize=high&amp;format=webply\" loading=\"lazy\" class=\"lazy\"\/><br \/>\n  <\/source><\/source><\/source><\/source><\/picture>\n <\/div>\n<\/div><\/div>\n<\/p><\/div>\n<\/div>\n\n","protected":false},"excerpt":{"rendered":"<p>Vinicius Jr.delantero del real madridse ha coronado este martes en Doha con el primer premio El mejor de su carrera, el premio que otorga la FIFA al mejor jugador del a\u00f1o. El delantero del Real Madrid sucede en el palmar\u00e9s a leo messiganador del galard\u00f3n en los dos \u00faltimos a\u00f1os. A diferencia de lo ocurrido &hellip;<\/p>\n","protected":false},"author":1,"featured_media":6804,"comment_status":"open","ping_status":"open","sticky":false,"template":"","format":"standard","meta":{"fifu_image_url":"https:\/\/fotografias.antena3.com\/clipping\/cmsimages02\/2024\/09\/21\/A170A8EA-81FD-4A96-B0D2-06243CD6653D\/vinicius-celebra-tercer-gol-madrid-espanyol_69.jpg?crop=3518,1979,x0,y0&width=1280&height=720&optimize=low&format=jpg","fifu_image_alt":"","footnotes":""},"categories":[6],"tags":[],"class_list":["post-6802","post","type-post","status-publish","format-standard","has-post-thumbnail","","category-deportes"],"_links":{"self":[{"href":"https:\/\/noticiasveraces.com\/index.php?rest_route=\/wp\/v2\/posts\/6802","targetHints":{"allow":["GET"]}}],"collection":[{"href":"https:\/\/noticiasveraces.com\/index.php?rest_route=\/wp\/v2\/posts"}],"about":[{"href":"https:\/\/noticiasveraces.com\/index.php?rest_route=\/wp\/v2\/types\/post"}],"author":[{"embeddable":true,"href":"https:\/\/noticiasveraces.com\/index.php?rest_route=\/wp\/v2\/users\/1"}],"replies":[{"embeddable":true,"href":"https:\/\/noticiasveraces.com\/index.php?rest_route=%2Fwp%2Fv2%2Fcomments&post=6802"}],"version-history":[{"count":0,"href":"https:\/\/noticiasveraces.com\/index.php?rest_route=\/wp\/v2\/posts\/6802\/revisions"}],"wp:featuredmedia":[{"embeddable":true,"href":"https:\/\/noticiasveraces.com\/index.php?rest_route=\/wp\/v2\/media\/6804"}],"wp:attachment":[{"href":"https:\/\/noticiasveraces.com\/index.php?rest_route=%2Fwp%2Fv2%2Fmedia&parent=6802"}],"wp:term":[{"taxonomy":"category","embeddable":true,"href":"https:\/\/noticiasveraces.com\/index.php?rest_route=%2Fwp%2Fv2%2Fcategories&post=6802"},{"taxonomy":"post_tag","embeddable":true,"href":"https:\/\/noticiasveraces.com\/index.php?rest_route=%2Fwp%2Fv2%2Ftags&post=6802"}],"curies":[{"name":"wp","href":"https:\/\/api.w.org\/{rel}","templated":true}]}}