{"id":6793,"date":"2024-12-17T14:47:32","date_gmt":"2024-12-17T18:47:32","guid":{"rendered":"https:\/\/noticiasveraces.com\/?p=6793"},"modified":"2024-12-17T14:47:32","modified_gmt":"2024-12-17T18:47:32","slug":"cinco-anos-despues-de-la-pandemia-el-covid-largo-mantiene-vidas-en-suspenso","status":"publish","type":"post","link":"https:\/\/noticiasveraces.com\/?p=6793","title":{"rendered":"Cinco a\u00f1os despu\u00e9s de la pandemia, el Covid largo mantiene vidas en suspenso"},"content":{"rendered":"<p> \n<br \/><img decoding=\"async\" src=\"https:\/\/gdb.voanews.com\/238db038-7855-45bc-9533-81f10fd84af3_w800_h450.jpg\" \/><\/p>\n<div>\n<p>Hace tres a\u00f1os, Andrea Vanek estaba estudiando para ser profesora de artes y oficios cuando, de repente, ataques de mareos y palpitaciones le impidieron incluso dar paseos cortos.<\/p>\n<p>Despu\u00e9s de ver a una sucesi\u00f3n de m\u00e9dicos, le diagnosticaron Covid prolongado e incluso ahora pasa la mayor parte de sus d\u00edas en la peque\u00f1a sala de estar de su apartamento del tercer piso en Viena, sentada en el alf\u00e9izar de la ventana para observar el mundo exterior. .<\/p>\n<p>\u201cNo puedo planificar nada porque no s\u00e9 cu\u00e1nto durar\u00e1 esta enfermedad\u201d, dijo a la <em>AFP<\/em> Esta austriaca de 33 a\u00f1os.<\/p>\n<p>Los primeros casos de Covid-19 se detectaron en China en diciembre de 2019, lo que provoc\u00f3 una pandemia mundial y m\u00e1s de siete millones de muertes reportadas hasta la fecha, seg\u00fan la Organizaci\u00f3n Mundial de la Salud.<\/p>\n<p>Pero millones m\u00e1s se han visto afectados por el Covid prolongado, en el que algunas personas luchan por recuperarse de la fase aguda del Covid-19 y sufren s\u00edntomas que incluyen cansancio, confusi\u00f3n mental y dificultad para respirar.<\/p>\n<p>Vanek trata de tener cuidado de no esforzarse para evitar otro \u201cchoque\u201d, que para ella se caracteriza por una debilidad muscular debilitante y puede durar meses, lo que dificulta incluso abrir una botella de agua.<\/p>\n<p>\u201cSabemos que el Covid prolongado es un gran problema\u201d, afirm\u00f3 Anita Jain, del Programa de Emergencias Sanitarias de la OMS.<\/p>\n<p>Alrededor del seis por ciento de las personas infectadas por el coronavirus desarrollan Covid prolongado, seg\u00fan el organismo sanitario mundial, que ha registrado unos 777 millones de casos de Covid hasta la fecha.<\/p>\n<p>Mientras que las tasas de Covid prolongadas despu\u00e9s de una infecci\u00f3n inicial est\u00e1n disminuyendo, la reinfecci\u00f3n aumenta el riesgo, a\u00f1adi\u00f3 Jain.<\/p>\n<h3 class=\"wsw__h3\">&#8216;Todo duelo&#8217;<\/h3>\n<p>Chantal Britt, que vive en Berna, Suiza, contrajo covid en marzo de 2020. El Covid prolongado, dijo, ha puesto su \u201cvida patas arriba\u201d y la ha obligado a \u201creinventarse\u201d.<\/p>\n<p>\u201cEra realmente un madrugador\u2026 Ahora tardo dos horas en levantarme por la ma\u00f1ana al menos porque me duele todo\u201d, explica el corredor de marat\u00f3n de 56 a\u00f1os.<\/p>\n<p>\u201cYa ni siquiera espero estar bien por la ma\u00f1ana, pero todav\u00eda me sorprende lo viejo y roto que me siento\u201d.<\/p>\n<p>Alrededor del 15% de quienes tienen Covid prolongado tienen s\u00edntomas persistentes durante m\u00e1s de un a\u00f1o, seg\u00fan la OMS, mientras que las mujeres tienden a tener un mayor riesgo que los hombres de desarrollar la afecci\u00f3n.<\/p>\n<p>Britt, quien dice que sol\u00eda ser una \u201cadicta al trabajo\u201d, ahora trabaja a tiempo parcial como investigadora universitaria sobre Covid prolongado y otros temas.<\/p>\n<p>Perdi\u00f3 su trabajo en comunicaciones en 2022 despu\u00e9s de que pidi\u00f3 reducir su jornada laboral.<\/p>\n<p>Echa de menos hacer deporte, que antes era como una \u201cterapia\u201d para ella, y ahora tiene que planificar m\u00e1s sus actividades diarias, como pensar en lugares donde sentarse y descansar cuando va de compras.<\/p>\n<p>La falta de comprensi\u00f3n por parte de quienes la rodean tambi\u00e9n lo hace m\u00e1s dif\u00edcil.<\/p>\n<p>\u201cEs una enfermedad invisible\u2026 que se conecta con todo el estigma que la rodea\u201d, dijo.<\/p>\n<p>\u201cIncluso las personas que est\u00e1n muy gravemente afectadas, que est\u00e1n en casa, en una habitaci\u00f3n oscura, a las que ya no se les puede tocar, cualquier ruido las provocar\u00e1 un accidente, no parecen enfermas\u201d, dijo.<\/p>\n<h3 class=\"wsw__h3\">Caer &#8216;a trav\u00e9s de las grietas&#8217;<\/h3>\n<p>Jain, de la OMS, dijo que puede resultar dif\u00edcil para los proveedores de atenci\u00f3n m\u00e9dica dar un diagn\u00f3stico y que es crucial un reconocimiento m\u00e1s amplio de la afecci\u00f3n.<\/p>\n<p>Se han enumerado m\u00e1s de 200 s\u00edntomas junto con otros comunes como fatiga, dificultad para respirar y disfunci\u00f3n cognitiva.<\/p>\n<p>\u201cAhora gran parte de la atenci\u00f3n se centra en ayudar a los pacientes, ayudar a los m\u00e9dicos con las herramientas para diagnosticar con precisi\u00f3n el Covid prolongado y detectarlo temprano\u201d, dijo.<\/p>\n<p>Pacientes como Vanek tambi\u00e9n tienen dificultades econ\u00f3micas. Ha presentado dos casos judiciales para obtener m\u00e1s apoyo, pero ambos a\u00fan no han sido escuchados.<\/p>\n<p>Dijo que los menos de 800 euros (840 d\u00f3lares) que recibe como apoyo no pueden cubrir sus gastos, que incluyen altas facturas m\u00e9dicas por la gran cantidad de pastillas que necesita para mantener sus s\u00edntomas bajo control.<\/p>\n<p>\u201cEs muy dif\u00edcil para los estudiantes que padecen covid durante mucho tiempo. Caemos en las grietas\u201d del sistema social, sin poder empezar a trabajar, dijo.<\/p>\n<p>Britt tambi\u00e9n quiere una investigaci\u00f3n m\u00e1s espec\u00edfica sobre condiciones posinfecciosas como el Covid prolongado.<\/p>\n<p>\u201cTenemos que entenderlos mejor porque habr\u00e1 otra pandemia y estaremos tan despistados como siempre\u201d, afirm\u00f3.<\/p>\n<p><em><strong>\u00a1Con\u00e9ctate con la Voz de Am\u00e9rica! Suscr\u00edbete a nuestros canales de YouTube, WhatsApp y al newsletter. Activa las notificaciones y s\u00edguenos en Facebook, <a class=\"wsw__a\" href=\"https:\/\/nam10.safelinks.protection.outlook.com\/?url=https%3A%2F%2Ftwitter.com%2FVozdeAmerica&amp;data=05%7C02%7Cwserrano%40voanews.com%7C0b9cfda59f52447b0ed708dc07d64451%7Cba99e87c673541c2b1c1354eee3a8659%7C0%7C0%7C638393864063639904%7CUnknown%7CTWFpbGZsb3d8eyJWIjoiMC4wLjAwMDAiLCJQIjoiV2luMzIiLCJBTiI6Ik1haWwiLCJXVCI6Mn0%3D%7C3000%7C%7C%7C&amp;sdata=unLJDFixL8cjTiSip1dC8ViP8otjrQyzq1ziP2g1PMo%3D&amp;reserved=0\">inc\u00f3gnita<\/a> e Instagram.<\/strong><\/em><\/p>\n<\/div>\n<p><script async src=\"https:\/\/platform.twitter.com\/widgets.js\" charset=\"utf-8\"><\/script><script async src=\"\/\/www.instagram.com\/embed.js\"><\/script><br \/>\n<br \/>\n","protected":false},"excerpt":{"rendered":"<p>Hace tres a\u00f1os, Andrea Vanek estaba estudiando para ser profesora de artes y oficios cuando, de repente, ataques de mareos y palpitaciones le impidieron incluso dar paseos cortos. Despu\u00e9s de ver a una sucesi\u00f3n de m\u00e9dicos, le diagnosticaron Covid prolongado e incluso ahora pasa la mayor parte de sus d\u00edas en la peque\u00f1a sala de &hellip;<\/p>\n","protected":false},"author":1,"featured_media":6795,"comment_status":"open","ping_status":"open","sticky":false,"template":"","format":"standard","meta":{"fifu_image_url":"https:\/\/gdb.voanews.com\/238db038-7855-45bc-9533-81f10fd84af3_w800_h450.jpg","fifu_image_alt":"","footnotes":""},"categories":[8],"tags":[],"class_list":["post-6793","post","type-post","status-publish","format-standard","has-post-thumbnail","","category-salud"],"_links":{"self":[{"href":"https:\/\/noticiasveraces.com\/index.php?rest_route=\/wp\/v2\/posts\/6793","targetHints":{"allow":["GET"]}}],"collection":[{"href":"https:\/\/noticiasveraces.com\/index.php?rest_route=\/wp\/v2\/posts"}],"about":[{"href":"https:\/\/noticiasveraces.com\/index.php?rest_route=\/wp\/v2\/types\/post"}],"author":[{"embeddable":true,"href":"https:\/\/noticiasveraces.com\/index.php?rest_route=\/wp\/v2\/users\/1"}],"replies":[{"embeddable":true,"href":"https:\/\/noticiasveraces.com\/index.php?rest_route=%2Fwp%2Fv2%2Fcomments&post=6793"}],"version-history":[{"count":0,"href":"https:\/\/noticiasveraces.com\/index.php?rest_route=\/wp\/v2\/posts\/6793\/revisions"}],"wp:featuredmedia":[{"embeddable":true,"href":"https:\/\/noticiasveraces.com\/index.php?rest_route=\/wp\/v2\/media\/6795"}],"wp:attachment":[{"href":"https:\/\/noticiasveraces.com\/index.php?rest_route=%2Fwp%2Fv2%2Fmedia&parent=6793"}],"wp:term":[{"taxonomy":"category","embeddable":true,"href":"https:\/\/noticiasveraces.com\/index.php?rest_route=%2Fwp%2Fv2%2Fcategories&post=6793"},{"taxonomy":"post_tag","embeddable":true,"href":"https:\/\/noticiasveraces.com\/index.php?rest_route=%2Fwp%2Fv2%2Ftags&post=6793"}],"curies":[{"name":"wp","href":"https:\/\/api.w.org\/{rel}","templated":true}]}}