{"id":6775,"date":"2024-12-17T11:20:21","date_gmt":"2024-12-17T15:20:21","guid":{"rendered":"https:\/\/noticiasveraces.com\/?p=6775"},"modified":"2024-12-17T11:20:21","modified_gmt":"2024-12-17T15:20:21","slug":"albert-cogul-primer-espanol-con-paraplejia-en-alcanzar-el-campo-base-del-everest","status":"publish","type":"post","link":"https:\/\/noticiasveraces.com\/?p=6775","title":{"rendered":"Albert Cogul, primer espa\u00f1ol con paraplej\u00eda en alcanzar el Campo Base del Everest"},"content":{"rendered":"<p> \n<\/p>\n<div id=\"intext\">\n<p>El espa\u00f1ol <b>Albert Cogul<\/b> y <b>Proyecto CIM<\/b> han culminado con \u00e9xito su ascenso al <b>Campo Base del Everest<\/b>convirti\u00e9ndose en la primera expedici\u00f3n espa\u00f1ola y europea en lograr este hito con una persona parapl\u00e9jica, seg\u00fan inform\u00f3 la Fundaci\u00f3n Sportium, impulsora de este reto que \u00abrepresenta un avance significativo en la inclusi\u00f3n de personas con movilidad reducida en actividades de alta monta\u00f1a y un mensaje de esperanza para quienes enfrentan retos similares\u00bb.<\/p>\n<p>\u00abUna vez estamos all\u00ed nos damos cuenta de porque nadie lo ha hecho antes. <b>Es una autentica barbarie<\/b>\u00ab, explica Albert Cogul a Antena 3 de Deportes.<\/p>\n<p>Naciones Unidas<b> trekking de 150 kil\u00f3metros <\/b>en unas condiciones muy complicadas y portando una silla de ruedas en todo momento. Esta aventura comenz\u00f3 el pasado 1 de noviembre en <b>Barcelona <\/b>y llegaron a <b>Lukla <\/b>60 horas despu\u00e9s. All\u00ed comenz\u00f3 el camino hacia el campo base del Everest, ubicado a 5.364 metros de altura.<\/p>\n<p>Tras <b>siete etapas de trekking<\/b> a lo largo de nueve d\u00edas y 30 horas de esfuerzo, Albert Cogul y la expedici\u00f3n de CIM Project alcanzaron su objetivo el martes 12 de noviembre.<\/p>\n<h2 class=\"title-h2\">\u00abLa silla de ruedas solo me quita lo que yo quiero\u00bb<\/h2>\n<p>\u00abYo he sido alpinista de toda la vida. \u00bf<b>\u00bfQu\u00e9 hago? \u00bfMe quedo en casa a verlo por la tele? <\/b>Es la certificaci\u00f3n de que la silla de ruedas solo me quita lo que yo quiero que me quite\u00bb, asegura Albert Cogul.<\/p>\n<p>\u00abSe hac\u00edan fotos conmigo y preguntaban a los gu\u00edas y porteadores: &#8216;\u00bfDe d\u00f3nde ha salido este?'\u00bb, recuerda Albert Cogul.<\/p>\n<p>Albert ha pagado un precio por su haza\u00f1a: sufri\u00f3 congelaciones en un pastel. \u00abCualquier persona al nadar genera calor, pero yo voy sentado como si estuviera en el sof\u00e1 de casa\u00bb, asevera Albert Cogul.<\/p>\n<p>Dos de los porteadores eran sus hijos. Llegar con ellos fue un motivo extra de felicidad para Albert.<\/p>\n<p>\u00abAgradezco a Fundaci\u00f3n Sportium que haya contado conmigo cuando les he planteado un reto. <b>Lo hemos conseguido, somos los primeros de Espa\u00f1a y probablemente del mundo en llegar hasta aqu\u00ed con una silla Jo\u00eblette.<\/b>\u00ab, explica Cogul.<\/p>\n<p>Albert Cogul<b> qued\u00f3 parapl\u00e9jico tras un accidente de parapente en 2016<\/b>. Desde entonces ha recorrido m\u00e1s de 40 pa\u00edses en cuatro continentes, demostrando que no existen l\u00edmites para quien persigue sus sue\u00f1os. Entre sus logros destacan su podio en la Copa de Espa\u00f1a de Esqu\u00ed Alpino Adaptado en 2022 y sus medallas de bronce en los Campeonatos de Espa\u00f1a Sitwake en 2022 y 2024.<\/p>\n<p>Adem\u00e1s, Albert Cogul cruz\u00f3 el Atl\u00e1ntico en un velero en 2021 y, en 2023, se convirti\u00f3 en el primer parapl\u00e9jico al realizar el Camino de Santiago en bicicleta adaptada, recorriendo 1.500 kil\u00f3metros en solitario desde Barcelona.<\/p>\n<p><i>S\u00edguenos en nuestro canal de WhatsApp y no te pierdas la \u00faltima hora y toda la actualidad de antena3noticias.com<\/i><\/p>\n<div class=\"recirculation-video\" data-mod=\"a3mod_recirculation_video\">\n<div class=\"recirculation-video-wrapper\">\n<div>\n<div class=\"video-wrapper\">\n  <picture class=\"video-main-picture\"><source media=\"(min-width: 481px)\" srcset=\"https:\/\/fotografias.antena3.com\/clipping\/cmsimages02\/2024\/11\/06\/3B82A394-7EBE-4C16-A5FE-4D20AB49B18A\/carmen-ventoso-jugadora-baloncesto-esclerosis-multiple_94.jpg?crop=1600,900,x0,y48&amp;width=800&amp;height=450&amp;optimize=medium&amp;format=webply\" width=\"800\" height=\"450\"><source media=\"(min-width: 391px) and (max-width: 480px)\" srcset=\"https:\/\/fotografias.antena3.com\/clipping\/cmsimages02\/2024\/11\/06\/3B82A394-7EBE-4C16-A5FE-4D20AB49B18A\/carmen-ventoso-jugadora-baloncesto-esclerosis-multiple_70.jpg?crop=1600,900,x0,y48&amp;width=480&amp;height=270&amp;optimize=high&amp;format=webply\" width=\"480\" height=\"270\"><source media=\"(min-width: 321px) and (max-width: 390px)\" srcset=\"https:\/\/fotografias.antena3.com\/clipping\/cmsimages02\/2024\/11\/06\/3B82A394-7EBE-4C16-A5FE-4D20AB49B18A\/carmen-ventoso-jugadora-baloncesto-esclerosis-multiple_92.jpg?crop=1600,898,x0,y49&amp;width=390&amp;height=219&amp;optimize=high&amp;format=webply\" width=\"390\" height=\"219\"><source media=\"(max-width: 320px)\" srcset=\"https:\/\/fotografias.antena3.com\/clipping\/cmsimages02\/2024\/11\/06\/3B82A394-7EBE-4C16-A5FE-4D20AB49B18A\/carmen-ventoso-jugadora-baloncesto-esclerosis-multiple_52.jpg?crop=1600,900,x0,y48&amp;width=320&amp;height=180&amp;optimize=high&amp;format=webply\" width=\"320\" height=\"180\"><img decoding=\"async\" title=\"Carmen Ventoso, jugadora de baloncesto con esclerosis m\u00faltiple\" alt=\"Carmen Ventoso, jugadora de baloncesto con esclerosis m\u00faltiple\" width=\"480\" height=\"270\" src=\"https:\/\/fotografias.antena3.com\/clipping\/cmsimages02\/2024\/11\/06\/3B82A394-7EBE-4C16-A5FE-4D20AB49B18A\/carmen-ventoso-jugadora-baloncesto-esclerosis-multiple_70.jpg?crop=1600,900,x0,y48&amp;width=480&amp;height=270&amp;optimize=high&amp;format=webply\" loading=\"lazy\" class=\"lazy\"\/><br \/>\n  <\/source><\/source><\/source><\/source><\/picture>\n <\/div>\n<\/div><\/div>\n<\/p><\/div>\n<\/div>\n\n","protected":false},"excerpt":{"rendered":"<p>El espa\u00f1ol Albert Cogul y Proyecto CIM han culminado con \u00e9xito su ascenso al Campo Base del Everestconvirti\u00e9ndose en la primera expedici\u00f3n espa\u00f1ola y europea en lograr este hito con una persona parapl\u00e9jica, seg\u00fan inform\u00f3 la Fundaci\u00f3n Sportium, impulsora de este reto que \u00abrepresenta un avance significativo en la inclusi\u00f3n de personas con movilidad reducida &hellip;<\/p>\n","protected":false},"author":1,"featured_media":6777,"comment_status":"open","ping_status":"open","sticky":false,"template":"","format":"standard","meta":{"fifu_image_url":"https:\/\/fotografias.antena3.com\/clipping\/cmsimages01\/2024\/12\/17\/259F38E1-5611-4FFA-81FB-DA7A09715C98\/albert-cogul-expedicion-cim-project-alcanzar-campo-base-everest_69.jpg?crop=1920,1080,x0,y0&width=1280&height=720&optimize=low&format=jpg","fifu_image_alt":"","footnotes":""},"categories":[6],"tags":[],"class_list":["post-6775","post","type-post","status-publish","format-standard","has-post-thumbnail","","category-deportes"],"_links":{"self":[{"href":"https:\/\/noticiasveraces.com\/index.php?rest_route=\/wp\/v2\/posts\/6775","targetHints":{"allow":["GET"]}}],"collection":[{"href":"https:\/\/noticiasveraces.com\/index.php?rest_route=\/wp\/v2\/posts"}],"about":[{"href":"https:\/\/noticiasveraces.com\/index.php?rest_route=\/wp\/v2\/types\/post"}],"author":[{"embeddable":true,"href":"https:\/\/noticiasveraces.com\/index.php?rest_route=\/wp\/v2\/users\/1"}],"replies":[{"embeddable":true,"href":"https:\/\/noticiasveraces.com\/index.php?rest_route=%2Fwp%2Fv2%2Fcomments&post=6775"}],"version-history":[{"count":0,"href":"https:\/\/noticiasveraces.com\/index.php?rest_route=\/wp\/v2\/posts\/6775\/revisions"}],"wp:featuredmedia":[{"embeddable":true,"href":"https:\/\/noticiasveraces.com\/index.php?rest_route=\/wp\/v2\/media\/6777"}],"wp:attachment":[{"href":"https:\/\/noticiasveraces.com\/index.php?rest_route=%2Fwp%2Fv2%2Fmedia&parent=6775"}],"wp:term":[{"taxonomy":"category","embeddable":true,"href":"https:\/\/noticiasveraces.com\/index.php?rest_route=%2Fwp%2Fv2%2Fcategories&post=6775"},{"taxonomy":"post_tag","embeddable":true,"href":"https:\/\/noticiasveraces.com\/index.php?rest_route=%2Fwp%2Fv2%2Ftags&post=6775"}],"curies":[{"name":"wp","href":"https:\/\/api.w.org\/{rel}","templated":true}]}}