{"id":6758,"date":"2024-12-17T08:35:59","date_gmt":"2024-12-17T12:35:59","guid":{"rendered":"https:\/\/noticiasveraces.com\/?p=6758"},"modified":"2024-12-17T08:35:59","modified_gmt":"2024-12-17T12:35:59","slug":"nueva-pelicula-de-accion-sobre-la-guerra-de-irak-basada-en-los-navy-seals-de-ee-uu-en-tiempo-real-obtiene-su-primer-trailer-peliculas-entretenimiento","status":"publish","type":"post","link":"https:\/\/noticiasveraces.com\/?p=6758","title":{"rendered":"Nueva pel\u00edcula de acci\u00f3n sobre la guerra de Irak basada en los Navy SEALS de EE. UU. en tiempo real obtiene su primer tr\u00e1iler | Pel\u00edculas | Entretenimiento"},"content":{"rendered":"<p> \n<\/p>\n<div>\n<p>A principios de este a\u00f1o, Alex Garland nos present\u00f3 Civil War, una imaginaci\u00f3n dist\u00f3pica de la Segunda Guerra Civil estadounidense en los tiempos modernos.<\/p>\n<p>Y ahora est\u00e1 de regreso en A24 con Warfare, una pel\u00edcula ambientada en 2006 en medio de la guerra de Irak.<\/p>\n<p>El nuevo thriller de acci\u00f3n est\u00e1 coescrito y dirigido por el guionista de 28 Years Days\/28 Years Later.<\/p>\n<p>Esta vez, formando equipo con el veterano de la guerra de Irak Ray Mendoza, quien interpreta a D&#8217;Pharaoh Woon-A-Tai.<\/p>\n<p>Joseph Quinn, Cosmo Jarvis, Will Coulter, Noah Centineo, Michael Gandolfini y m\u00e1s se unen al elenco de la pel\u00edcula de conflicto en tiempo real.<\/p>\n<\/div>\n<div>\n<p>La sinopsis oficial de la pel\u00edcula dice: \u201cWarfare sit\u00faa al p\u00fablico con un pelot\u00f3n de SEAL de la Armada estadounidense en la casa de una familia iraqu\u00ed, supervisando el movimiento de las fuerzas estadounidenses a trav\u00e9s del territorio insurgente. Una historia visceral y pr\u00e1ctica de la guerra moderna, contada como nunca antes: en tiempo real y basada en la memoria de las personas que la vivieron\u201d.<\/p>\n<p><em><strong>Warfare se estrenar\u00e1 en cines en 2025.<\/strong><\/em><\/p>\n<\/div>\n\n","protected":false},"excerpt":{"rendered":"<p>A principios de este a\u00f1o, Alex Garland nos present\u00f3 Civil War, una imaginaci\u00f3n dist\u00f3pica de la Segunda Guerra Civil estadounidense en los tiempos modernos. Y ahora est\u00e1 de regreso en A24 con Warfare, una pel\u00edcula ambientada en 2006 en medio de la guerra de Irak. El nuevo thriller de acci\u00f3n est\u00e1 coescrito y dirigido por &hellip;<\/p>\n","protected":false},"author":1,"featured_media":6759,"comment_status":"open","ping_status":"open","sticky":false,"template":"","format":"standard","meta":{"fifu_image_url":"https:\/\/cdn.images.express.co.uk\/img\/dynamic\/36\/1200x630\/5832110.jpg","fifu_image_alt":"","footnotes":""},"categories":[765],"tags":[],"class_list":["post-6758","post","type-post","status-publish","format-standard","has-post-thumbnail","","category-peliculas"],"_links":{"self":[{"href":"https:\/\/noticiasveraces.com\/index.php?rest_route=\/wp\/v2\/posts\/6758","targetHints":{"allow":["GET"]}}],"collection":[{"href":"https:\/\/noticiasveraces.com\/index.php?rest_route=\/wp\/v2\/posts"}],"about":[{"href":"https:\/\/noticiasveraces.com\/index.php?rest_route=\/wp\/v2\/types\/post"}],"author":[{"embeddable":true,"href":"https:\/\/noticiasveraces.com\/index.php?rest_route=\/wp\/v2\/users\/1"}],"replies":[{"embeddable":true,"href":"https:\/\/noticiasveraces.com\/index.php?rest_route=%2Fwp%2Fv2%2Fcomments&post=6758"}],"version-history":[{"count":0,"href":"https:\/\/noticiasveraces.com\/index.php?rest_route=\/wp\/v2\/posts\/6758\/revisions"}],"wp:featuredmedia":[{"embeddable":true,"href":"https:\/\/noticiasveraces.com\/index.php?rest_route=\/wp\/v2\/media\/6759"}],"wp:attachment":[{"href":"https:\/\/noticiasveraces.com\/index.php?rest_route=%2Fwp%2Fv2%2Fmedia&parent=6758"}],"wp:term":[{"taxonomy":"category","embeddable":true,"href":"https:\/\/noticiasveraces.com\/index.php?rest_route=%2Fwp%2Fv2%2Fcategories&post=6758"},{"taxonomy":"post_tag","embeddable":true,"href":"https:\/\/noticiasveraces.com\/index.php?rest_route=%2Fwp%2Fv2%2Ftags&post=6758"}],"curies":[{"name":"wp","href":"https:\/\/api.w.org\/{rel}","templated":true}]}}