{"id":6746,"date":"2024-12-17T06:02:31","date_gmt":"2024-12-17T10:02:31","guid":{"rendered":"https:\/\/noticiasveraces.com\/?p=6746"},"modified":"2024-12-17T06:02:31","modified_gmt":"2024-12-17T10:02:31","slug":"el-comandante-de-las-sdf-en-siria-advierte-sobre-el-regreso-de-isis-si-los-ataques-aereos-turcos-no-cesan","status":"publish","type":"post","link":"https:\/\/noticiasveraces.com\/?p=6746","title":{"rendered":"El comandante de las SDF en Siria advierte sobre el regreso de ISIS si los ataques a\u00e9reos turcos no cesan"},"content":{"rendered":"<p> \n<\/p>\n<div>\n<p class=\"speakable\">En una entrevista exclusiva con Fox News, el general Mazloum Abdi, comandante de las Fuerzas Democr\u00e1ticas Sirias (SDF), el principal aliado de Estados Unidos cuyos combatientes protegen actualmente a 45.000 militantes de ISIS y sus familias en campos y prisiones en el este de Siria, dijo que el gobierno turco El ej\u00e9rcito y sus fuerzas aliadas contin\u00faan atacando a sus fuerzas kurdas, a pesar de un acuerdo de alto el fuego negociado por Estados Unidos el mi\u00e9rcoles. <\/p>\n<p class=\"speakable\">\u00abTodav\u00eda estamos bajo constante ataque del ej\u00e9rcito turco y de la oposici\u00f3n apoyada por Turqu\u00eda, llamada SNA\u00bb, dijo el general Mazloum a Fox. \u00abTenemos ochenta ataques diarios con drones por parte del ej\u00e9rcito turco. Hay bombardeos intensivos de artiller\u00eda. Esta situaci\u00f3n ha paralizado nuestra operaci\u00f3n antiterrorista\u00bb. <\/p>\n<p>Los ataques del ej\u00e9rcito turco contra las SDF han aumentado desde la ca\u00edda de Bashar Al Assad el 8 de diciembre. El general Mazloum advirti\u00f3 que si sus combatientes kurdos tienen que huir, ISIS regresar\u00eda.<\/p>\n<p><strong>LAS PRISIONES POL\u00cdTICAS LIBERADAS EN SIRIA REVELAN LA SABROSA REALIDAD DEL R\u00c9GIMEN DE TORTURA DE BASHAR ASSAD<\/strong><\/p>\n<p>El general Mazloum dijo que la mitad de sus combatientes que custodiaban los campamentos de ISIS tuvieron que retirarse en los \u00faltimos d\u00edas.<\/p>\n<p>\u00abTodas las prisiones todav\u00eda est\u00e1n bajo nuestro control. Sin embargo, las prisiones y los campos se encuentran en una situaci\u00f3n cr\u00edtica porque \u00bfqui\u00e9n los vigila? Se van y tienen que proteger a sus familias\u00bb, dijo el general Mazloum en una entrevista desde su base en Siria oriental. \u00abPuedo darles un ejemplo, como la prisi\u00f3n del ISIS de Raqqa, que contiene alrededor de 1.000 excombatientes del ISIS. El n\u00famero de guardias all\u00ed se ha reducido a la mitad, lo que los coloca en una posici\u00f3n fr\u00e1gil\u00bb. <\/p>\n<p>Una escalofriante advertencia de uno de los aliados m\u00e1s firmes de Estados Unidos. Estados Unidos tiene 900 soldados en el este de Siria, y probablemente tendr\u00edan que retirarse si los combatientes kurdos aliados se retiran bajo el ataque del ej\u00e9rcito turco, que considera a los kurdos como una amenaza terrorista.<\/p>\n<p>\u00abNo queremos que eso suceda. Por eso estamos en contacto muy estrecho con nuestros socios de las SDF para tratar de mantener ese enfoque en las misiones contra ISIS. Y, lo que es igualmente importante, estamos en contacto con nuestros hom\u00f3logos turcos\u00bb, dijo El asesor de comunicaciones de seguridad nacional, John Kirby, durante una conferencia de prensa en la Casa Blanca el jueves.<\/p>\n<div class=\"image-ct inline\">\n<div class=\"m\"><picture><source media=\"(max-width: 767px)\" srcset=\"https:\/\/a57.foxnews.com\/static.foxnews.com\/foxnews.com\/content\/uploads\/2022\/07\/343\/192\/Syria-ISIS-flag.png?ve=1&amp;tl=1, https:\/\/a57.foxnews.com\/static.foxnews.com\/foxnews.com\/content\/uploads\/2022\/07\/686\/384\/Syria-ISIS-flag.png?ve=1&amp;tl=1 2x\" height=\"192\" width=\"343\"><source media=\"(min-width: 768px) and (max-width: 1023px)\" srcset=\"https:\/\/a57.foxnews.com\/static.foxnews.com\/foxnews.com\/content\/uploads\/2022\/07\/672\/378\/Syria-ISIS-flag.png?ve=1&amp;tl=1, https:\/\/a57.foxnews.com\/static.foxnews.com\/foxnews.com\/content\/uploads\/2022\/07\/1344\/756\/Syria-ISIS-flag.png?ve=1&amp;tl=1 2x\" height=\"378\" width=\"672\"><source media=\"(min-width: 1024px) and (max-width: 1279px)\" srcset=\"https:\/\/a57.foxnews.com\/static.foxnews.com\/foxnews.com\/content\/uploads\/2022\/07\/931\/523\/Syria-ISIS-flag.png?ve=1&amp;tl=1, https:\/\/a57.foxnews.com\/static.foxnews.com\/foxnews.com\/content\/uploads\/2022\/07\/1862\/1046\/Syria-ISIS-flag.png?ve=1&amp;tl=1 2x\" height=\"523\" width=\"931\"><source media=\"(min-width: 1280px)\" srcset=\"https:\/\/a57.foxnews.com\/static.foxnews.com\/foxnews.com\/content\/uploads\/2022\/07\/720\/405\/Syria-ISIS-flag.png?ve=1&amp;tl=1, https:\/\/a57.foxnews.com\/static.foxnews.com\/foxnews.com\/content\/uploads\/2022\/07\/1440\/810\/Syria-ISIS-flag.png?ve=1&amp;tl=1 2x\" height=\"405\" width=\"720\"><img loading=\"lazy\" decoding=\"async\" src=\"https:\/\/a57.foxnews.com\/static.foxnews.com\/foxnews.com\/content\/uploads\/2022\/07\/1200\/675\/Syria-ISIS-flag.png?ve=1&amp;tl=1\" alt=\"Militante del Estado Isl\u00e1mico sostiene la bandera de ISIS en un entorno des\u00e9rtico\" width=\"1200\" height=\"675\"\/><\/source><\/source><\/source><\/source><\/picture><\/div>\n<div class=\"info\">\n<div class=\"caption\">\n<p><span>Un terrorista enmascarado del Estado Isl\u00e1mico posa sosteniendo la bandera de ISIS.<\/span> <span>(Im\u00e1genes de History\/Universal Images Group v\u00eda Getty Images)<\/span><\/p>\n<\/div>\n<\/div>\n<\/div>\n<p>El secretario de Estado, Anthony Blinken, se encuentra hoy en Turqu\u00eda reuni\u00e9ndose con el presidente Recep Erdogan para discutir c\u00f3mo traer estabilidad a Siria.<\/p>\n<p>El secretario Blinken \u00abreiter\u00f3 la importancia de que todos los actores en Siria respeten los derechos humanos, respeten el derecho internacional humanitario y tomen todas las medidas posibles para proteger a los civiles, incluidos los miembros de grupos minoritarios\u00bb, dijo el portavoz del Departamento de Estado, Matthew Miller, en un comunicado tras la reuni\u00f3n con el presidente. Erdogan. \u00abEnfatiz\u00f3 la necesidad de garantizar que la coalici\u00f3n pueda continuar ejecutando su misi\u00f3n cr\u00edtica para derrotar a ISIS\u00bb. <\/p>\n<p>El comandante general del CENTCOM, Erik Kurilla, se reuni\u00f3 con el general Mazloum y las SDF en Siria el martes, dos d\u00edas despu\u00e9s de que el ej\u00e9rcito estadounidense llevara a cabo extensos ataques a\u00e9reos contra docenas de posiciones de ISIS en el este de Siria. La operaci\u00f3n atac\u00f3 m\u00e1s de 75 objetivos (campamentos y operativos) utilizando B-52, F-15 y A-10 de la Fuerza A\u00e9rea de EE. UU., seg\u00fan un comunicado emitido por el Comando Central de EE. UU.<\/p>\n<p>\u00abNo deber\u00eda haber ninguna duda: no permitiremos que ISIS se reconstituya y se aproveche de la situaci\u00f3n actual en Siria\u00bb, afirm\u00f3 Kurilla. \u00abTodas las organizaciones en Siria deben saber que las haremos responsables si se asocian o apoyan a ISIS de alguna manera\u00bb.<\/p>\n<p>El mi\u00e9rcoles, las SDF anunciaron una tregua con los rebeldes sirios respaldados por Turqu\u00eda en el norte de Manbij tras la mediaci\u00f3n de Estados Unidos \u00abpara garantizar la seguridad de los civiles\u00bb, dijo el general Mazloum a primera hora del mi\u00e9rcoles.<\/p>\n<p><strong>GRUPO ESTADOUNIDENSE BUSCA A ESTADOUNIDENSES SECUESTRADOS EN SIRIA TRAS LA CA\u00cdDA DEL R\u00c9GIMEN DE ASSAD<\/strong><\/p>\n<p>\u00abLos combatientes del Consejo Militar de Manbij, que resisten los ataques desde el 27 de noviembre, se retirar\u00e1n de la zona lo antes posible\u00bb, a\u00f1adi\u00f3 el general Mazloum. <\/p>\n<p>Y nuevos indicios sugieren que se ha acordado provisionalmente un alto el fuego el jueves por la noche en Alepo y Deir Ezzor, al sur de Raqqa, a lo largo del r\u00edo \u00c9ufrates.<\/p>\n<div class=\"image-ct inline\">\n<div class=\"m\"><picture><source media=\"(max-width: 767px)\" srcset=\"https:\/\/a57.foxnews.com\/static.foxnews.com\/foxnews.com\/content\/uploads\/2024\/12\/343\/192\/damascus.jpg?ve=1&amp;tl=1, https:\/\/a57.foxnews.com\/static.foxnews.com\/foxnews.com\/content\/uploads\/2024\/12\/686\/384\/damascus.jpg?ve=1&amp;tl=1 2x\" height=\"192\" width=\"343\"><source media=\"(min-width: 768px) and (max-width: 1023px)\" srcset=\"https:\/\/a57.foxnews.com\/static.foxnews.com\/foxnews.com\/content\/uploads\/2024\/12\/672\/378\/damascus.jpg?ve=1&amp;tl=1, https:\/\/a57.foxnews.com\/static.foxnews.com\/foxnews.com\/content\/uploads\/2024\/12\/1344\/756\/damascus.jpg?ve=1&amp;tl=1 2x\" height=\"378\" width=\"672\"><source media=\"(min-width: 1024px) and (max-width: 1279px)\" srcset=\"https:\/\/a57.foxnews.com\/static.foxnews.com\/foxnews.com\/content\/uploads\/2024\/12\/931\/523\/damascus.jpg?ve=1&amp;tl=1, https:\/\/a57.foxnews.com\/static.foxnews.com\/foxnews.com\/content\/uploads\/2024\/12\/1862\/1046\/damascus.jpg?ve=1&amp;tl=1 2x\" height=\"523\" width=\"931\"><source media=\"(min-width: 1280px)\" srcset=\"https:\/\/a57.foxnews.com\/static.foxnews.com\/foxnews.com\/content\/uploads\/2024\/12\/720\/405\/damascus.jpg?ve=1&amp;tl=1, https:\/\/a57.foxnews.com\/static.foxnews.com\/foxnews.com\/content\/uploads\/2024\/12\/1440\/810\/damascus.jpg?ve=1&amp;tl=1 2x\" height=\"405\" width=\"720\"><img loading=\"lazy\" decoding=\"async\" src=\"https:\/\/a57.foxnews.com\/static.foxnews.com\/foxnews.com\/content\/uploads\/2024\/12\/1200\/675\/damascus.jpg?ve=1&amp;tl=1\" alt=\"La gente se re\u00fane en Siria\" width=\"1200\" height=\"675\"\/><\/source><\/source><\/source><\/source><\/picture><\/div>\n<div class=\"info\">\n<div class=\"caption\">\n<p><span>Los sirios se re\u00fanen en la Plaza Omeya para celebrar el colapso de 61 a\u00f1os de gobierno del Partido Baaz en Damasco, Siria, el 9 de diciembre de 2024.<\/span> <span>(Murat Sengul\/Anadolu v\u00eda Getty Images)<\/span><\/p>\n<\/div>\n<\/div>\n<\/div>\n<p>Al general Mazloum le preocupa lo que suceder\u00eda si Estados Unidos retirara sus fuerzas de Siria ahora mismo.<\/p>\n<p>\u00abVimos que los rusos ya no tienen influencia en el pa\u00eds, lo mismo ocurre con los iran\u00edes. As\u00ed que si ahora las tropas estadounidenses se retiran de Siria, eso traer\u00e1 un vac\u00edo\u00bb.<\/p>\n<p><strong>EL EMBAJADOR DE ISRAEL EN LA ONU INSISTE EN QUE LA NACI\u00d3N &#8216;NO SE INVOLUCRA&#8217; EN EL CAMBIO DE R\u00c9GIMEN SIRIO<\/strong><\/p>\n<p>A\u00f1adi\u00f3 la siguiente advertencia: \u00abEsperamos que esos islamistas, diferentes facciones, se unan, luchen con ISIS y eso traer\u00e1 de regreso al pa\u00eds a extremistas m\u00e1s duros y organizaciones terroristas\u00bb.<\/p>\n<p>El comandante de las SDF teme que pueda comenzar otra sangrienta guerra civil si el nuevo gobierno sirio en Damasco no incluye a diferentes grupos minoritarios, como los kurdos sirios.<\/p>\n<div class=\"image-ct inline\">\n<div class=\"m\"><picture><source media=\"(max-width: 767px)\" srcset=\"https:\/\/a57.foxnews.com\/static.foxnews.com\/foxnews.com\/content\/uploads\/2024\/12\/343\/192\/ap24339595941472-scaled.jpg?ve=1&amp;tl=1, https:\/\/a57.foxnews.com\/static.foxnews.com\/foxnews.com\/content\/uploads\/2024\/12\/686\/384\/ap24339595941472-scaled.jpg?ve=1&amp;tl=1 2x\" height=\"192\" width=\"343\"><source media=\"(min-width: 768px) and (max-width: 1023px)\" srcset=\"https:\/\/a57.foxnews.com\/static.foxnews.com\/foxnews.com\/content\/uploads\/2024\/12\/672\/378\/ap24339595941472-scaled.jpg?ve=1&amp;tl=1, https:\/\/a57.foxnews.com\/static.foxnews.com\/foxnews.com\/content\/uploads\/2024\/12\/1344\/756\/ap24339595941472-scaled.jpg?ve=1&amp;tl=1 2x\" height=\"378\" width=\"672\"><source media=\"(min-width: 1024px) and (max-width: 1279px)\" srcset=\"https:\/\/a57.foxnews.com\/static.foxnews.com\/foxnews.com\/content\/uploads\/2024\/12\/931\/523\/ap24339595941472-scaled.jpg?ve=1&amp;tl=1, https:\/\/a57.foxnews.com\/static.foxnews.com\/foxnews.com\/content\/uploads\/2024\/12\/1862\/1046\/ap24339595941472-scaled.jpg?ve=1&amp;tl=1 2x\" height=\"523\" width=\"931\"><source media=\"(min-width: 1280px)\" srcset=\"https:\/\/a57.foxnews.com\/static.foxnews.com\/foxnews.com\/content\/uploads\/2024\/12\/720\/405\/ap24339595941472-scaled.jpg?ve=1&amp;tl=1, https:\/\/a57.foxnews.com\/static.foxnews.com\/foxnews.com\/content\/uploads\/2024\/12\/1440\/810\/ap24339595941472-scaled.jpg?ve=1&amp;tl=1 2x\" height=\"405\" width=\"720\"><img loading=\"lazy\" decoding=\"async\" src=\"https:\/\/a57.foxnews.com\/static.foxnews.com\/foxnews.com\/content\/uploads\/2024\/12\/1200\/675\/ap24339595941472-scaled.jpg?ve=1&amp;tl=1\" alt=\"Personas con armas en uniformes militares\" width=\"1200\" height=\"675\"\/><\/source><\/source><\/source><\/source><\/picture><\/div>\n<div class=\"info\">\n<div class=\"caption\">\n<p><span>Los kurdos desplazados abandonan el campo de refugiados en el norte de Alepo y huyen a Afrin el 4 de diciembre de 2024.<\/span> <span>(Ugur Yildirim\/DIA Images\/Abaca\/Sipa USA(Sipa v\u00eda AP Images)<\/span><\/p>\n<\/div>\n<\/div>\n<\/div>\n<p>\u00abPor lo tanto, cualquier nuevo gobierno en Siria debe ser representativo, debe ser inclusivo y contener e incluir a todos los diferentes partidos de Siria. Entonces, si no, eso nos llevar\u00e1 a una sangrienta guerra civil en el pa\u00eds y eso nos pondr\u00e1 en una enorme etapa de escalada\u00bb. camino en el que nadie puede predecir el destino\u00bb, dijo el general Mazloum a Fox.<\/p>\n<p><strong><u>HAGA CLIC AQU\u00cd PARA OBTENER LA APLICACI\u00d3N FOX NEWS<\/u><\/strong><\/p>\n<p>Frente a los aviones de combate turcos, las SDF derribaron por error un dron estadounidense MQ-9 Reaper en Siria el lunes, como resultado de un \u00abfuego amigo\u00bb, dijo un funcionario de defensa estadounidense a Fox News. \u00abLos combatientes kurdos respaldados por Estados Unidos que est\u00e1n bajo ataque del ej\u00e9rcito turco identificaron err\u00f3neamente el dron como una amenaza\u00bb, dijo el funcionario.<\/p>\n<p> <!----> <\/p>\n<div class=\"article-meta\">\n<div class=\"author-bio\">\n<p>Jennifer Griffin actualmente se desempe\u00f1a como corresponsal de seguridad nacional para FOX News Channel (FNC) y trabaja en la oficina de Washington DC. Se uni\u00f3 a la red en octubre de 1999 como corresponsal en Jerusal\u00e9n.<\/p>\n<\/div>\n<\/div>\n<\/div>\n\n","protected":false},"excerpt":{"rendered":"<p>En una entrevista exclusiva con Fox News, el general Mazloum Abdi, comandante de las Fuerzas Democr\u00e1ticas Sirias (SDF), el principal aliado de Estados Unidos cuyos combatientes protegen actualmente a 45.000 militantes de ISIS y sus familias en campos y prisiones en el este de Siria, dijo que el gobierno turco El ej\u00e9rcito y sus fuerzas &hellip;<\/p>\n","protected":false},"author":1,"featured_media":6748,"comment_status":"open","ping_status":"open","sticky":false,"template":"","format":"standard","meta":{"fifu_image_url":"https:\/\/static.foxnews.com\/foxnews.com\/content\/uploads\/2024\/12\/isis-centcom.jpg","fifu_image_alt":"","footnotes":""},"categories":[13],"tags":[],"class_list":["post-6746","post","type-post","status-publish","format-standard","has-post-thumbnail","","category-mundo"],"_links":{"self":[{"href":"https:\/\/noticiasveraces.com\/index.php?rest_route=\/wp\/v2\/posts\/6746","targetHints":{"allow":["GET"]}}],"collection":[{"href":"https:\/\/noticiasveraces.com\/index.php?rest_route=\/wp\/v2\/posts"}],"about":[{"href":"https:\/\/noticiasveraces.com\/index.php?rest_route=\/wp\/v2\/types\/post"}],"author":[{"embeddable":true,"href":"https:\/\/noticiasveraces.com\/index.php?rest_route=\/wp\/v2\/users\/1"}],"replies":[{"embeddable":true,"href":"https:\/\/noticiasveraces.com\/index.php?rest_route=%2Fwp%2Fv2%2Fcomments&post=6746"}],"version-history":[{"count":0,"href":"https:\/\/noticiasveraces.com\/index.php?rest_route=\/wp\/v2\/posts\/6746\/revisions"}],"wp:featuredmedia":[{"embeddable":true,"href":"https:\/\/noticiasveraces.com\/index.php?rest_route=\/wp\/v2\/media\/6748"}],"wp:attachment":[{"href":"https:\/\/noticiasveraces.com\/index.php?rest_route=%2Fwp%2Fv2%2Fmedia&parent=6746"}],"wp:term":[{"taxonomy":"category","embeddable":true,"href":"https:\/\/noticiasveraces.com\/index.php?rest_route=%2Fwp%2Fv2%2Fcategories&post=6746"},{"taxonomy":"post_tag","embeddable":true,"href":"https:\/\/noticiasveraces.com\/index.php?rest_route=%2Fwp%2Fv2%2Ftags&post=6746"}],"curies":[{"name":"wp","href":"https:\/\/api.w.org\/{rel}","templated":true}]}}