{"id":6707,"date":"2024-12-16T23:00:27","date_gmt":"2024-12-17T03:00:27","guid":{"rendered":"https:\/\/noticiasveraces.com\/?p=6707"},"modified":"2024-12-16T23:00:27","modified_gmt":"2024-12-17T03:00:27","slug":"jorge-mendes-sobre-lamine-yamal-renovara-el-es-el-barca","status":"publish","type":"post","link":"https:\/\/noticiasveraces.com\/?p=6707","title":{"rendered":"Jorge Mendes, sobre Lamine Yamal: &quot;Renovar\u00e1, \u00e9l es el Bar\u00e7a&quot;"},"content":{"rendered":"<p> \n<br \/><img decoding=\"async\" src=\"https:\/\/fotografias.antena3.com\/clipping\/cmsimages01\/2024\/12\/16\/CED1C90F-79FB-4CA7-82A5-FB433205AEC7\/lamine-yamal_96.jpg?crop=7136,4014,x0,y0&amp;width=1200&amp;height=675&amp;optimize=low&amp;format=webply\" \/><\/p>\n<p>es <b>\u00bfPuede el Bar\u00e7a?<\/b> existe preocupacion sobre el <b>estado f\u00edsico de Lamine Yamal<\/b>y la manera en la que su <b>ausencia <\/b>durante las <b>3-4 pr\u00f3ximas semanas<\/b> puede influir en el rendimiento del equipo. Sin embargo, su agente, el popular Jorge Mendes, ha dado este lunes la mejor noticia posible sobre su futuro.<\/p>\n<h2 class=\"title-h2\">\u00abS\u00ed, va a renovar con el Bar\u00e7a\u00bb<\/h2>\n<p>\u00ab<b>S\u00ed, va a renovar con el Bar\u00e7a, \u00e9l es el Bar\u00e7a<\/b>\u00ab, respondi\u00f3 el agente portugu\u00e9s en la ceremonia de entrega de premios del &#8216;Golden Boy&#8217; (mejor jugador sub-21), galard\u00f3n que fue a parar a manos del joven cul\u00e9 antes de la ceremonia al no poder asistir este por temas log\u00edsticos. Yamal ofreci\u00f3 el trofeo este domingo ante su p\u00fablico <b>en la derrota del Bar\u00e7a ante el Legan\u00e9s<\/b> (0-1). El atacante cogi\u00f3 el testigo de Bellingham y fue el cuarto cul\u00e9 en recoger el galard\u00f3n tras <b>Messi, Pedri y Gavi<\/b>.<\/p>\n<p>Lamine, que renov\u00f3 en octubre de 2023 hasta junio de 2026, seguir\u00e1 en el club que le form\u00f3 y le vio crecer, aunque todav\u00eda falta la confirmaci\u00f3n oficial y el resto de los t\u00e9rminos (a\u00f1os de contrato y cl\u00e1usula). Lo que est\u00e1 claro es que el Bar\u00e7a brindar\u00e1 como es debido a su alegr\u00eda y al que es ahora mismo uno de los mejores futbolistas del planeta.<\/p>\n<blockquote class=\"blockquote \">\n<p class=\"blockquote__quote\">\u00abEl jugador con m\u00e1s posibilidades de hacer las cosas bien ahora es Lamine\u00bb<\/p>\n<footer class=\"blockquote__footer\">\n<p class=\"blockquote__info\">Jorge M\u00e9ndez<\/p>\n<\/footer>\n<\/blockquote>\n<p>Es m\u00e1s, el propio Mendes recibi\u00f3 el premio a mejor agente de 2024 y en cierta parte compar\u00f3 el impacto de Yamal con el de Cristiano Ronaldo: \u00abCristiano es \u00fanico, es el mejor de la historia. El jugador con m\u00e1s talento y <b>m\u00e1s posibilidades de hacer ahora las cosas bien es Lamine Yamal<\/b>\u00ab.<\/p>\n<p>El jugador de 17 a\u00f1os ya es un indiscutible en el once de Hansi Flick, y es que en su segunda temporada en el primer equipo el crack zurdo ya ha anotado 13 goles y ha repartido 18 asistencias entre todas las competiciones. Eso sin contar su brillante Eurocopa con Espa\u00f1a en la que tambi\u00e9n dio 4 pases de gol y marc\u00f3 uno de los goles del torneo a Francia en las semifinales.<\/p>\n<p><i>S\u00edguenos en nuestro canal de WhatsApp y no te pierdas la \u00faltima hora y toda la actualidad de antena3noticias.com<\/i><\/p>\n\n","protected":false},"excerpt":{"rendered":"<p>es \u00bfPuede el Bar\u00e7a? existe preocupacion sobre el estado f\u00edsico de Lamine Yamaly la manera en la que su ausencia durante las 3-4 pr\u00f3ximas semanas puede influir en el rendimiento del equipo. Sin embargo, su agente, el popular Jorge Mendes, ha dado este lunes la mejor noticia posible sobre su futuro. \u00abS\u00ed, va a renovar &hellip;<\/p>\n","protected":false},"author":1,"featured_media":6709,"comment_status":"open","ping_status":"open","sticky":false,"template":"","format":"standard","meta":{"fifu_image_url":"https:\/\/fotografias.antena3.com\/clipping\/cmsimages01\/2024\/12\/16\/CED1C90F-79FB-4CA7-82A5-FB433205AEC7\/lamine-yamal_69.jpg?crop=7136,4014,x0,y0&width=1280&height=720&optimize=low&format=jpg","fifu_image_alt":"","footnotes":""},"categories":[6],"tags":[],"class_list":["post-6707","post","type-post","status-publish","format-standard","has-post-thumbnail","","category-deportes"],"_links":{"self":[{"href":"https:\/\/noticiasveraces.com\/index.php?rest_route=\/wp\/v2\/posts\/6707","targetHints":{"allow":["GET"]}}],"collection":[{"href":"https:\/\/noticiasveraces.com\/index.php?rest_route=\/wp\/v2\/posts"}],"about":[{"href":"https:\/\/noticiasveraces.com\/index.php?rest_route=\/wp\/v2\/types\/post"}],"author":[{"embeddable":true,"href":"https:\/\/noticiasveraces.com\/index.php?rest_route=\/wp\/v2\/users\/1"}],"replies":[{"embeddable":true,"href":"https:\/\/noticiasveraces.com\/index.php?rest_route=%2Fwp%2Fv2%2Fcomments&post=6707"}],"version-history":[{"count":0,"href":"https:\/\/noticiasveraces.com\/index.php?rest_route=\/wp\/v2\/posts\/6707\/revisions"}],"wp:featuredmedia":[{"embeddable":true,"href":"https:\/\/noticiasveraces.com\/index.php?rest_route=\/wp\/v2\/media\/6709"}],"wp:attachment":[{"href":"https:\/\/noticiasveraces.com\/index.php?rest_route=%2Fwp%2Fv2%2Fmedia&parent=6707"}],"wp:term":[{"taxonomy":"category","embeddable":true,"href":"https:\/\/noticiasveraces.com\/index.php?rest_route=%2Fwp%2Fv2%2Fcategories&post=6707"},{"taxonomy":"post_tag","embeddable":true,"href":"https:\/\/noticiasveraces.com\/index.php?rest_route=%2Fwp%2Fv2%2Ftags&post=6707"}],"curies":[{"name":"wp","href":"https:\/\/api.w.org\/{rel}","templated":true}]}}