{"id":6690,"date":"2024-12-16T19:16:57","date_gmt":"2024-12-16T23:16:57","guid":{"rendered":"https:\/\/noticiasveraces.com\/?p=6690"},"modified":"2024-12-16T19:16:57","modified_gmt":"2024-12-16T23:16:57","slug":"trump-dice-que-turquia-realizo-una-toma-hostil-del-poder-en-siria-mientras-el-alto-el-fuego-mediado-por-estados-unidos-parece-fracasar","status":"publish","type":"post","link":"https:\/\/noticiasveraces.com\/?p=6690","title":{"rendered":"Trump dice que Turqu\u00eda \u00abrealiz\u00f3 una toma hostil del poder\u00bb en Siria mientras el alto el fuego mediado por Estados Unidos parece fracasar"},"content":{"rendered":"<p> \n<\/p>\n<div>\n<div class=\"article-gating gated-overlay\">\n<div class=\"article-gating-wrapper\">\n<p>\u00danase a Fox News para acceder a este contenido<\/p>\n<p>Adem\u00e1s, acceso especial a art\u00edculos seleccionados y otro contenido premium con su cuenta, sin cargo.<\/p>\n<div class=\"article-gating-legal tablet-desktop\">Al ingresar su correo electr\u00f3nico y presionar Continuar, acepta los T\u00e9rminos de uso y la Pol\u00edtica de privacidad de Fox News, que incluye nuestro Aviso de incentivo financiero.\n    <\/div>\n<p><span>Por favor, introduce una direcci\u00f3n de correo electr\u00f3nico v\u00e1lida.<\/span><\/p>\n<footer class=\"article-gating-footer\">\u00bfTienes problemas? Haga clic aqu\u00ed.<\/footer>\n<\/div>\n<\/div>\n<p class=\"speakable\">El presidente electo Trump describi\u00f3 el lunes la reciente ca\u00edda del r\u00e9gimen de Bashar al-Assad como una \u00abtoma de poder hostil\u00bb orquestada por Turqu\u00eda. <\/p>\n<p class=\"speakable\">\u00abCreo que Turqu\u00eda es muy inteligente\u00bb, afirm\u00f3 en una rueda de prensa en su residencia de Florida. \u00abTurqu\u00eda tom\u00f3 el poder de manera hostil, sin que se perdieran muchas vidas. Puedo decir que Assad era un carnicero, lo que le hizo a los ni\u00f1os\u00bb.<\/p>\n<p>Assad huy\u00f3 a Rusia hace poco m\u00e1s de una semana despu\u00e9s de que la organizaci\u00f3n derivada de Al Qaeda llamada Hay&#8217;at Tahrir al-Sham (HTS) r\u00e1pidamente se apoderara del oeste de Siria en una ofensiva que comenz\u00f3 el 27 de noviembre, tomando primero Alepo, Hama y Homsc. antes de apoderarse de la ciudad capital de Damasco. <\/p>\n<div class=\"image-ct inline\">\n<div class=\"m\"><picture><source media=\"(max-width: 767px)\" srcset=\"https:\/\/a57.foxnews.com\/static.foxnews.com\/foxnews.com\/content\/uploads\/2024\/12\/343\/192\/syria-1.jpg?ve=1&amp;tl=1, https:\/\/a57.foxnews.com\/static.foxnews.com\/foxnews.com\/content\/uploads\/2024\/12\/686\/384\/syria-1.jpg?ve=1&amp;tl=1 2x\" height=\"192\" width=\"343\"><source media=\"(min-width: 768px) and (max-width: 1023px)\" srcset=\"https:\/\/a57.foxnews.com\/static.foxnews.com\/foxnews.com\/content\/uploads\/2024\/12\/672\/378\/syria-1.jpg?ve=1&amp;tl=1, https:\/\/a57.foxnews.com\/static.foxnews.com\/foxnews.com\/content\/uploads\/2024\/12\/1344\/756\/syria-1.jpg?ve=1&amp;tl=1 2x\" height=\"378\" width=\"672\"><source media=\"(min-width: 1024px) and (max-width: 1279px)\" srcset=\"https:\/\/a57.foxnews.com\/static.foxnews.com\/foxnews.com\/content\/uploads\/2024\/12\/931\/523\/syria-1.jpg?ve=1&amp;tl=1, https:\/\/a57.foxnews.com\/static.foxnews.com\/foxnews.com\/content\/uploads\/2024\/12\/1862\/1046\/syria-1.jpg?ve=1&amp;tl=1 2x\" height=\"523\" width=\"931\"><source media=\"(min-width: 1280px)\" srcset=\"https:\/\/a57.foxnews.com\/static.foxnews.com\/foxnews.com\/content\/uploads\/2024\/12\/720\/405\/syria-1.jpg?ve=1&amp;tl=1, https:\/\/a57.foxnews.com\/static.foxnews.com\/foxnews.com\/content\/uploads\/2024\/12\/1440\/810\/syria-1.jpg?ve=1&amp;tl=1 2x\" height=\"405\" width=\"720\"><img loading=\"lazy\" decoding=\"async\" src=\"https:\/\/a57.foxnews.com\/static.foxnews.com\/foxnews.com\/content\/uploads\/2024\/12\/1200\/675\/syria-1.jpg?ve=1&amp;tl=1\" alt=\"Fuerzas rebeldes en Siria\" width=\"1200\" height=\"675\"\/><\/source><\/source><\/source><\/source><\/picture><\/div>\n<div class=\"info\">\n<div class=\"caption\">\n<p><span>Las fuerzas rebeldes tomaron la base a\u00e9rea de Mengh y la ciudad de Tel Rifaat en el campo de Alepo el 1 de diciembre de 2024.<\/span> <span>(Rami Alsayed\/NurPhoto v\u00eda Getty Images)<\/span><\/p>\n<\/div>\n<\/div>\n<\/div>\n<p><strong>Assad se pinta a s\u00ed mismo como &#8216;custodio&#8217; de Siria mientras se desarrolla la imagen del colapso de Damasco<\/strong><\/p>\n<p>El futuro de Siria, tanto para su gobierno como para su pueblo, sigue sin estar claro mientras la organizaci\u00f3n HTS, considerada una red terrorista por Estados Unidos pero que cuenta con el respaldo del Ej\u00e9rcito Nacional Sirio (SNA) apoyado por Turqu\u00eda, busca mantenerse en el poder. . <\/p>\n<p>La ca\u00edda del r\u00e9gimen de Assad ha significado el fin de la guerra civil de casi 14 a\u00f1os que asol\u00f3 la naci\u00f3n, aunque la amenaza contra las Fuerzas Democr\u00e1ticas Sirias (FDS) lideradas por los kurdos, respaldadas por Estados Unidos, no ha terminado, ya que Turqu\u00eda contin\u00faa consider\u00e1ndolas una uno de sus principales adversarios regionales. <\/p>\n<p>Las SDF han ayudado a Estados Unidos en su lucha contra ISIS durante m\u00e1s de una d\u00e9cada, pero Turqu\u00eda, que comparte frontera con Siria, ha considerado durante mucho tiempo que el grupo est\u00e1 afiliado al extremista Partido de los Trabajadores del Kurdist\u00e1n (PKK) y que, a trav\u00e9s de el SNA, se ha enfrentado con las fuerzas lideradas por los kurdos. <\/p>\n<div class=\"image-ct inline\">\n<div class=\"m\"><picture><source media=\"(max-width: 767px)\" srcset=\"https:\/\/a57.foxnews.com\/static.foxnews.com\/foxnews.com\/content\/uploads\/2024\/12\/343\/192\/trump-mar-a-lago.jpg?ve=1&amp;tl=1, https:\/\/a57.foxnews.com\/static.foxnews.com\/foxnews.com\/content\/uploads\/2024\/12\/686\/384\/trump-mar-a-lago.jpg?ve=1&amp;tl=1 2x\" height=\"192\" width=\"343\"><source media=\"(min-width: 768px) and (max-width: 1023px)\" srcset=\"https:\/\/a57.foxnews.com\/static.foxnews.com\/foxnews.com\/content\/uploads\/2024\/12\/672\/378\/trump-mar-a-lago.jpg?ve=1&amp;tl=1, https:\/\/a57.foxnews.com\/static.foxnews.com\/foxnews.com\/content\/uploads\/2024\/12\/1344\/756\/trump-mar-a-lago.jpg?ve=1&amp;tl=1 2x\" height=\"378\" width=\"672\"><source media=\"(min-width: 1024px) and (max-width: 1279px)\" srcset=\"https:\/\/a57.foxnews.com\/static.foxnews.com\/foxnews.com\/content\/uploads\/2024\/12\/931\/523\/trump-mar-a-lago.jpg?ve=1&amp;tl=1, https:\/\/a57.foxnews.com\/static.foxnews.com\/foxnews.com\/content\/uploads\/2024\/12\/1862\/1046\/trump-mar-a-lago.jpg?ve=1&amp;tl=1 2x\" height=\"523\" width=\"931\"><source media=\"(min-width: 1280px)\" srcset=\"https:\/\/a57.foxnews.com\/static.foxnews.com\/foxnews.com\/content\/uploads\/2024\/12\/720\/405\/trump-mar-a-lago.jpg?ve=1&amp;tl=1, https:\/\/a57.foxnews.com\/static.foxnews.com\/foxnews.com\/content\/uploads\/2024\/12\/1440\/810\/trump-mar-a-lago.jpg?ve=1&amp;tl=1 2x\" height=\"405\" width=\"720\"><img loading=\"lazy\" decoding=\"async\" src=\"https:\/\/a57.foxnews.com\/static.foxnews.com\/foxnews.com\/content\/uploads\/2024\/12\/1200\/675\/trump-mar-a-lago.jpg?ve=1&amp;tl=1\" alt=\"Trump en conferencia de prensa\" width=\"1200\" height=\"675\"\/><\/source><\/source><\/source><\/source><\/picture><\/div>\n<div class=\"info\">\n<div class=\"caption\">\n<p><span>El presidente electo Trump habla durante una conferencia de prensa en Mar-a-Lago, el lunes 16 de diciembre de 2024, en Palm Beach, Florida.<\/span> <span>(AP\/Evan Vucci)<\/span><\/p>\n<\/div>\n<\/div>\n<\/div>\n<p>A\u00fan no est\u00e1 claro c\u00f3mo se comportar\u00e1n los kurdos bajo un posible r\u00e9gimen HTS, pero los expertos en seguridad occidentales est\u00e1n cada vez m\u00e1s preocupados de que Turqu\u00eda pueda tener una enorme influencia sobre la naci\u00f3n vecina. <\/p>\n<p>\u00abLa ca\u00edda de Assad amplific\u00f3 enormemente la influencia de Turqu\u00eda en Siria, dando una influencia sin precedentes a sus socios y representantes. Si Estados Unidos quiere garantizar que Siria tenga la mejor oportunidad de convertirse en un pa\u00eds razonablemente libre y estable, necesita mantener una estrecha relaci\u00f3n ojo en [Turkish President Recep] Erdogan\u00bb, dijo a Fox News Digital David Adesnik, vicepresidente de investigaci\u00f3n de la Fundaci\u00f3n para la Defensa de las Democracias.<\/p>\n<div class=\"image-ct inline\">\n<div class=\"m\"><picture><source media=\"(max-width: 767px)\" srcset=\"https:\/\/a57.foxnews.com\/static.foxnews.com\/foxnews.com\/content\/uploads\/2024\/12\/343\/192\/syria-3.jpg?ve=1&amp;tl=1, https:\/\/a57.foxnews.com\/static.foxnews.com\/foxnews.com\/content\/uploads\/2024\/12\/686\/384\/syria-3.jpg?ve=1&amp;tl=1 2x\" height=\"192\" width=\"343\"><source media=\"(min-width: 768px) and (max-width: 1023px)\" srcset=\"https:\/\/a57.foxnews.com\/static.foxnews.com\/foxnews.com\/content\/uploads\/2024\/12\/672\/378\/syria-3.jpg?ve=1&amp;tl=1, https:\/\/a57.foxnews.com\/static.foxnews.com\/foxnews.com\/content\/uploads\/2024\/12\/1344\/756\/syria-3.jpg?ve=1&amp;tl=1 2x\" height=\"378\" width=\"672\"><source media=\"(min-width: 1024px) and (max-width: 1279px)\" srcset=\"https:\/\/a57.foxnews.com\/static.foxnews.com\/foxnews.com\/content\/uploads\/2024\/12\/931\/523\/syria-3.jpg?ve=1&amp;tl=1, https:\/\/a57.foxnews.com\/static.foxnews.com\/foxnews.com\/content\/uploads\/2024\/12\/1862\/1046\/syria-3.jpg?ve=1&amp;tl=1 2x\" height=\"523\" width=\"931\"><source media=\"(min-width: 1280px)\" srcset=\"https:\/\/a57.foxnews.com\/static.foxnews.com\/foxnews.com\/content\/uploads\/2024\/12\/720\/405\/syria-3.jpg?ve=1&amp;tl=1, https:\/\/a57.foxnews.com\/static.foxnews.com\/foxnews.com\/content\/uploads\/2024\/12\/1440\/810\/syria-3.jpg?ve=1&amp;tl=1 2x\" height=\"405\" width=\"720\"><img loading=\"lazy\" decoding=\"async\" src=\"https:\/\/a57.foxnews.com\/static.foxnews.com\/foxnews.com\/content\/uploads\/2024\/12\/1200\/675\/syria-3.jpg?ve=1&amp;tl=1\" alt=\"Fuerzas Democr\u00e1ticas Sirias\" width=\"1200\" height=\"675\"\/><\/source><\/source><\/source><\/source><\/picture><\/div>\n<div class=\"info\">\n<div class=\"caption\">\n<p><span>Camaradas asisten al funeral de cinco combatientes de las Fuerzas Democr\u00e1ticas Sirias lideradas por los kurdos que murieron durante enfrentamientos con facciones de oposici\u00f3n respaldadas por Turqu\u00eda, en Qamishli, en el noreste de Siria, el 14 de diciembre de 2024.<\/span> <span>(Delil Souleiman\/AFP v\u00eda Getty Images)<\/span><\/p>\n<\/div>\n<\/div>\n<\/div>\n<p><strong>TURQU\u00cdA GOLPEA A LOS KURDOS ALIADOS DE EE.UU. EN SIRIA E IRAK TRAS EL ATAQUE TERRORISTA AL GRUPO DE DEFENSA<\/strong><\/p>\n<p>La semana pasada, Estados Unidos negoci\u00f3 un acuerdo de alto el fuego entre las SDF y el SNA sobre la ciudad nororiental de Manbij, donde las fuerzas de la coalici\u00f3n de las SDF acordaron retirarse del \u00e1rea despu\u00e9s de resistir ataques desde el 27 de noviembre, seg\u00fan un informe de Reuters. <\/p>\n<p>Pero fuentes dijeron a Fox News Digital el lunes que las negociaciones relacionadas con el alto el fuego hab\u00edan fracasado y que el SNA hab\u00eda comenzado a reunir fuerzas militares al oeste de la ciudad kurda de Kobani, aproximadamente a 35 millas al este de Manbij, en una aparente amenaza de reanudar el combate. operaciones.<\/p>\n<p>Los t\u00e9rminos del alto el fuego siguen sin estar claros y ni la Casa Blanca ni el Departamento de Estado respondieron a las preguntas de Fox News Digital.<\/p>\n<p>Seg\u00fan un comunicado emitido por las SDF, los esfuerzos de mediaci\u00f3n de Estados Unidos no lograron establecer una tregua permanente en las regiones de Manbij-Kobani debido a la \u00abevasi\u00f3n de Turqu\u00eda para aceptar puntos clave\u00bb, incluido el traslado seguro de civiles y combatientes de Manbij.<\/p>\n<p>\u00abA pesar de los esfuerzos de Estados Unidos para detener la guerra, Turqu\u00eda y sus milicias mercenarias han seguido aumentando durante el \u00faltimo per\u00edodo\u00bb, dijo el SDF.<\/p>\n<p>Un portavoz de la Misi\u00f3n de Turqu\u00eda ante la ONU no respondi\u00f3 de inmediato a la solicitud de comentarios de Fox News Digital. <\/p>\n<p>\u00abLa reaparici\u00f3n de tensiones en torno a Kobani subraya hasta qu\u00e9 punto la ca\u00edda de Assad ha &#8216;abierto las puertas&#8217; a Turqu\u00eda y sus representantes del SNA en el norte de Siria\u00bb, dijo Charles Lister, director de Siria y de los programas de lucha contra el terrorismo y el extremismo en Oriente Medio. Institute (MEI), dijo a Fox News Digital. \u00abPor primera vez, son libres de actuar sin la luz verde de Assad o Rusia\u00bb.<\/p>\n<div class=\"image-ct inline\">\n<div class=\"m\"><picture><source media=\"(max-width: 767px)\" srcset=\"https:\/\/a57.foxnews.com\/static.foxnews.com\/foxnews.com\/content\/uploads\/2024\/12\/343\/192\/syria-2.jpg?ve=1&amp;tl=1, https:\/\/a57.foxnews.com\/static.foxnews.com\/foxnews.com\/content\/uploads\/2024\/12\/686\/384\/syria-2.jpg?ve=1&amp;tl=1 2x\" height=\"192\" width=\"343\"><source media=\"(min-width: 768px) and (max-width: 1023px)\" srcset=\"https:\/\/a57.foxnews.com\/static.foxnews.com\/foxnews.com\/content\/uploads\/2024\/12\/672\/378\/syria-2.jpg?ve=1&amp;tl=1, https:\/\/a57.foxnews.com\/static.foxnews.com\/foxnews.com\/content\/uploads\/2024\/12\/1344\/756\/syria-2.jpg?ve=1&amp;tl=1 2x\" height=\"378\" width=\"672\"><source media=\"(min-width: 1024px) and (max-width: 1279px)\" srcset=\"https:\/\/a57.foxnews.com\/static.foxnews.com\/foxnews.com\/content\/uploads\/2024\/12\/931\/523\/syria-2.jpg?ve=1&amp;tl=1, https:\/\/a57.foxnews.com\/static.foxnews.com\/foxnews.com\/content\/uploads\/2024\/12\/1862\/1046\/syria-2.jpg?ve=1&amp;tl=1 2x\" height=\"523\" width=\"931\"><source media=\"(min-width: 1280px)\" srcset=\"https:\/\/a57.foxnews.com\/static.foxnews.com\/foxnews.com\/content\/uploads\/2024\/12\/720\/405\/syria-2.jpg?ve=1&amp;tl=1, https:\/\/a57.foxnews.com\/static.foxnews.com\/foxnews.com\/content\/uploads\/2024\/12\/1440\/810\/syria-2.jpg?ve=1&amp;tl=1 2x\" height=\"405\" width=\"720\"><img loading=\"lazy\" decoding=\"async\" src=\"https:\/\/a57.foxnews.com\/static.foxnews.com\/foxnews.com\/content\/uploads\/2024\/12\/1200\/675\/syria-2.jpg?ve=1&amp;tl=1\" alt=\"Los kurdos sirios huyen\" width=\"1200\" height=\"675\"\/><\/source><\/source><\/source><\/source><\/picture><\/div>\n<div class=\"info\">\n<div class=\"caption\">\n<p><span>Los combatientes contra el r\u00e9gimen se encuentran al borde de la carretera mientras los kurdos sirios desplazados conducen veh\u00edculos cargados con pertenencias en la carretera Alepo-Raqqa, huyendo de Alepo, el 2 de diciembre de 2024.<\/span> <span>(Rami Al Sayed\/AFP v\u00eda Getty Images)<\/span><\/p>\n<\/div>\n<\/div>\n<\/div>\n<p><strong>HAGA CLIC AQU\u00cd PARA OBTENER LA APLICACI\u00d3N FOX NEWS<\/strong><\/p>\n<p>La din\u00e1mica entre las fuerzas SDF y SNA, respaldadas por Washington y Ankara, respectivamente, ha resultado durante mucho tiempo dif\u00edcil de maniobrar dado que tanto Estados Unidos como Turqu\u00eda son aliados en la OTAN.<\/p>\n<p>\u00abDespu\u00e9s de la p\u00e9rdida de Tel Rifat y Manbij en las \u00faltimas semanas, el \u00fanico obst\u00e1culo posible para nuevas p\u00e9rdidas de las SDF es la presencia de tropas estadounidenses, pero el papel de Turqu\u00eda dentro de la OTAN siempre ha limitado las opciones de Estados Unidos\u00bb, explic\u00f3 Lister.<\/p>\n<p>\u00ab[LarecientevisitadelgeneraldelComandoCentralestadounidenseMichael&#8217;KurillaylavoluntaddelasSDFdecederManbijhablandelaposici\u00f3naisladasinprecedentesqueenfrentanactualmentelasSDF\u00bba\u00f1adi\u00f3enreferenciaaunavisitaqueKurillahizoaSirialasemanapasada\u00bbSilasSDFquierensobreviviraestosdesaf\u00edostendr\u00e1nqueserextremadamenteflexiblesestardispuestasacederencuestionesimportantesydependerengranmedidadeladiplomaciaestadounidenseconTurqu\u00eda\u00bb[USCentralCommandGenMichael&#8217;Kurilla&#8217;srecent\u00a0visitandtheSDF&#8217;swillingnesstocedeManbijspoketotheunprecedentedlyisolatedpositiontheSDFcurrentlyfaces\u00bbheaddedinreferencetoavisitKurillamadetoSyrialastweek\u00a0\u00abIftheSDFisgoingtosurvivethesechallengesit&#8217;sgoingtoneedtobeextremelyflexiblewillingtoconcedeonmajorissuesandrelyheavilyonUSdiplomacywithTurkey\u00bb<\/p>\n<\/div>\n\n","protected":false},"excerpt":{"rendered":"<p>\u00danase a Fox News para acceder a este contenido Adem\u00e1s, acceso especial a art\u00edculos seleccionados y otro contenido premium con su cuenta, sin cargo. Al ingresar su correo electr\u00f3nico y presionar Continuar, acepta los T\u00e9rminos de uso y la Pol\u00edtica de privacidad de Fox News, que incluye nuestro Aviso de incentivo financiero. Por favor, introduce &hellip;<\/p>\n","protected":false},"author":1,"featured_media":6692,"comment_status":"open","ping_status":"open","sticky":false,"template":"","format":"standard","meta":{"fifu_image_url":"https:\/\/static.foxnews.com\/foxnews.com\/content\/uploads\/2019\/10\/Trump-Erdodgan-THUMB.jpg","fifu_image_alt":"","footnotes":""},"categories":[13],"tags":[],"class_list":["post-6690","post","type-post","status-publish","format-standard","has-post-thumbnail","","category-mundo"],"_links":{"self":[{"href":"https:\/\/noticiasveraces.com\/index.php?rest_route=\/wp\/v2\/posts\/6690","targetHints":{"allow":["GET"]}}],"collection":[{"href":"https:\/\/noticiasveraces.com\/index.php?rest_route=\/wp\/v2\/posts"}],"about":[{"href":"https:\/\/noticiasveraces.com\/index.php?rest_route=\/wp\/v2\/types\/post"}],"author":[{"embeddable":true,"href":"https:\/\/noticiasveraces.com\/index.php?rest_route=\/wp\/v2\/users\/1"}],"replies":[{"embeddable":true,"href":"https:\/\/noticiasveraces.com\/index.php?rest_route=%2Fwp%2Fv2%2Fcomments&post=6690"}],"version-history":[{"count":0,"href":"https:\/\/noticiasveraces.com\/index.php?rest_route=\/wp\/v2\/posts\/6690\/revisions"}],"wp:featuredmedia":[{"embeddable":true,"href":"https:\/\/noticiasveraces.com\/index.php?rest_route=\/wp\/v2\/media\/6692"}],"wp:attachment":[{"href":"https:\/\/noticiasveraces.com\/index.php?rest_route=%2Fwp%2Fv2%2Fmedia&parent=6690"}],"wp:term":[{"taxonomy":"category","embeddable":true,"href":"https:\/\/noticiasveraces.com\/index.php?rest_route=%2Fwp%2Fv2%2Fcategories&post=6690"},{"taxonomy":"post_tag","embeddable":true,"href":"https:\/\/noticiasveraces.com\/index.php?rest_route=%2Fwp%2Fv2%2Ftags&post=6690"}],"curies":[{"name":"wp","href":"https:\/\/api.w.org\/{rel}","templated":true}]}}