{"id":6684,"date":"2024-12-16T16:42:05","date_gmt":"2024-12-16T20:42:05","guid":{"rendered":"https:\/\/noticiasveraces.com\/?p=6684"},"modified":"2024-12-16T16:42:05","modified_gmt":"2024-12-16T20:42:05","slug":"el-canciller-aleman-olaf-scholz-pierde-la-mocion-de-censura-y-se-convocan-elecciones-para-principios-del-proximo-ano","status":"publish","type":"post","link":"https:\/\/noticiasveraces.com\/?p=6684","title":{"rendered":"El canciller alem\u00e1n Olaf Scholz pierde la moci\u00f3n de censura y se convocan elecciones para principios del pr\u00f3ximo a\u00f1o"},"content":{"rendered":"<p> \n<\/p>\n<div>\n<p class=\"speakable\">El parlamento alem\u00e1n acept\u00f3 el lunes la invitaci\u00f3n del canciller Olaf Scholz de retirar su confianza en \u00e9l y su gobierno, allanando el camino para una elecci\u00f3n anticipada el 23 de febrero necesaria por el colapso de su gobierno.<\/p>\n<p class=\"speakable\">La coalici\u00f3n tripartita de Scholz se desmoron\u00f3 el mes pasado despu\u00e9s de que los Dem\u00f3cratas Libres pro mercado renunciaran en una disputa por la deuda, dejando a sus Socialdem\u00f3cratas y a los Verdes sin una mayor\u00eda parlamentaria justo cuando Alemania enfrenta una crisis econ\u00f3mica cada vez m\u00e1s profunda.<\/p>\n<p>Seg\u00fan las reglas dise\u00f1adas para prevenir la inestabilidad que facilit\u00f3 el ascenso del fascismo en la d\u00e9cada de 1930, el presidente Frank-Walter Steinmeier s\u00f3lo puede disolver el parlamento y convocar elecciones si el canciller convoca y pierde un voto de confianza.<\/p>\n<div class=\"image-ct inline\">\n<div class=\"m\"><picture><source media=\"(max-width: 767px)\" srcset=\"https:\/\/a57.foxnews.com\/static.foxnews.com\/foxnews.com\/content\/uploads\/2024\/12\/343\/192\/scholz-3.jpg?ve=1&amp;tl=1, https:\/\/a57.foxnews.com\/static.foxnews.com\/foxnews.com\/content\/uploads\/2024\/12\/686\/384\/scholz-3.jpg?ve=1&amp;tl=1 2x\" height=\"192\" width=\"343\"><source media=\"(min-width: 768px) and (max-width: 1023px)\" srcset=\"https:\/\/a57.foxnews.com\/static.foxnews.com\/foxnews.com\/content\/uploads\/2024\/12\/672\/378\/scholz-3.jpg?ve=1&amp;tl=1, https:\/\/a57.foxnews.com\/static.foxnews.com\/foxnews.com\/content\/uploads\/2024\/12\/1344\/756\/scholz-3.jpg?ve=1&amp;tl=1 2x\" height=\"378\" width=\"672\"><source media=\"(min-width: 1024px) and (max-width: 1279px)\" srcset=\"https:\/\/a57.foxnews.com\/static.foxnews.com\/foxnews.com\/content\/uploads\/2024\/12\/931\/523\/scholz-3.jpg?ve=1&amp;tl=1, https:\/\/a57.foxnews.com\/static.foxnews.com\/foxnews.com\/content\/uploads\/2024\/12\/1862\/1046\/scholz-3.jpg?ve=1&amp;tl=1 2x\" height=\"523\" width=\"931\"><source media=\"(min-width: 1280px)\" srcset=\"https:\/\/a57.foxnews.com\/static.foxnews.com\/foxnews.com\/content\/uploads\/2024\/12\/720\/405\/scholz-3.jpg?ve=1&amp;tl=1, https:\/\/a57.foxnews.com\/static.foxnews.com\/foxnews.com\/content\/uploads\/2024\/12\/1440\/810\/scholz-3.jpg?ve=1&amp;tl=1 2x\" height=\"405\" width=\"720\"><img loading=\"lazy\" decoding=\"async\" src=\"https:\/\/a57.foxnews.com\/static.foxnews.com\/foxnews.com\/content\/uploads\/2024\/12\/1200\/675\/scholz-3.jpg?ve=1&amp;tl=1\" alt=\"El canciller alem\u00e1n Olaf Scholz est\u00e1 detr\u00e1s de una silla\" width=\"1200\" height=\"675\"\/><\/source><\/source><\/source><\/source><\/picture><\/div>\n<div class=\"info\">\n<div class=\"caption\">\n<p><span>El canciller alem\u00e1n Olaf Scholz llega a la c\u00e1mara baja del parlamento Bundestag en Berl\u00edn, Alemania, el 16 de diciembre de 2024, para escuchar si el parlamento rescindir\u00e1 su voto de confianza.<\/span> <span>(Liesa Johannssen)<\/span><\/p>\n<\/div>\n<\/div>\n<\/div>\n<p><strong>SCHOLZ DE ALEMANIA RECHAZA LOS LLAMADOS A UN VOTO DE CONFIANZA MIENTRAS COLAPSA EL GOBIERNO DE COALICI\u00d3N<\/strong><\/p>\n<p>El debate que precedi\u00f3 a la votaci\u00f3n tambi\u00e9n abri\u00f3 una campa\u00f1a seria para las elecciones, con los l\u00edderes del partido intercambiando cr\u00edticas de mal humor.<\/p>\n<p>El canciller y su rival conservador, Friedrich Merz, quien seg\u00fan las encuestas probablemente lo reemplazar\u00e1, se acusaron mutuamente de incompetencia y falta de visi\u00f3n.<\/p>\n<p>Scholz, que encabezar\u00e1 un gobierno interino hasta que se pueda formar uno nuevo, defendi\u00f3 su historial como l\u00edder de crisis que hab\u00eda lidiado con la emergencia econ\u00f3mica y de seguridad provocada por la invasi\u00f3n a gran escala de Ucrania por parte de Rusia en 2022.<\/p>\n<p>Si se le concediera un segundo mandato, dijo, invertir\u00eda mucho en la fr\u00e1gil infraestructura de Alemania en lugar de hacer los recortes de gasto que, seg\u00fan dijo, quer\u00edan los conservadores.<\/p>\n<p>\u00abLa miop\u00eda podr\u00eda ahorrar dinero en el corto plazo, pero la hipoteca sobre nuestro futuro es inasumible\u00bb, dijo Scholz, quien sirvi\u00f3 cuatro a\u00f1os como ministro de Finanzas bajo una coalici\u00f3n anterior con los conservadores antes de convertirse en canciller en 2021.<\/p>\n<p><strong>EL CANCILLER ALEM\u00c1N SCHOLZ ADVIERTE AL PR\u00d3XIMO PRESIDENTE DE LA COMISI\u00d3N EUROPEA CONTRA EL CORTEJO DEL APOYO DE LA EXTREMA DERECHA<\/strong><\/p>\n<div class=\"image-ct inline\">\n<div class=\"m\"><picture><source media=\"(max-width: 767px)\" srcset=\"https:\/\/a57.foxnews.com\/static.foxnews.com\/foxnews.com\/content\/uploads\/2024\/12\/343\/192\/scholz-2.jpg?ve=1&amp;tl=1, https:\/\/a57.foxnews.com\/static.foxnews.com\/foxnews.com\/content\/uploads\/2024\/12\/686\/384\/scholz-2.jpg?ve=1&amp;tl=1 2x\" height=\"192\" width=\"343\"><source media=\"(min-width: 768px) and (max-width: 1023px)\" srcset=\"https:\/\/a57.foxnews.com\/static.foxnews.com\/foxnews.com\/content\/uploads\/2024\/12\/672\/378\/scholz-2.jpg?ve=1&amp;tl=1, https:\/\/a57.foxnews.com\/static.foxnews.com\/foxnews.com\/content\/uploads\/2024\/12\/1344\/756\/scholz-2.jpg?ve=1&amp;tl=1 2x\" height=\"378\" width=\"672\"><source media=\"(min-width: 1024px) and (max-width: 1279px)\" srcset=\"https:\/\/a57.foxnews.com\/static.foxnews.com\/foxnews.com\/content\/uploads\/2024\/12\/931\/523\/scholz-2.jpg?ve=1&amp;tl=1, https:\/\/a57.foxnews.com\/static.foxnews.com\/foxnews.com\/content\/uploads\/2024\/12\/1862\/1046\/scholz-2.jpg?ve=1&amp;tl=1 2x\" height=\"523\" width=\"931\"><source media=\"(min-width: 1280px)\" srcset=\"https:\/\/a57.foxnews.com\/static.foxnews.com\/foxnews.com\/content\/uploads\/2024\/12\/720\/405\/scholz-2.jpg?ve=1&amp;tl=1, https:\/\/a57.foxnews.com\/static.foxnews.com\/foxnews.com\/content\/uploads\/2024\/12\/1440\/810\/scholz-2.jpg?ve=1&amp;tl=1 2x\" height=\"405\" width=\"720\"><img loading=\"lazy\" decoding=\"async\" src=\"https:\/\/a57.foxnews.com\/static.foxnews.com\/foxnews.com\/content\/uploads\/2024\/12\/1200\/675\/scholz-2.jpg?ve=1&amp;tl=1\" alt=\"El canciller alem\u00e1n Olaf Scholz habla en el podio\" width=\"1200\" height=\"675\"\/><\/source><\/source><\/source><\/source><\/picture><\/div>\n<div class=\"info\">\n<div class=\"caption\">\n<p><span>El canciller alem\u00e1n Olaf Scholz habla el d\u00eda de un voto de confianza en la c\u00e1mara baja del parlamento Bundestag en Berl\u00edn, Alemania, el 16 de diciembre de 2024.<\/span> <span>(Axel Schmidt)<\/span><\/p>\n<\/div>\n<\/div>\n<\/div>\n<p>Merz le dijo a Scholz que sus planes de gasto ser\u00edan una carga para las generaciones futuras y lo acus\u00f3 de no cumplir sus promesas de rearme despu\u00e9s del inicio de la guerra de Ucrania.<\/p>\n<p>\u00abEndeudarse a costa de la generaci\u00f3n joven, gastar dinero&#8230; y ni una sola vez se mencion\u00f3 la palabra &#8216;competitividad'\u00bb, dijo Merz.<\/p>\n<p>Ninguno de los dos mencion\u00f3 el l\u00edmite constitucional al gasto, una medida dise\u00f1ada para garantizar la responsabilidad fiscal a la que muchos economistas culpan del deteriorado estado de la infraestructura de Alemania.<\/p>\n<p><strong>Los conservadores lideran claramente las encuestas de opini\u00f3n<\/strong><\/p>\n<p>Los conservadores tienen una ventaja c\u00f3moda, aunque cada vez menor, de m\u00e1s de 10 puntos sobre el SPD en la mayor\u00eda de las encuestas. El partido de extrema derecha Alternativa para Alemania (AfD) est\u00e1 ligeramente por delante del partido de Scholz, mientras que los Verdes ocupan el cuarto lugar.<\/p>\n<p>Los principales partidos se han negado a gobernar con AfD, pero su presencia complica la aritm\u00e9tica parlamentaria, haciendo m\u00e1s probable la formaci\u00f3n de coaliciones dif\u00edciles de manejar.<\/p>\n<div class=\"image-ct inline\">\n<div class=\"m\"><picture><source media=\"(max-width: 767px)\" srcset=\"https:\/\/a57.foxnews.com\/static.foxnews.com\/foxnews.com\/content\/uploads\/2024\/12\/343\/192\/scholz.jpg?ve=1&amp;tl=1, https:\/\/a57.foxnews.com\/static.foxnews.com\/foxnews.com\/content\/uploads\/2024\/12\/686\/384\/scholz.jpg?ve=1&amp;tl=1 2x\" height=\"192\" width=\"343\"><source media=\"(min-width: 768px) and (max-width: 1023px)\" srcset=\"https:\/\/a57.foxnews.com\/static.foxnews.com\/foxnews.com\/content\/uploads\/2024\/12\/672\/378\/scholz.jpg?ve=1&amp;tl=1, https:\/\/a57.foxnews.com\/static.foxnews.com\/foxnews.com\/content\/uploads\/2024\/12\/1344\/756\/scholz.jpg?ve=1&amp;tl=1 2x\" height=\"378\" width=\"672\"><source media=\"(min-width: 1024px) and (max-width: 1279px)\" srcset=\"https:\/\/a57.foxnews.com\/static.foxnews.com\/foxnews.com\/content\/uploads\/2024\/12\/931\/523\/scholz.jpg?ve=1&amp;tl=1, https:\/\/a57.foxnews.com\/static.foxnews.com\/foxnews.com\/content\/uploads\/2024\/12\/1862\/1046\/scholz.jpg?ve=1&amp;tl=1 2x\" height=\"523\" width=\"931\"><source media=\"(min-width: 1280px)\" srcset=\"https:\/\/a57.foxnews.com\/static.foxnews.com\/foxnews.com\/content\/uploads\/2024\/12\/720\/405\/scholz.jpg?ve=1&amp;tl=1, https:\/\/a57.foxnews.com\/static.foxnews.com\/foxnews.com\/content\/uploads\/2024\/12\/1440\/810\/scholz.jpg?ve=1&amp;tl=1 2x\" height=\"405\" width=\"720\"><img loading=\"lazy\" decoding=\"async\" src=\"https:\/\/a57.foxnews.com\/static.foxnews.com\/foxnews.com\/content\/uploads\/2024\/12\/1200\/675\/scholz.jpg?ve=1&amp;tl=1\" alt=\"El canciller alem\u00e1n Olaf Scholz se muerde el dedo\" width=\"1200\" height=\"675\"\/><\/source><\/source><\/source><\/source><\/picture><\/div>\n<div class=\"info\">\n<div class=\"caption\">\n<p><span>El alem\u00e1n Olaf Scholz perdi\u00f3 un voto de confianza del parlamento alem\u00e1n, allanando el camino para una elecci\u00f3n anticipada para reemplazar al canciller.<\/span> <span>(Lisi Niesner)<\/span><\/p>\n<\/div>\n<\/div>\n<\/div>\n<p>Scholz ha esbozado una lista de medidas que podr\u00edan aprobarse con el apoyo de la oposici\u00f3n antes de las elecciones, incluidos 11.000 millones de d\u00f3lares en recortes de impuestos y un aumento de las prestaciones por hijos ya acordados por los antiguos socios de la coalici\u00f3n.<\/p>\n<p>Los conservadores tambi\u00e9n han insinuado que podr\u00edan respaldar medidas para proteger mejor al Tribunal Constitucional de las maquinaciones de un futuro gobierno populista o antidemocr\u00e1tico y ampliar un billete de transporte popular subvencionado.<\/p>\n<p><strong><u>HAGA CLIC AQU\u00cd PARA OBTENER LA APLICACI\u00d3N FOX NEWS<\/u><\/strong><\/p>\n<p>Tambi\u00e9n podr\u00edan aprobarse medidas para aliviar cargas no deseadas sobre los contribuyentes si los gobiernos regionales est\u00e1n de acuerdo, pero Merz rechaz\u00f3 una propuesta de los Verdes para reducir los precios de la energ\u00eda, diciendo que quer\u00eda una pol\u00edtica energ\u00e9tica totalmente nueva.<\/p>\n<p>Robert Habeck, candidato a canciller de los Verdes, dijo que era una se\u00f1al preocupante para la democracia alemana, dada la creciente probabilidad en un panorama pol\u00edtico fracturado de que partidos muy diferentes nuevamente tuvieran que gobernar juntos.<\/p>\n<p>\u00abEs muy poco probable que el pr\u00f3ximo gobierno lo tenga m\u00e1s f\u00e1cil\u00bb, afirm\u00f3 Habeck.<\/p>\n<p>La l\u00edder de AfD, Alice Weidel, pidi\u00f3 que todos los refugiados sirios en Alemania sean devueltos tras el colapso del r\u00e9gimen de Bashar al-Assad.<\/p>\n<p> <!----> <!----><\/div>\n\n","protected":false},"excerpt":{"rendered":"<p>El parlamento alem\u00e1n acept\u00f3 el lunes la invitaci\u00f3n del canciller Olaf Scholz de retirar su confianza en \u00e9l y su gobierno, allanando el camino para una elecci\u00f3n anticipada el 23 de febrero necesaria por el colapso de su gobierno. La coalici\u00f3n tripartita de Scholz se desmoron\u00f3 el mes pasado despu\u00e9s de que los Dem\u00f3cratas Libres &hellip;<\/p>\n","protected":false},"author":1,"featured_media":6686,"comment_status":"open","ping_status":"open","sticky":false,"template":"","format":"standard","meta":{"fifu_image_url":"https:\/\/static.foxnews.com\/foxnews.com\/content\/uploads\/2024\/12\/scholz-2.jpg","fifu_image_alt":"","footnotes":""},"categories":[13],"tags":[],"class_list":["post-6684","post","type-post","status-publish","format-standard","has-post-thumbnail","","category-mundo"],"_links":{"self":[{"href":"https:\/\/noticiasveraces.com\/index.php?rest_route=\/wp\/v2\/posts\/6684","targetHints":{"allow":["GET"]}}],"collection":[{"href":"https:\/\/noticiasveraces.com\/index.php?rest_route=\/wp\/v2\/posts"}],"about":[{"href":"https:\/\/noticiasveraces.com\/index.php?rest_route=\/wp\/v2\/types\/post"}],"author":[{"embeddable":true,"href":"https:\/\/noticiasveraces.com\/index.php?rest_route=\/wp\/v2\/users\/1"}],"replies":[{"embeddable":true,"href":"https:\/\/noticiasveraces.com\/index.php?rest_route=%2Fwp%2Fv2%2Fcomments&post=6684"}],"version-history":[{"count":0,"href":"https:\/\/noticiasveraces.com\/index.php?rest_route=\/wp\/v2\/posts\/6684\/revisions"}],"wp:featuredmedia":[{"embeddable":true,"href":"https:\/\/noticiasveraces.com\/index.php?rest_route=\/wp\/v2\/media\/6686"}],"wp:attachment":[{"href":"https:\/\/noticiasveraces.com\/index.php?rest_route=%2Fwp%2Fv2%2Fmedia&parent=6684"}],"wp:term":[{"taxonomy":"category","embeddable":true,"href":"https:\/\/noticiasveraces.com\/index.php?rest_route=%2Fwp%2Fv2%2Fcategories&post=6684"},{"taxonomy":"post_tag","embeddable":true,"href":"https:\/\/noticiasveraces.com\/index.php?rest_route=%2Fwp%2Fv2%2Ftags&post=6684"}],"curies":[{"name":"wp","href":"https:\/\/api.w.org\/{rel}","templated":true}]}}