{"id":6635,"date":"2024-12-16T08:53:05","date_gmt":"2024-12-16T12:53:05","guid":{"rendered":"https:\/\/noticiasveraces.com\/?p=6635"},"modified":"2024-12-16T08:53:05","modified_gmt":"2024-12-16T12:53:05","slug":"al-principio-era-mucha-broma-pero-luego-en-el-turno-me-preguntaban-si-les-daba-alguna-clase","status":"publish","type":"post","link":"https:\/\/noticiasveraces.com\/?p=6635","title":{"rendered":"\u00abAl principio era mucha broma, pero luego en el turno me preguntaban si les daba alguna clase\u00bb"},"content":{"rendered":"<p> \n<\/p>\n<div id=\"intext\">\n<p>Jos\u00e9 Carnero encontr\u00f3 en el yoga la <b>v\u00eda de escape a su trabajo como bombero<\/b>. A pesar de que no ser un deporte que le hab\u00eda llamado la atenci\u00f3n en exceso anteriormente, cuando empez\u00f3 a practicarlo se dio cuenta de que era lo que necesitaba: \u00abCreo que era algo que estaba ah\u00ed para m\u00ed, est\u00e1 relacionado con tu forma de vivir o tu forma de ser.<\/p>\n<p>\u00abNo ten\u00eda un planteamiento de mi futuro pero mi vida iba encaminada a algo as\u00ed porque en aquel entonces era socorrista, sab\u00eda que me dedicar\u00eda a algo relacionado con el deporte. Odio el sedentarismo y la rutina, sab\u00eda que un trabajo de ocho todos los d\u00edas con lo mismo no lo iba a aguantar\u00bb, explica Jos\u00e9 Carnero.<\/p>\n<h2 class=\"title-h2\">\u00abSoy una persona muy nerviosa, muy acelerada, muy hiperactiva\u00bb<\/h2>\n<p>Es una persona muy activa y este deporte le ayuda a desconectar al salir del parque de bomberos. \u00ab<b>Soy una persona muy nerviosa, muy acelerada, muy hiperactiva.<\/b>&#8230; y con el yoga encontr\u00e9 el equilibrio. Me elimino todos los picos de estr\u00e9s que tengo tanto en el trabajo como en otros sitios\u00bb, explica Jose.<\/p>\n<p>\u00abLa primera vez que lo vi, con 16 a\u00f1os, fue en el gimnasio de mi padre y pens\u00e9 que eso no era para m\u00ed\u00bb, explica el bombero, y es que vio una disciplina muy calmada y pausada y el tambi\u00e9n amante del surf crey\u00f3. que no era algo para \u00e9l. Pero m\u00e1s tarde descubri\u00f3 que exist\u00eda la modalidad rocket vinyasa, una quiz\u00e1s m\u00e1s movida, aunque sin perder la parte de la concentraci\u00f3n y la importancia de la mente.<\/p>\n<p>Despu\u00e9s de la pr\u00e1ctica del yoga vino la teor\u00eda y hace dos a\u00f1os se convirti\u00f3 en instructor de la actividad en el centro Ashtanga Yoga Ferrol. Primero, para sustituir a una antigua profesora y ahora ya con sus propios grupos y sus clases dos veces a la semana.<\/p>\n<h2 class=\"title-h2\">El yoga en su trabajo<\/h2>\n<p>Cuando empez\u00f3 a practicarlo, sus compa\u00f1eros del cuerpo de bomberos de Ferrol se lo tomaron una broma. \u00abAqu\u00ed en realidad me llaman &#8216;yogui&#8217;. Al principio todo era <b>Mucha broma, pero luego me fueron pidiendo que les guiara.<\/b> y estuve un tiempo dando clase a algunos de mis compa\u00f1eros\u00bb, cuenta el bombero.<\/p>\n<p>Aunque ahora ya lo han normalizado y hay hasta quienes se han animado a practicarlo: \u00abhay alg\u00fan compa\u00f1ero que va a clases de yoga a otro lado porque conect\u00f3 y quiso probarlo, parece que ya no lo ven tan raro\u00bb.<\/p>\n<p>Tras a\u00f1os de pr\u00e1ctica, Jose ahora es instructor de yoga: \u00abempec\u00e9 con un grupito en un local social porque unos amigos que iban all\u00ed se quedaron sin profesor y me pidieron que les diera clase. Cuando me quise dar cuenta ya ten\u00eda mi propio grupo y estaba dando clase\u00bb.<\/p>\n<h2 class=\"title-h2\">Una combinaci\u00f3n profesional perfecta<\/h2>\n<p>\u00abSoy una persona nerviosa y activa y (con el yoga) encontr\u00e9 el equilibrio\u00bb, explica Carnero, que a\u00f1ade que \u00abla vida al final es unir polos\u00bb.<\/p>\n<p>\u00abEn el trabajo hay situaciones arriesgadas, incendios arriesgados y accidentes para los que sales con mucho estr\u00e9s. Entonces a m\u00ed me ayuda mucho el yoga porque me lleva a un estado de introspecci\u00f3n y calma diaria y me hacer ser capaz de que todas esas respuestas reactivas sean m\u00e1s calmadas, desde la conciencia\u00bb, relata este bombero.<\/p>\n<p>\u00abEl yoga me elimina esos picos de estr\u00e9s, la mayor\u00eda de ellos, que tengo tanto en el trabajo como en otros sitios, pero que tengo m\u00e1s en el trabajo\u00bb, se\u00f1ala Jos\u00e9 Carnero.<\/p>\n<p>El bombero practica yoga de forma pr\u00e1cticamente diaria y, si est\u00e1 de turno, tambi\u00e9n lo realiza en el parque de bomberos. Anima a cualquier persona a practicar yoga, tengas dolores f\u00edsicos o no: \u00abSiempre digo lo mismo: todo el mundo viene a yoga para curar algo\u00bb, explica. Y es que es habitual que, quien empieza en la disciplina, lo haga porque tiene alguna dolencia en la espalda. Pero el instructor explica que es tan importante para curar lo f\u00edsico como lo mental, as\u00ed como mantenerse bien.<\/p>\n<p><i>S\u00edguenos en nuestro <b>canal de whatsapp<\/b> y no te pierdas la \u00faltima hora y toda la actualidad de antena3noticias.com<\/i><\/p>\n<div class=\"recirculation-video\" data-mod=\"a3mod_recirculation_video\">\n<div class=\"recirculation-video-wrapper\">\n<div>\n<div class=\"video-wrapper\">\n  <picture class=\"video-main-picture\"><source media=\"(min-width: 481px)\" srcset=\"https:\/\/fotografias.antena3.com\/clipping\/cmsimages01\/2024\/12\/15\/76E04BB1-CFA7-4D05-911C-F3E3B73D41E7\/asi-maraton-hielo-antartida-carrera-mas-fria-planeta_94.jpg?crop=853,480,x0,y0&amp;width=800&amp;height=450&amp;optimize=medium&amp;format=webply\" width=\"800\" height=\"450\"><source media=\"(min-width: 391px) and (max-width: 480px)\" srcset=\"https:\/\/fotografias.antena3.com\/clipping\/cmsimages01\/2024\/12\/15\/76E04BB1-CFA7-4D05-911C-F3E3B73D41E7\/asi-maraton-hielo-antartida-carrera-mas-fria-planeta_70.jpg?crop=853,480,x0,y0&amp;width=480&amp;height=270&amp;optimize=high&amp;format=webply\" width=\"480\" height=\"270\"><source media=\"(min-width: 321px) and (max-width: 390px)\" srcset=\"https:\/\/fotografias.antena3.com\/clipping\/cmsimages01\/2024\/12\/15\/76E04BB1-CFA7-4D05-911C-F3E3B73D41E7\/asi-maraton-hielo-antartida-carrera-mas-fria-planeta_92.jpg?crop=854,480,x0,y0&amp;width=390&amp;height=219&amp;optimize=high&amp;format=webply\" width=\"390\" height=\"219\"><source media=\"(max-width: 320px)\" srcset=\"https:\/\/fotografias.antena3.com\/clipping\/cmsimages01\/2024\/12\/15\/76E04BB1-CFA7-4D05-911C-F3E3B73D41E7\/asi-maraton-hielo-antartida-carrera-mas-fria-planeta_52.jpg?crop=853,480,x0,y0&amp;width=320&amp;height=180&amp;optimize=high&amp;format=webply\" width=\"320\" height=\"180\"><img decoding=\"async\" title=\"As\u00ed es la Marat\u00f3n de Hielo en la Ant\u00e1rtida, la carrera m\u00e1s fr\u00eda del planeta\" alt=\"As\u00ed es la Marat\u00f3n de Hielo en la Ant\u00e1rtida, la carrera m\u00e1s fr\u00eda del planeta\" width=\"480\" height=\"270\" src=\"https:\/\/fotografias.antena3.com\/clipping\/cmsimages01\/2024\/12\/15\/76E04BB1-CFA7-4D05-911C-F3E3B73D41E7\/asi-maraton-hielo-antartida-carrera-mas-fria-planeta_70.jpg?crop=853,480,x0,y0&amp;width=480&amp;height=270&amp;optimize=high&amp;format=webply\" loading=\"lazy\" class=\"lazy\"\/><br \/>\n  <\/source><\/source><\/source><\/source><\/picture>\n <\/div>\n<\/div><\/div>\n<\/p><\/div>\n<\/div>\n\n","protected":false},"excerpt":{"rendered":"<p>Jos\u00e9 Carnero encontr\u00f3 en el yoga la v\u00eda de escape a su trabajo como bombero. A pesar de que no ser un deporte que le hab\u00eda llamado la atenci\u00f3n en exceso anteriormente, cuando empez\u00f3 a practicarlo se dio cuenta de que era lo que necesitaba: \u00abCreo que era algo que estaba ah\u00ed para m\u00ed, est\u00e1 &hellip;<\/p>\n","protected":false},"author":1,"featured_media":6637,"comment_status":"open","ping_status":"open","sticky":false,"template":"","format":"standard","meta":{"fifu_image_url":"https:\/\/fotografias.antena3.com\/clipping\/cmsimages01\/2024\/12\/13\/2C393C83-92AB-473B-B90C-6E9AD40F8FCF\/jose-carnero-bombero-instructor-yoga_69.jpg?crop=1920,1080,x0,y0&width=1280&height=720&optimize=low&format=jpg","fifu_image_alt":"","footnotes":""},"categories":[6],"tags":[],"class_list":["post-6635","post","type-post","status-publish","format-standard","has-post-thumbnail","","category-deportes"],"_links":{"self":[{"href":"https:\/\/noticiasveraces.com\/index.php?rest_route=\/wp\/v2\/posts\/6635","targetHints":{"allow":["GET"]}}],"collection":[{"href":"https:\/\/noticiasveraces.com\/index.php?rest_route=\/wp\/v2\/posts"}],"about":[{"href":"https:\/\/noticiasveraces.com\/index.php?rest_route=\/wp\/v2\/types\/post"}],"author":[{"embeddable":true,"href":"https:\/\/noticiasveraces.com\/index.php?rest_route=\/wp\/v2\/users\/1"}],"replies":[{"embeddable":true,"href":"https:\/\/noticiasveraces.com\/index.php?rest_route=%2Fwp%2Fv2%2Fcomments&post=6635"}],"version-history":[{"count":0,"href":"https:\/\/noticiasveraces.com\/index.php?rest_route=\/wp\/v2\/posts\/6635\/revisions"}],"wp:featuredmedia":[{"embeddable":true,"href":"https:\/\/noticiasveraces.com\/index.php?rest_route=\/wp\/v2\/media\/6637"}],"wp:attachment":[{"href":"https:\/\/noticiasveraces.com\/index.php?rest_route=%2Fwp%2Fv2%2Fmedia&parent=6635"}],"wp:term":[{"taxonomy":"category","embeddable":true,"href":"https:\/\/noticiasveraces.com\/index.php?rest_route=%2Fwp%2Fv2%2Fcategories&post=6635"},{"taxonomy":"post_tag","embeddable":true,"href":"https:\/\/noticiasveraces.com\/index.php?rest_route=%2Fwp%2Fv2%2Ftags&post=6635"}],"curies":[{"name":"wp","href":"https:\/\/api.w.org\/{rel}","templated":true}]}}