{"id":6624,"date":"2024-12-16T05:23:31","date_gmt":"2024-12-16T09:23:31","guid":{"rendered":"https:\/\/noticiasveraces.com\/?p=6624"},"modified":"2024-12-16T05:23:31","modified_gmt":"2024-12-16T09:23:31","slug":"el-enviado-de-la-onu-pide-mas-ayuda-para-siria-en-su-visita-a-damasco","status":"publish","type":"post","link":"https:\/\/noticiasveraces.com\/?p=6624","title":{"rendered":"El enviado de la ONU pide m\u00e1s ayuda para Siria en su visita a Damasco"},"content":{"rendered":"<p> \n<\/p>\n<div>\n<p>Es necesario aumentar la ayuda humanitaria en Siria en medio de cambios \u201cinmensos\u201d que ofrecen esperanza a una naci\u00f3n que sale de una guerra de 13 a\u00f1os, declar\u00f3 este domingo el enviado especial del Secretario General de la ONU para Siria tras su llegada a la capital. , Damasco.<\/p>\n<p>Geir Pedersen se encuentra en el pa\u00eds una semana despu\u00e9s de que el presidente Bashar al-Assad fuera derrocado por las fuerzas rebeldes lideradas por el grupo islamista Hayat Tahrir al-Sham.<\/p>\n<p>Respondiendo a preguntas de la prensa a su llegada, Pedersen destac\u00f3 el \u201cinmenso\u201d cambio desde la ca\u00edda del r\u00e9gimen de Assad.<\/p>\n<p>\u201cEste cambio en s\u00ed mismo crea grandes esperanzas, pero todos sabemos que a\u00fan quedan muchos retos por delante. As\u00ed que tenemos que hacerlo bien desde el principio\u201d, dijo.<\/p>\n<p>Consider\u00f3 necesario poner en marcha <strong>un proceso pol\u00edtico que incluye a todos los sirios y que \u201cobviamente debe ser liderado por los propios sirios<\/strong>\u201d.<\/p>\n<h2>Servicios, orden p\u00fablico y seguridad<\/h2>\n<p>El segundo reto es garantizar el funcionamiento de las instituciones estatales, dijo, siendo \u201cextremadamente importantes\u201d la prestaci\u00f3n de servicios, el orden p\u00fablico y la seguridad.<\/p>\n<p>En cuanto a la crisis humanitaria, se\u00f1al\u00f3 que es necesario garantizar que Siria reciba \u201cinmediatamente m\u00e1s ayuda humanitaria\u201d para la poblaci\u00f3n y para todos los refugiados que quieran regresar.<\/p>\n<p>\u201cEsto es extremadamente importante\u201d, subray\u00f3.<\/p>\n<div class=\"context-un_news_full_width_credit_caption type-entermedia_image media media--type-entermedia-image media--view-mode-un-news-full-width-credit-caption\">\n<div class=\"field field--name-thumbnail field--type-image field--label-hidden field__item\"><img decoding=\"async\" src=\"https:\/\/global.unitednations.entermediadb.net\/assets\/mediadb\/services\/module\/asset\/downloads\/preset\/Libraries\/Production%20Library\/13-12-2024_Syria_Damascus_1.jpg\/image1170x530cropped.jpg\" alt=\"Miles de personas se congregaron el viernes en Damasco para celebrar la ca\u00edda del r\u00e9gimen de Assad.\" title=\"Miles de personas se congregaron el viernes en Damasco para celebrar la ca\u00edda del r\u00e9gimen de Assad.\" loading=\"lazy\" width=\"1170\" height=\"530\"\/>\n<\/div>\n<p>Miles de personas se congregaron el viernes en Damasco para celebrar la ca\u00edda del r\u00e9gimen de Assad.<\/p>\n<\/div>\n<h2>Acabar con la impunidad y reactivar la econom\u00eda<\/h2>\n<p>En cuanto a la cuesti\u00f3n de la recuperaci\u00f3n econ\u00f3mica, dijo que \u201ctenemos que asegurarnos de que se resuelva r\u00e1pidamente\u201d.<\/p>\n<p>\u201cEsperamos ver un r\u00e1pido fin de las sanciones, para que realmente podamos ver una uni\u00f3n en torno a la reconstrucci\u00f3n de Siria\u201d.<\/p>\n<p>Tambi\u00e9n fue necesario que se haga justicia. Dijo que los autores de cr\u00edmenes en todo el pa\u00eds deben rendir cuentas.<\/p>\n<p>\u201c<strong>Debemos asegurarnos de que esto ocurra a trav\u00e9s de un sistema de justicia cre\u00edble, y que no veamos ninguna venganza.<\/strong>\u201d, dijo Pedersen.<\/p>\n<\/div>\n\n","protected":false},"excerpt":{"rendered":"<p>Es necesario aumentar la ayuda humanitaria en Siria en medio de cambios \u201cinmensos\u201d que ofrecen esperanza a una naci\u00f3n que sale de una guerra de 13 a\u00f1os, declar\u00f3 este domingo el enviado especial del Secretario General de la ONU para Siria tras su llegada a la capital. , Damasco. Geir Pedersen se encuentra en el &hellip;<\/p>\n","protected":false},"author":1,"featured_media":6626,"comment_status":"open","ping_status":"open","sticky":false,"template":"","format":"standard","meta":{"fifu_image_url":"https:\/\/global.unitednations.entermediadb.net\/assets\/mediadb\/services\/module\/asset\/downloads\/preset\/Libraries\/Production%20Library\/15-12-2024-Special-Envoy-Syria.jpg\/image770x420cropped.jpg","fifu_image_alt":"","footnotes":""},"categories":[3],"tags":[],"class_list":["post-6624","post","type-post","status-publish","format-standard","has-post-thumbnail","","category-negocio"],"_links":{"self":[{"href":"https:\/\/noticiasveraces.com\/index.php?rest_route=\/wp\/v2\/posts\/6624","targetHints":{"allow":["GET"]}}],"collection":[{"href":"https:\/\/noticiasveraces.com\/index.php?rest_route=\/wp\/v2\/posts"}],"about":[{"href":"https:\/\/noticiasveraces.com\/index.php?rest_route=\/wp\/v2\/types\/post"}],"author":[{"embeddable":true,"href":"https:\/\/noticiasveraces.com\/index.php?rest_route=\/wp\/v2\/users\/1"}],"replies":[{"embeddable":true,"href":"https:\/\/noticiasveraces.com\/index.php?rest_route=%2Fwp%2Fv2%2Fcomments&post=6624"}],"version-history":[{"count":0,"href":"https:\/\/noticiasveraces.com\/index.php?rest_route=\/wp\/v2\/posts\/6624\/revisions"}],"wp:featuredmedia":[{"embeddable":true,"href":"https:\/\/noticiasveraces.com\/index.php?rest_route=\/wp\/v2\/media\/6626"}],"wp:attachment":[{"href":"https:\/\/noticiasveraces.com\/index.php?rest_route=%2Fwp%2Fv2%2Fmedia&parent=6624"}],"wp:term":[{"taxonomy":"category","embeddable":true,"href":"https:\/\/noticiasveraces.com\/index.php?rest_route=%2Fwp%2Fv2%2Fcategories&post=6624"},{"taxonomy":"post_tag","embeddable":true,"href":"https:\/\/noticiasveraces.com\/index.php?rest_route=%2Fwp%2Fv2%2Ftags&post=6624"}],"curies":[{"name":"wp","href":"https:\/\/api.w.org\/{rel}","templated":true}]}}