{"id":6609,"date":"2024-12-16T03:47:51","date_gmt":"2024-12-16T07:47:51","guid":{"rendered":"https:\/\/noticiasveraces.com\/?p=6609"},"modified":"2024-12-16T03:47:51","modified_gmt":"2024-12-16T07:47:51","slug":"principales-figuras-internacionales-que-fallecieron-en-2024","status":"publish","type":"post","link":"https:\/\/noticiasveraces.com\/?p=6609","title":{"rendered":"Principales figuras internacionales que fallecieron en 2024"},"content":{"rendered":"<p> \n<\/p>\n<div>\n<div class=\"featured featured-video video-ct\" data-v-543741ec=\"\">\n<div class=\"contain\" data-v-543741ec=\"\">\n<div class=\"info\" data-v-543741ec=\"\">\n<div class=\"caption\" data-v-543741ec=\"\">\n<h4 class=\"title\" data-v-543741ec=\"\">Los \u00faltimos momentos del l\u00edder de Hamas Sinwar capturados por un dron de las FDI<\/h4>\n<p data-v-543741ec=\"\">Im\u00e1genes de drones de las FDI capturan los momentos finales del m\u00e1ximo l\u00edder de Ham\u00e1s, Yahya Sinwar, en Gaza. Matt Finn de Fox News informa las \u00faltimas consecuencias de su muerte y el copresentador de &#8216;America&#8217;s Newsroom&#8217; Bill Hemmer analiza las escalofriantes im\u00e1genes.<\/p>\n<\/div>\n<\/div>\n<\/div>\n<\/div>\n<p class=\"speakable\">Numerosas figuras internacionales importantes murieron en 2024, desde el cr\u00edtico de Putin Alexei Navalny hasta los principales enemigos de Israel en Medio Oriente. <\/p>\n<p class=\"speakable\">Aqu\u00ed est\u00e1n cinco de los nombres m\u00e1s importantes que han perdido la vida este a\u00f1o: <\/p>\n<h2><strong>Alexei Navalny \u2013 16 de febrero <\/strong><\/h2>\n<p>Alexei Navalny, un feroz cr\u00edtico del presidente ruso Vladimir Putin, <u>Muri\u00f3 en una colonia penal en Siberia.<\/u> el 16 de febrero. Los funcionarios rusos en ese momento dijeron que Navalny inform\u00f3 que se sinti\u00f3 mal despu\u00e9s de una caminata antes de perder el conocimiento y morir.    <\/p>\n<p>Navalny estaba detenido en la colonia penal IK-3, tambi\u00e9n conocida como \u00abLobo Polar\u00bb, en Kharp, considerada una de las prisiones m\u00e1s duras del pa\u00eds. El hombre de 47 a\u00f1os cumpl\u00eda condena de prisi\u00f3n el <u>Los cargos, seg\u00fan \u00e9l, ten\u00edan motivaciones pol\u00edticas.<\/u> <\/p>\n<p><strong>RUSIA INDICA LA CAUSA DE LA MUERTE DE NAVALNY MIENTRAS LA VIUDA ALEGA ENCUBRIMIENTO &#8216;PAT\u00c9TICO&#8217;<\/strong><\/p>\n<div class=\"image-ct inline\">\n<div class=\"m\"><picture><source media=\"(max-width: 767px)\" srcset=\"https:\/\/a57.foxnews.com\/static.foxnews.com\/foxnews.com\/content\/uploads\/2024\/12\/343\/192\/alexei-navalny.jpg?ve=1&amp;tl=1, https:\/\/a57.foxnews.com\/static.foxnews.com\/foxnews.com\/content\/uploads\/2024\/12\/686\/384\/alexei-navalny.jpg?ve=1&amp;tl=1 2x\" height=\"192\" width=\"343\"><source media=\"(min-width: 768px) and (max-width: 1023px)\" srcset=\"https:\/\/a57.foxnews.com\/static.foxnews.com\/foxnews.com\/content\/uploads\/2024\/12\/672\/378\/alexei-navalny.jpg?ve=1&amp;tl=1, https:\/\/a57.foxnews.com\/static.foxnews.com\/foxnews.com\/content\/uploads\/2024\/12\/1344\/756\/alexei-navalny.jpg?ve=1&amp;tl=1 2x\" height=\"378\" width=\"672\"><source media=\"(min-width: 1024px) and (max-width: 1279px)\" srcset=\"https:\/\/a57.foxnews.com\/static.foxnews.com\/foxnews.com\/content\/uploads\/2024\/12\/931\/523\/alexei-navalny.jpg?ve=1&amp;tl=1, https:\/\/a57.foxnews.com\/static.foxnews.com\/foxnews.com\/content\/uploads\/2024\/12\/1862\/1046\/alexei-navalny.jpg?ve=1&amp;tl=1 2x\" height=\"523\" width=\"931\"><source media=\"(min-width: 1280px)\" srcset=\"https:\/\/a57.foxnews.com\/static.foxnews.com\/foxnews.com\/content\/uploads\/2024\/12\/720\/405\/alexei-navalny.jpg?ve=1&amp;tl=1, https:\/\/a57.foxnews.com\/static.foxnews.com\/foxnews.com\/content\/uploads\/2024\/12\/1440\/810\/alexei-navalny.jpg?ve=1&amp;tl=1 2x\" height=\"405\" width=\"720\"><img loading=\"lazy\" decoding=\"async\" src=\"https:\/\/a57.foxnews.com\/static.foxnews.com\/foxnews.com\/content\/uploads\/2024\/12\/1200\/675\/alexei-navalny.jpg?ve=1&amp;tl=1\" alt=\"Navalny asiste a un mitin en Mosc\u00fa\" width=\"1200\" height=\"675\"\/><\/source><\/source><\/source><\/source><\/picture><\/div>\n<div class=\"info\">\n<div class=\"caption\">\n<p><span>El l\u00edder de la oposici\u00f3n rusa Alexei Navalny asiste a una manifestaci\u00f3n en apoyo de los presos pol\u00edticos en Mosc\u00fa, Rusia, el 29 de septiembre de 2019.<\/span> <span>(Sefa Karacan\/Agencia Anadolu v\u00eda Getty Images)<\/span><\/p>\n<\/div>\n<\/div>\n<\/div>\n<p>Navalny fue v\u00edctima anteriormente de un presunto intento de asesinato en 2020, cuando sufri\u00f3 envenenamiento por un presunto agente nervioso Novichok. <\/p>\n<p>En agosto, la viuda de Navalny <u>rechazado en un informe<\/u> Los investigadores afirman que muri\u00f3 como resultado de un latido card\u00edaco irregular y una combinaci\u00f3n de enfermedades, y califican los hallazgos como un \u00abintento bastante pat\u00e9tico de ocultar lo que sucedi\u00f3: un asesinato\u00bb. <\/p>\n<h2><strong>Ebrahim Raisi \u2013 19 de mayo <\/strong><\/h2>\n<p>El presidente iran\u00ed, Ebrahim Raisi, el ministro de Asuntos Exteriores, Hossein Amir-Abdollahian, y otros funcionarios. <u>muri\u00f3 el 19 de mayo<\/u> despu\u00e9s de que su helic\u00f3ptero se estrellara en una regi\u00f3n monta\u00f1osa del pa\u00eds. <\/p>\n<p>Raisi, de 63 a\u00f1os <u>apodado el \u00abCarnicero de Teher\u00e1n\u00bb,<\/u> Anteriormente fue sancionado por la primera administraci\u00f3n Trump por su papel en la masacre de 5.000 prisioneros pol\u00edticos iran\u00edes en 1988 y por su papel en la masacre de 1.500 manifestantes iran\u00edes por parte del r\u00e9gimen clerical en 2019. <\/p>\n<div class=\"image-ct inline\">\n<div class=\"m\"><picture><source media=\"(max-width: 767px)\" srcset=\"https:\/\/a57.foxnews.com\/static.foxnews.com\/foxnews.com\/content\/uploads\/2022\/12\/343\/192\/2022-09-15T000000Z_1202317472_RC2LHW9965E7_RTRMADP_3_UZBEKISTAN-SCO-IRAN-RUSSIA-e1670687450947.jpg?ve=1&amp;tl=1, https:\/\/a57.foxnews.com\/static.foxnews.com\/foxnews.com\/content\/uploads\/2022\/12\/686\/384\/2022-09-15T000000Z_1202317472_RC2LHW9965E7_RTRMADP_3_UZBEKISTAN-SCO-IRAN-RUSSIA-e1670687450947.jpg?ve=1&amp;tl=1 2x\" height=\"192\" width=\"343\"><source media=\"(min-width: 768px) and (max-width: 1023px)\" srcset=\"https:\/\/a57.foxnews.com\/static.foxnews.com\/foxnews.com\/content\/uploads\/2022\/12\/672\/378\/2022-09-15T000000Z_1202317472_RC2LHW9965E7_RTRMADP_3_UZBEKISTAN-SCO-IRAN-RUSSIA-e1670687450947.jpg?ve=1&amp;tl=1, https:\/\/a57.foxnews.com\/static.foxnews.com\/foxnews.com\/content\/uploads\/2022\/12\/1344\/756\/2022-09-15T000000Z_1202317472_RC2LHW9965E7_RTRMADP_3_UZBEKISTAN-SCO-IRAN-RUSSIA-e1670687450947.jpg?ve=1&amp;tl=1 2x\" height=\"378\" width=\"672\"><source media=\"(min-width: 1024px) and (max-width: 1279px)\" srcset=\"https:\/\/a57.foxnews.com\/static.foxnews.com\/foxnews.com\/content\/uploads\/2022\/12\/931\/523\/2022-09-15T000000Z_1202317472_RC2LHW9965E7_RTRMADP_3_UZBEKISTAN-SCO-IRAN-RUSSIA-e1670687450947.jpg?ve=1&amp;tl=1, https:\/\/a57.foxnews.com\/static.foxnews.com\/foxnews.com\/content\/uploads\/2022\/12\/1862\/1046\/2022-09-15T000000Z_1202317472_RC2LHW9965E7_RTRMADP_3_UZBEKISTAN-SCO-IRAN-RUSSIA-e1670687450947.jpg?ve=1&amp;tl=1 2x\" height=\"523\" width=\"931\"><source media=\"(min-width: 1280px)\" srcset=\"https:\/\/a57.foxnews.com\/static.foxnews.com\/foxnews.com\/content\/uploads\/2022\/12\/720\/405\/2022-09-15T000000Z_1202317472_RC2LHW9965E7_RTRMADP_3_UZBEKISTAN-SCO-IRAN-RUSSIA-e1670687450947.jpg?ve=1&amp;tl=1, https:\/\/a57.foxnews.com\/static.foxnews.com\/foxnews.com\/content\/uploads\/2022\/12\/1440\/810\/2022-09-15T000000Z_1202317472_RC2LHW9965E7_RTRMADP_3_UZBEKISTAN-SCO-IRAN-RUSSIA-e1670687450947.jpg?ve=1&amp;tl=1 2x\" height=\"405\" width=\"720\"><img loading=\"lazy\" decoding=\"async\" src=\"https:\/\/a57.foxnews.com\/static.foxnews.com\/foxnews.com\/content\/uploads\/2022\/12\/1200\/675\/2022-09-15T000000Z_1202317472_RC2LHW9965E7_RTRMADP_3_UZBEKISTAN-SCO-IRAN-RUSSIA-e1670687450947.jpg?ve=1&amp;tl=1\" alt=\"Raisi y Putin\" width=\"1200\" height=\"675\"\/><\/source><\/source><\/source><\/source><\/picture><\/div>\n<div class=\"info\">\n<div class=\"caption\">\n<p><span>El presidente ruso, Vladimir Putin, le da la mano al presidente iran\u00ed, Ebrahim Raisi, durante una reuni\u00f3n al margen de la cumbre de la Organizaci\u00f3n de Cooperaci\u00f3n de Shanghai en Samarcanda, Uzbekist\u00e1n, en septiembre de 2022.<\/span> <span>(Sputnik\/Alexandr Demyanchuk\/Reuters)<\/span><\/p>\n<\/div>\n<\/div>\n<\/div>\n<p>Una investigaci\u00f3n oficial sobre el accidente del helic\u00f3ptero revel\u00f3 m\u00e1s tarde que fue causado por condiciones clim\u00e1ticas y atmosf\u00e9ricas desafiantes. <\/p>\n<h2><strong>Ismail Haniyeh \u2013 31 de julio <\/strong><\/h2>\n<p>Ismail Haniyeh, un hombre de 62 a\u00f1os que dirig\u00eda la oficina pol\u00edtica del grupo terrorista palestino Ham\u00e1s, fue <u>muerto por un ataque a\u00e9reo<\/u> en Teher\u00e1n el 31 de julio despu\u00e9s de asistir a la toma de posesi\u00f3n del nuevo presidente de Ir\u00e1n. <\/p>\n<p>Nadie se atribuy\u00f3 inmediatamente la autor\u00eda del ataque, pero <u>R\u00e1pidamente se culp\u00f3 a Israel<\/u> despu\u00e9s de prometer matar a Haniyeh y otros l\u00edderes de Ham\u00e1s por el ataque del grupo terrorista del 7 de octubre contra el Estado jud\u00edo. <\/p>\n<p><strong>UNA MIRADA AL PLAN DE HEZBOL\u00c1 PARA TERRORIZAR E INVADIR EL NORTE DE ISRAEL<\/strong><\/p>\n<div class=\"image-ct inline\">\n<div class=\"m\"><picture><source media=\"(max-width: 767px)\" srcset=\"https:\/\/a57.foxnews.com\/static.foxnews.com\/foxnews.com\/content\/uploads\/2024\/04\/343\/192\/Ismail-Haniyeh.jpg?ve=1&amp;tl=1, https:\/\/a57.foxnews.com\/static.foxnews.com\/foxnews.com\/content\/uploads\/2024\/04\/686\/384\/Ismail-Haniyeh.jpg?ve=1&amp;tl=1 2x\" height=\"192\" width=\"343\"><source media=\"(min-width: 768px) and (max-width: 1023px)\" srcset=\"https:\/\/a57.foxnews.com\/static.foxnews.com\/foxnews.com\/content\/uploads\/2024\/04\/672\/378\/Ismail-Haniyeh.jpg?ve=1&amp;tl=1, https:\/\/a57.foxnews.com\/static.foxnews.com\/foxnews.com\/content\/uploads\/2024\/04\/1344\/756\/Ismail-Haniyeh.jpg?ve=1&amp;tl=1 2x\" height=\"378\" width=\"672\"><source media=\"(min-width: 1024px) and (max-width: 1279px)\" srcset=\"https:\/\/a57.foxnews.com\/static.foxnews.com\/foxnews.com\/content\/uploads\/2024\/04\/931\/523\/Ismail-Haniyeh.jpg?ve=1&amp;tl=1, https:\/\/a57.foxnews.com\/static.foxnews.com\/foxnews.com\/content\/uploads\/2024\/04\/1862\/1046\/Ismail-Haniyeh.jpg?ve=1&amp;tl=1 2x\" height=\"523\" width=\"931\"><source media=\"(min-width: 1280px)\" srcset=\"https:\/\/a57.foxnews.com\/static.foxnews.com\/foxnews.com\/content\/uploads\/2024\/04\/720\/405\/Ismail-Haniyeh.jpg?ve=1&amp;tl=1, https:\/\/a57.foxnews.com\/static.foxnews.com\/foxnews.com\/content\/uploads\/2024\/04\/1440\/810\/Ismail-Haniyeh.jpg?ve=1&amp;tl=1 2x\" height=\"405\" width=\"720\"><img loading=\"lazy\" decoding=\"async\" src=\"https:\/\/a57.foxnews.com\/static.foxnews.com\/foxnews.com\/content\/uploads\/2024\/04\/1200\/675\/Ismail-Haniyeh.jpg?ve=1&amp;tl=1\" alt=\"Ismail Haniyeh habla en Ir\u00e1n\" width=\"1200\" height=\"675\"\/><\/source><\/source><\/source><\/source><\/picture><\/div>\n<div class=\"info\">\n<div class=\"caption\">\n<p><span>Ismail Haniyeh habla durante una conferencia de prensa en Teher\u00e1n, Ir\u00e1n, el 26 de marzo de 2024. <\/span> <span>(Majid Asgaripour\/Agencia de Noticias de Asia Occidental\/Reuters)<\/span><\/p>\n<\/div>\n<\/div>\n<\/div>\n<p>Haniyeh era <u>detenido por tropas israel\u00edes en 1989<\/u> para pertenecer a Ham\u00e1s y pas\u00f3 tres a\u00f1os en prisi\u00f3n. En 1992, fue deportado al L\u00edbano con un grupo de altos funcionarios y fundadores de Ham\u00e1s. Posteriormente regres\u00f3 a la Franja de Gaza tras los acuerdos de paz provisionales de 1993, firmados entre Israel y la Organizaci\u00f3n de Liberaci\u00f3n de Palestina. <\/p>\n<p>Desde 2018, Estados Unidos hab\u00eda designado a Haniyeh como terrorista, diciendo que estaba estrechamente vinculado al ala militar de Ham\u00e1s. <\/p>\n<h2><strong>Hassan Nasrallah \u2013 27 de septiembre<\/strong> <\/h2>\n<p><u>Hassan Nasrallah,<\/u> El l\u00edder del grupo terrorista liban\u00e9s Hezbollah, muri\u00f3 en un ataque a\u00e9reo israel\u00ed en Beirut el 27 de septiembre. <\/p>\n<p>El hombre de 64 a\u00f1os <u>estaba dentro de la sede central de Hezbollah.<\/u> <\/p>\n<div class=\"image-ct inline\">\n<div class=\"m\"><picture><source media=\"(max-width: 767px)\" srcset=\"https:\/\/a57.foxnews.com\/static.foxnews.com\/foxnews.com\/content\/uploads\/2024\/09\/343\/192\/IDF-Nasrallah.jpeg?ve=1&amp;tl=1, https:\/\/a57.foxnews.com\/static.foxnews.com\/foxnews.com\/content\/uploads\/2024\/09\/686\/384\/IDF-Nasrallah.jpeg?ve=1&amp;tl=1 2x\" height=\"192\" width=\"343\"><source media=\"(min-width: 768px) and (max-width: 1023px)\" srcset=\"https:\/\/a57.foxnews.com\/static.foxnews.com\/foxnews.com\/content\/uploads\/2024\/09\/672\/378\/IDF-Nasrallah.jpeg?ve=1&amp;tl=1, https:\/\/a57.foxnews.com\/static.foxnews.com\/foxnews.com\/content\/uploads\/2024\/09\/1344\/756\/IDF-Nasrallah.jpeg?ve=1&amp;tl=1 2x\" height=\"378\" width=\"672\"><source media=\"(min-width: 1024px) and (max-width: 1279px)\" srcset=\"https:\/\/a57.foxnews.com\/static.foxnews.com\/foxnews.com\/content\/uploads\/2024\/09\/931\/523\/IDF-Nasrallah.jpeg?ve=1&amp;tl=1, https:\/\/a57.foxnews.com\/static.foxnews.com\/foxnews.com\/content\/uploads\/2024\/09\/1862\/1046\/IDF-Nasrallah.jpeg?ve=1&amp;tl=1 2x\" height=\"523\" width=\"931\"><source media=\"(min-width: 1280px)\" srcset=\"https:\/\/a57.foxnews.com\/static.foxnews.com\/foxnews.com\/content\/uploads\/2024\/09\/720\/405\/IDF-Nasrallah.jpeg?ve=1&amp;tl=1, https:\/\/a57.foxnews.com\/static.foxnews.com\/foxnews.com\/content\/uploads\/2024\/09\/1440\/810\/IDF-Nasrallah.jpeg?ve=1&amp;tl=1 2x\" height=\"405\" width=\"720\"><img loading=\"lazy\" decoding=\"async\" src=\"https:\/\/a57.foxnews.com\/static.foxnews.com\/foxnews.com\/content\/uploads\/2024\/09\/1200\/675\/IDF-Nasrallah.jpeg?ve=1&amp;tl=1\" alt=\"Hassan Nasrallah\" width=\"1200\" height=\"675\"\/><\/source><\/source><\/source><\/source><\/picture><\/div>\n<div class=\"info\">\n<div class=\"caption\">\n<p><span>Una foto de perfil de las FDI que muestra al jefe terrorista de Hezbollah, Hassan Nasrallah, quien muri\u00f3 en un ataque a\u00e9reo en Beirut, L\u00edbano.<\/span> <span>(Unidad del Portavoz de las FDI)<\/span><\/p>\n<\/div>\n<\/div>\n<\/div>\n<p>Las FDI dijeron que Nasrallah fund\u00f3 Hezbollah en 1982 e \u00abinici\u00f3, planific\u00f3 y ejecut\u00f3 miles de ataques terroristas contra los ciudadanos de Israel, las comunidades jud\u00edas y personas de todo el mundo\u00bb. <\/p>\n<p>\u00abBajo su liderazgo, el L\u00edbano se convirti\u00f3 en una base armada con armas avanzadas de precisi\u00f3n de diversos alcances dirigidas a Israel y a toda la regi\u00f3n\u00bb, a\u00f1adi\u00f3. <\/p>\n<h2><strong>Yahya Sinwar \u2013 16 de octubre <\/strong><\/h2>\n<p>Yahya Sinwar muri\u00f3 el 16 de octubre durante una operaci\u00f3n militar israel\u00ed dentro de la Franja de Gaza. <\/p>\n<p>Se considera ampliamente que Sinwar, el l\u00edder de Ham\u00e1s, est\u00e1 detr\u00e1s de la masacre de civiles israel\u00edes llevada a cabo por miles de terroristas de Ham\u00e1s el 7 de octubre. <\/p>\n<div class=\"image-ct inline\">\n<div class=\"m\"><picture><source media=\"(max-width: 767px)\" srcset=\"https:\/\/a57.foxnews.com\/static.foxnews.com\/foxnews.com\/content\/uploads\/2024\/10\/343\/192\/sinwar-gaza-tunnel.jpg?ve=1&amp;tl=1, https:\/\/a57.foxnews.com\/static.foxnews.com\/foxnews.com\/content\/uploads\/2024\/10\/686\/384\/sinwar-gaza-tunnel.jpg?ve=1&amp;tl=1 2x\" height=\"192\" width=\"343\"><source media=\"(min-width: 768px) and (max-width: 1023px)\" srcset=\"https:\/\/a57.foxnews.com\/static.foxnews.com\/foxnews.com\/content\/uploads\/2024\/10\/672\/378\/sinwar-gaza-tunnel.jpg?ve=1&amp;tl=1, https:\/\/a57.foxnews.com\/static.foxnews.com\/foxnews.com\/content\/uploads\/2024\/10\/1344\/756\/sinwar-gaza-tunnel.jpg?ve=1&amp;tl=1 2x\" height=\"378\" width=\"672\"><source media=\"(min-width: 1024px) and (max-width: 1279px)\" srcset=\"https:\/\/a57.foxnews.com\/static.foxnews.com\/foxnews.com\/content\/uploads\/2024\/10\/931\/523\/sinwar-gaza-tunnel.jpg?ve=1&amp;tl=1, https:\/\/a57.foxnews.com\/static.foxnews.com\/foxnews.com\/content\/uploads\/2024\/10\/1862\/1046\/sinwar-gaza-tunnel.jpg?ve=1&amp;tl=1 2x\" height=\"523\" width=\"931\"><source media=\"(min-width: 1280px)\" srcset=\"https:\/\/a57.foxnews.com\/static.foxnews.com\/foxnews.com\/content\/uploads\/2024\/10\/720\/405\/sinwar-gaza-tunnel.jpg?ve=1&amp;tl=1, https:\/\/a57.foxnews.com\/static.foxnews.com\/foxnews.com\/content\/uploads\/2024\/10\/1440\/810\/sinwar-gaza-tunnel.jpg?ve=1&amp;tl=1 2x\" height=\"405\" width=\"720\"><img loading=\"lazy\" decoding=\"async\" src=\"https:\/\/a57.foxnews.com\/static.foxnews.com\/foxnews.com\/content\/uploads\/2024\/10\/1200\/675\/sinwar-gaza-tunnel.jpg?ve=1&amp;tl=1\" alt=\"Sinwar huye en Gaza\" width=\"1200\" height=\"675\"\/><\/source><\/source><\/source><\/source><\/picture><\/div>\n<div class=\"info\">\n<div class=\"caption\">\n<p><span>Seg\u00fan las FDI, se ve al l\u00edder de Hamas, Yahya Sinwar, huyendo hacia un t\u00fanel en Gaza en las horas previas al ataque del 7 de octubre contra Israel.<\/span> <span>(FDI)<\/span><\/p>\n<\/div>\n<\/div>\n<\/div>\n<p>El hombre de 61 a\u00f1os era <u>mencionado por Israel<\/u> como \u00abEl Carnicero de Khan Younis\u00bb por sus violentos y crueles m\u00e9todos de tortura contra sus enemigos, tanto israel\u00edes como palestinos. <\/p>\n<p>Las Fuerzas de Defensa de Israel hab\u00edan apuntado durante mucho tiempo a Sinwar, refiri\u00e9ndose a \u00e9l como un \u00abhombre muerto viviente\u00bb. Durante meses permaneci\u00f3 escondido en la Franja de Gaza durante la guerra de Israel contra Ham\u00e1s. <\/p>\n<p><strong><u>HAGA CLIC AQU\u00cd PARA OBTENER LA APLICACI\u00d3N FOX NEWS<\/u><\/strong> <\/p>\n<p>El primer ministro israel\u00ed, Benjam\u00edn Netanyahu, dijo Sinwar <u>\u00abHuy\u00f3 por miedo de nuestros soldados\u00bb<\/u> antes de ser asesinado. <\/p>\n<p><i>Landon Mion, Benjamin Weinthal, Morgan Phillips y The Associated Press de Fox News contribuyeron a este informe.<\/i> <\/p>\n<p> <!----> <\/p>\n<div class=\"article-meta\">\n<div class=\"author-bio\">\n<p>Greg Norman es reportero de Fox News Digital.<\/p>\n<\/div>\n<\/div>\n<\/div>\n\n","protected":false},"excerpt":{"rendered":"<p>Los \u00faltimos momentos del l\u00edder de Hamas Sinwar capturados por un dron de las FDI Im\u00e1genes de drones de las FDI capturan los momentos finales del m\u00e1ximo l\u00edder de Ham\u00e1s, Yahya Sinwar, en Gaza. Matt Finn de Fox News informa las \u00faltimas consecuencias de su muerte y el copresentador de &#8216;America&#8217;s Newsroom&#8217; Bill Hemmer analiza &hellip;<\/p>\n","protected":false},"author":1,"featured_media":6611,"comment_status":"open","ping_status":"open","sticky":false,"template":"","format":"standard","meta":{"fifu_image_url":"https:\/\/static.foxnews.com\/foxnews.com\/content\/uploads\/2023\/11\/Silwar.jpg","fifu_image_alt":"","footnotes":""},"categories":[13],"tags":[],"class_list":["post-6609","post","type-post","status-publish","format-standard","has-post-thumbnail","","category-mundo"],"_links":{"self":[{"href":"https:\/\/noticiasveraces.com\/index.php?rest_route=\/wp\/v2\/posts\/6609","targetHints":{"allow":["GET"]}}],"collection":[{"href":"https:\/\/noticiasveraces.com\/index.php?rest_route=\/wp\/v2\/posts"}],"about":[{"href":"https:\/\/noticiasveraces.com\/index.php?rest_route=\/wp\/v2\/types\/post"}],"author":[{"embeddable":true,"href":"https:\/\/noticiasveraces.com\/index.php?rest_route=\/wp\/v2\/users\/1"}],"replies":[{"embeddable":true,"href":"https:\/\/noticiasveraces.com\/index.php?rest_route=%2Fwp%2Fv2%2Fcomments&post=6609"}],"version-history":[{"count":0,"href":"https:\/\/noticiasveraces.com\/index.php?rest_route=\/wp\/v2\/posts\/6609\/revisions"}],"wp:featuredmedia":[{"embeddable":true,"href":"https:\/\/noticiasveraces.com\/index.php?rest_route=\/wp\/v2\/media\/6611"}],"wp:attachment":[{"href":"https:\/\/noticiasveraces.com\/index.php?rest_route=%2Fwp%2Fv2%2Fmedia&parent=6609"}],"wp:term":[{"taxonomy":"category","embeddable":true,"href":"https:\/\/noticiasveraces.com\/index.php?rest_route=%2Fwp%2Fv2%2Fcategories&post=6609"},{"taxonomy":"post_tag","embeddable":true,"href":"https:\/\/noticiasveraces.com\/index.php?rest_route=%2Fwp%2Fv2%2Ftags&post=6609"}],"curies":[{"name":"wp","href":"https:\/\/api.w.org\/{rel}","templated":true}]}}